{"id":18744,"date":"2018-07-31T12:03:26","date_gmt":"2018-07-31T16:03:26","guid":{"rendered":"http:\/\/blogdalucianaoliveira.com.br\/blog\/?p=18744"},"modified":"2018-07-31T12:03:26","modified_gmt":"2018-07-31T16:03:26","slug":"nota-de-repudio-a-desvalorizacao-profissional-dos-interpretes-de-libras","status":"publish","type":"post","link":"http:\/\/blogdalucianaoliveira.com.br\/blog\/2018\/07\/31\/nota-de-repudio-a-desvalorizacao-profissional-dos-interpretes-de-libras\/","title":{"rendered":"Nota de Rep\u00fadio \u00e0 desvaloriza\u00e7\u00e3o profissional dos interpretes de LIBRAS"},"content":{"rendered":"<p><img data-recalc-dims=\"1\" loading=\"lazy\" decoding=\"async\" data-attachment-id=\"18745\" data-permalink=\"http:\/\/blogdalucianaoliveira.com.br\/blog\/2018\/07\/31\/nota-de-repudio-a-desvalorizacao-profissional-dos-interpretes-de-libras\/b3ae10e0-abd2-4f14-bcd1-078a104a2e68\/\" data-orig-file=\"https:\/\/i0.wp.com\/blogdalucianaoliveira.com.br\/blog\/wp-content\/uploads\/2018\/07\/B3AE10E0-ABD2-4F14-BCD1-078A104A2E68.jpeg?fit=960%2C540\" data-orig-size=\"960,540\" data-comments-opened=\"0\" data-image-meta=\"{&quot;aperture&quot;:&quot;0&quot;,&quot;credit&quot;:&quot;&quot;,&quot;camera&quot;:&quot;&quot;,&quot;caption&quot;:&quot;&quot;,&quot;created_timestamp&quot;:&quot;0&quot;,&quot;copyright&quot;:&quot;&quot;,&quot;focal_length&quot;:&quot;0&quot;,&quot;iso&quot;:&quot;0&quot;,&quot;shutter_speed&quot;:&quot;0&quot;,&quot;title&quot;:&quot;&quot;,&quot;orientation&quot;:&quot;1&quot;}\" data-image-title=\"B3AE10E0-ABD2-4F14-BCD1-078A104A2E68\" data-image-description=\"\" data-image-caption=\"\" data-medium-file=\"https:\/\/i0.wp.com\/blogdalucianaoliveira.com.br\/blog\/wp-content\/uploads\/2018\/07\/B3AE10E0-ABD2-4F14-BCD1-078A104A2E68.jpeg?fit=300%2C169\" data-large-file=\"https:\/\/i0.wp.com\/blogdalucianaoliveira.com.br\/blog\/wp-content\/uploads\/2018\/07\/B3AE10E0-ABD2-4F14-BCD1-078A104A2E68.jpeg?fit=600%2C338\" src=\"https:\/\/i0.wp.com\/blogdalucianaoliveira.com.br\/blog\/wp-content\/uploads\/2018\/07\/B3AE10E0-ABD2-4F14-BCD1-078A104A2E68.jpeg?resize=600%2C338\" alt=\"B3AE10E0-ABD2-4F14-BCD1-078A104A2E68\" width=\"600\" height=\"338\" class=\"alignnone size-full wp-image-18745\" srcset=\"https:\/\/i0.wp.com\/blogdalucianaoliveira.com.br\/blog\/wp-content\/uploads\/2018\/07\/B3AE10E0-ABD2-4F14-BCD1-078A104A2E68.jpeg?w=960 960w, https:\/\/i0.wp.com\/blogdalucianaoliveira.com.br\/blog\/wp-content\/uploads\/2018\/07\/B3AE10E0-ABD2-4F14-BCD1-078A104A2E68.jpeg?resize=300%2C169 300w, https:\/\/i0.wp.com\/blogdalucianaoliveira.com.br\/blog\/wp-content\/uploads\/2018\/07\/B3AE10E0-ABD2-4F14-BCD1-078A104A2E68.jpeg?resize=768%2C432 768w, https:\/\/i0.wp.com\/blogdalucianaoliveira.com.br\/blog\/wp-content\/uploads\/2018\/07\/B3AE10E0-ABD2-4F14-BCD1-078A104A2E68.jpeg?resize=533%2C300 533w\" sizes=\"auto, (max-width: 600px) 100vw, 600px\" \/><\/p>\n<p>A Associa\u00e7\u00e3o de Professores, Parentes, Amigos e Interpretes dos Surdos de Rond\u00f4nia \u2013 APPIS em parceria com a Associa\u00e7\u00e3o dos Surdos de Porto Velho &#8211; ASPVH, vem por meio desta, manifestar seu total rep\u00fadio ao ato do Governo do Estado de Rond\u00f4nia e ao Campus Party, evento que acontecer\u00e1 na cidade de Porto Velho entre os dias 01 e 05 de agosto deste ano, como primeiro evento da regi\u00e3o norte evento esse reconhecido internacionalmente.<!--more--><\/p>\n<p>Pois para realiza\u00e7\u00e3o deste grandioso evento que necessita estar acess\u00edvel a todos as pessoas com defici\u00eancia \u2013 PCD de acordo com o decreto 5626 de 22 de dezembro de 2005 e Lei 10098 de 19 de dezembro de 2000, no entanto ao tentar atender os Surdos que por ventura estar\u00e3o no evento n\u00e3o demostraram o menor interesse para contratar interpretes de Libras devidamente habilitado.<\/p>\n<p>No \u00faltimo dia 30 de julho enviou a Universidade de Rond\u00f4nia um convite de voluntariado aos alunos do curso de Letras Libras aos quais respeitamos e acreditamos que logo estar\u00e3o totalmente preparados para atuarem nos mais diversos setores atuando como excelentes TILS, por\u00e9m para o momento lhes faltam experi\u00eancia e o principal que \u00e9 a flu\u00eancia na l\u00edngua e os organizadores ofereceram em troca do \u00e1rduo trabalho a ser executado somente acesso VIP em troca do atendimento no stand relacionado ao Governo do Estado.<\/p>\n<p>Tal a\u00e7\u00e3o desqualifica e desonra todos os profissionais interpretes e tradutores de L\u00edngua Brasileira de Sinais do Estado de Rond\u00f4nia aos quais demandam de v\u00e1rios anos de investimento para se qualificar al\u00e9m de horas de dedica\u00e7\u00e3o para poder com maestria proporcionar a comunica\u00e7\u00e3o Portugu\u00easxlibras e librasxportugu\u00eas.<\/p>\n<p>A profiss\u00e3o de interprete de Libras foi oficializada no dia 1\u00ba de setembro de 2010 atrav\u00e9s da LEI 12319 e tal profissional trabalha com refer\u00eancia em uma tabela devidamente homologada e reconhecida, n\u00e3o sendo pratica o trabalho volunt\u00e1rio para eventos oficiais e ou privados.<\/p>\n<p>Pedimos ao Governo do Estado de Rond\u00f4nia e principalmente a Organiza\u00e7\u00e3o do Campus Party que revejam sua postura de valoriza\u00e7\u00e3o profissional e atendimento legal as leis brasileiras no que se trata a acessibilidade para todos PCD\u2019s que estar\u00e3o ou n\u00e3o no evento.<\/p>\n<p>Na luta por reconhecimento profissional e pela inclus\u00e3o igualit\u00e1ria de todos, estamos juntos e somos um s\u00f3 corpo!<\/p>\n<p> William Sestito\u200b\u200b\u200b\u200b<br \/>\n Vice Presidente APPIS\u200b\u200b\u200b     <\/p>\n<p>Danilo Ramos da Rocha<br \/>\nPresidente ASPVH<\/p>\n","protected":false},"excerpt":{"rendered":"<p>A Associa\u00e7\u00e3o de Professores, Parentes, Amigos e Interpretes dos Surdos de Rond\u00f4nia \u2013 APPIS em parceria com a Associa\u00e7\u00e3o dos Surdos de Porto Velho &#8211; ASPVH, vem por meio desta, manifestar seu total rep\u00fadio ao ato do Governo do Estado de Rond\u00f4nia e ao Campus Party, evento que acontecer\u00e1 na cidade de Porto Velho entre&#8230;<a class=\"more-link\" href=\"http:\/\/blogdalucianaoliveira.com.br\/blog\/2018\/07\/31\/nota-de-repudio-a-desvalorizacao-profissional-dos-interpretes-de-libras\/\">Continue a leitura <span class=\"meta-nav\">&raquo;<\/span><\/a><\/p>\n","protected":false},"author":1,"featured_media":0,"comment_status":"closed","ping_status":"open","sticky":false,"template":"","format":"standard","meta":{"_exactmetrics_skip_tracking":false,"_exactmetrics_sitenote_active":false,"_exactmetrics_sitenote_note":"","_exactmetrics_sitenote_category":0,"jetpack_post_was_ever_published":false,"_jetpack_newsletter_access":"","_jetpack_dont_email_post_to_subs":false,"_jetpack_newsletter_tier_id":0,"_jetpack_memberships_contains_paywalled_content":false,"_jetpack_memberships_contains_paid_content":false,"footnotes":"","jetpack_publicize_message":"","jetpack_publicize_feature_enabled":true,"jetpack_social_post_already_shared":true,"jetpack_social_options":{"image_generator_settings":{"template":"highway","enabled":false},"version":2}},"categories":[1],"tags":[],"class_list":["post-18744","post","type-post","status-publish","format-standard","hentry","category-notas"],"jetpack_publicize_connections":[],"jetpack_sharing_enabled":true,"jetpack_featured_media_url":"","jetpack_shortlink":"https:\/\/wp.me\/p7wKYW-4Sk","jetpack-related-posts":[],"_links":{"self":[{"href":"http:\/\/blogdalucianaoliveira.com.br\/blog\/wp-json\/wp\/v2\/posts\/18744","targetHints":{"allow":["GET"]}}],"collection":[{"href":"http:\/\/blogdalucianaoliveira.com.br\/blog\/wp-json\/wp\/v2\/posts"}],"about":[{"href":"http:\/\/blogdalucianaoliveira.com.br\/blog\/wp-json\/wp\/v2\/types\/post"}],"author":[{"embeddable":true,"href":"http:\/\/blogdalucianaoliveira.com.br\/blog\/wp-json\/wp\/v2\/users\/1"}],"replies":[{"embeddable":true,"href":"http:\/\/blogdalucianaoliveira.com.br\/blog\/wp-json\/wp\/v2\/comments?post=18744"}],"version-history":[{"count":1,"href":"http:\/\/blogdalucianaoliveira.com.br\/blog\/wp-json\/wp\/v2\/posts\/18744\/revisions"}],"predecessor-version":[{"id":18746,"href":"http:\/\/blogdalucianaoliveira.com.br\/blog\/wp-json\/wp\/v2\/posts\/18744\/revisions\/18746"}],"wp:attachment":[{"href":"http:\/\/blogdalucianaoliveira.com.br\/blog\/wp-json\/wp\/v2\/media?parent=18744"}],"wp:term":[{"taxonomy":"category","embeddable":true,"href":"http:\/\/blogdalucianaoliveira.com.br\/blog\/wp-json\/wp\/v2\/categories?post=18744"},{"taxonomy":"post_tag","embeddable":true,"href":"http:\/\/blogdalucianaoliveira.com.br\/blog\/wp-json\/wp\/v2\/tags?post=18744"}],"curies":[{"name":"wp","href":"https:\/\/api.w.org\/{rel}","templated":true}]}}