{"id":18748,"date":"2018-07-31T16:04:46","date_gmt":"2018-07-31T20:04:46","guid":{"rendered":"http:\/\/blogdalucianaoliveira.com.br\/blog\/?p=18748"},"modified":"2018-07-31T16:04:46","modified_gmt":"2018-07-31T20:04:46","slug":"cpt-rondonia-em-relacao-as-mortes-em-nova-mamore-ro","status":"publish","type":"post","link":"http:\/\/blogdalucianaoliveira.com.br\/blog\/2018\/07\/31\/cpt-rondonia-em-relacao-as-mortes-em-nova-mamore-ro\/","title":{"rendered":"CPT: Rond\u00f4nia em rela\u00e7\u00e3o \u00e0s mortes em Nova Mamor\u00e9 (RO)"},"content":{"rendered":"<p><img data-recalc-dims=\"1\" loading=\"lazy\" decoding=\"async\" data-attachment-id=\"18749\" data-permalink=\"http:\/\/blogdalucianaoliveira.com.br\/blog\/2018\/07\/31\/cpt-rondonia-em-relacao-as-mortes-em-nova-mamore-ro\/d0b548f2-8186-4407-bf6b-53cc6dd71976\/\" data-orig-file=\"https:\/\/i0.wp.com\/blogdalucianaoliveira.com.br\/blog\/wp-content\/uploads\/2018\/07\/D0B548F2-8186-4407-BF6B-53CC6DD71976.jpeg?fit=960%2C577\" data-orig-size=\"960,577\" data-comments-opened=\"0\" data-image-meta=\"{&quot;aperture&quot;:&quot;0&quot;,&quot;credit&quot;:&quot;&quot;,&quot;camera&quot;:&quot;&quot;,&quot;caption&quot;:&quot;&quot;,&quot;created_timestamp&quot;:&quot;0&quot;,&quot;copyright&quot;:&quot;&quot;,&quot;focal_length&quot;:&quot;0&quot;,&quot;iso&quot;:&quot;0&quot;,&quot;shutter_speed&quot;:&quot;0&quot;,&quot;title&quot;:&quot;&quot;,&quot;orientation&quot;:&quot;0&quot;}\" data-image-title=\"D0B548F2-8186-4407-BF6B-53CC6DD71976\" data-image-description=\"\" data-image-caption=\"\" data-medium-file=\"https:\/\/i0.wp.com\/blogdalucianaoliveira.com.br\/blog\/wp-content\/uploads\/2018\/07\/D0B548F2-8186-4407-BF6B-53CC6DD71976.jpeg?fit=300%2C180\" data-large-file=\"https:\/\/i0.wp.com\/blogdalucianaoliveira.com.br\/blog\/wp-content\/uploads\/2018\/07\/D0B548F2-8186-4407-BF6B-53CC6DD71976.jpeg?fit=600%2C361\" src=\"https:\/\/i0.wp.com\/blogdalucianaoliveira.com.br\/blog\/wp-content\/uploads\/2018\/07\/D0B548F2-8186-4407-BF6B-53CC6DD71976.jpeg?resize=600%2C361\" alt=\"D0B548F2-8186-4407-BF6B-53CC6DD71976\" width=\"600\" height=\"361\" class=\"alignnone size-full wp-image-18749\" srcset=\"https:\/\/i0.wp.com\/blogdalucianaoliveira.com.br\/blog\/wp-content\/uploads\/2018\/07\/D0B548F2-8186-4407-BF6B-53CC6DD71976.jpeg?w=960 960w, https:\/\/i0.wp.com\/blogdalucianaoliveira.com.br\/blog\/wp-content\/uploads\/2018\/07\/D0B548F2-8186-4407-BF6B-53CC6DD71976.jpeg?resize=300%2C180 300w, https:\/\/i0.wp.com\/blogdalucianaoliveira.com.br\/blog\/wp-content\/uploads\/2018\/07\/D0B548F2-8186-4407-BF6B-53CC6DD71976.jpeg?resize=768%2C462 768w, https:\/\/i0.wp.com\/blogdalucianaoliveira.com.br\/blog\/wp-content\/uploads\/2018\/07\/D0B548F2-8186-4407-BF6B-53CC6DD71976.jpeg?resize=499%2C300 499w\" sizes=\"auto, (max-width: 600px) 100vw, 600px\" \/><\/p>\n<p>A Comiss\u00e3o Pastoral da Terra Regional Rond\u00f4nia repudia a a\u00e7\u00e3o violenta da Pol\u00edcia Militar de Guajar\u00e1-Mirim (RO), que resultou na morte de dois trabalhadores rurais e um ferido, al\u00e9m da morte de um policial do Grupo de Opera\u00e7\u00f5es Especiais (GOE).<!--more--><\/p>\n<p>Constatamos que a a\u00e7\u00e3o foi ilegal, pelo fato de que, seja qual for a origem de poss\u00edvel autoriza\u00e7\u00e3o da a\u00e7\u00e3o policial, esta n\u00e3o cumpriu nenhum dos requisitos legais de reintegra\u00e7\u00e3o de posse: n\u00e3o havia oficial de justi\u00e7a nem presen\u00e7a de setores de apoio (ambul\u00e2ncia, assist\u00eancia social, etc); aconteceu sem mandado judicial, no fim da tarde e os policiais chegaram sem an\u00fancio formal da a\u00e7\u00e3o, surpreendendo os trabalhadores acampados com tiros.<\/p>\n<p>A CPT, acompanhada da Comiss\u00e3o de Direitos Humanos da OAB\/RO, organizou visitas no local dos fatos (Distrito de Nova Dimens\u00e3o, regi\u00e3o de Nova Mamor\u00e9), acompanhados tamb\u00e9m por lideran\u00e7as locais e, a partir da escuta dos depoimentos dos trabalhadores, relatamos o seguinte:<\/p>\n<p>O conflito acontecido no dia 25 de julho na linha 29 deste distrito (KM 42) envolvendo 105 fam\u00edlias de um acampamento sem-terra em \u00e1rea p\u00fablica da Uni\u00e3o resultou na morte de dois trabalhadores sem-terra, TIAGO CAMPIN DOS SANTOS de 23 anos, que deixou a esposa gr\u00e1vida de oito meses; ADEMAR FERREIRA, 24 anos, que deixou esposa e dois filhos; resultou, ainda, na morte de um policial, JO\u00c3O BATISTA DA COSTA FILHO, em um sem-terra baleado que conseguiu fugir do local e foi socorrido e se encontra hospitalizado;<br \/>\nExistem vers\u00f5es diferentes da Pol\u00edcia Militar para o acontecido; a vers\u00e3o inicial fala de uma atua\u00e7\u00e3o por den\u00fancia de fogo e queimadas; a outra vers\u00e3o \u2013 na m\u00eddia \u2013 \u00e9 de que a Pol\u00edcia cumpria uma reintegra\u00e7\u00e3o de posse; estas vers\u00f5es precisam ser investigadas porque a desinforma\u00e7\u00e3o compromete a apura\u00e7\u00e3o dos fatos e promove a impunidade. Al\u00e9m disso, o Cel. da PM de Guajar\u00e1 Mirim relata em v\u00eddeo divulgado na imprensa que as pessoas assassinadas eram bandidos, quando na verdade sequer possuem passagem pela pol\u00edcia;<br \/>\nOs trabalhadores rurais est\u00e3o nessa regi\u00e3o (105 fam\u00edlias) h\u00e1 tr\u00eas anos com diversos eventos de viol\u00eancia e despejo (em abril de 2016 houve uma reintegra\u00e7\u00e3o de posse); todas estas situa\u00e7\u00f5es foram plenamente notificadas \u00e0s autoridades (INCRA, MP, governos, pol\u00edcias etc) sem a devida aten\u00e7\u00e3o e sem a tomada de provid\u00eancias que poderiam ter evitado o conflito e as mortes;<br \/>\nSegundo os camponeses esta \u00e1rea em disputa \u00e9 p\u00fablica da Uni\u00e3o Federal, grilada pelo Sr. Jorge Bispo, que tamb\u00e9m estaria envolvido com a extra\u00e7\u00e3o ilegal de madeira, e que mant\u00e9m uma forte presen\u00e7a de mil\u00edcias armadas no local;<br \/>\nos camponeses relatam que haviam acordos informais que garantiam a presen\u00e7a das fam\u00edlias na terra enquanto negociavam com o INCRA, mas estes acordos dependiam de dif\u00edceis rela\u00e7\u00f5es entre grileiro, serrarias e mil\u00edcias e eram abruptamente rompidos com eventos de persegui\u00e7\u00e3o e viol\u00eancia;<br \/>\nOs trabalhadores notificaram estas situa\u00e7\u00f5es para \u00f3rg\u00e3os de seguran\u00e7a e governo, inclusive os encaminhamentos de uma reuni\u00e3o na Comiss\u00e3o de Agricultura da Assembleia Legislativa, no in\u00edcio deste ano, em que todos os aspectos foram levantados e registrados demandando provid\u00eancias (existem documentos, protocolos, v\u00eddeos e fotos).<br \/>\nDiante desse epis\u00f3dio e tantos outros casos de assassinatos relacionados a conflitos agr\u00e1rios no estado, exigimos:<\/p>\n<p>Que o INCRA imediatamente indique local para estas fam\u00edlias, com cria\u00e7\u00e3o de condi\u00e7\u00f5es de moradia provis\u00f3ria e alimenta\u00e7\u00e3o, bem como informe sobre a situa\u00e7\u00e3o jur\u00eddica da \u00e1rea;<br \/>\nGarantia de vida e prote\u00e7\u00e3o para o trabalhador hospitalizado com pleno direito de defesa;<br \/>\nQue a SEDAM e \u00f3rg\u00e3os competentes intervenham na situa\u00e7\u00e3o de \u201cmanejo\u201d irregular na regi\u00e3o, bem como esclare\u00e7am publicamente sobre o envolvimento de servidores do \u00f3rg\u00e3o;<br \/>\nInvestiga\u00e7\u00e3o isenta e \u00e1gil de todas as mortes com pleno direito de defesa.<br \/>\nCPT Rond\u00f4nia<\/p>\n<p>Porto Velho (RO), 31 de julho de 2018<\/p>\n","protected":false},"excerpt":{"rendered":"<p>A Comiss\u00e3o Pastoral da Terra Regional Rond\u00f4nia repudia a a\u00e7\u00e3o violenta da Pol\u00edcia Militar de Guajar\u00e1-Mirim (RO), que resultou na morte de dois trabalhadores rurais e um ferido, al\u00e9m da morte de um policial do Grupo de Opera\u00e7\u00f5es Especiais (GOE).<\/p>\n","protected":false},"author":1,"featured_media":0,"comment_status":"closed","ping_status":"open","sticky":false,"template":"","format":"standard","meta":{"_exactmetrics_skip_tracking":false,"_exactmetrics_sitenote_active":false,"_exactmetrics_sitenote_note":"","_exactmetrics_sitenote_category":0,"jetpack_post_was_ever_published":false,"_jetpack_newsletter_access":"","_jetpack_dont_email_post_to_subs":false,"_jetpack_newsletter_tier_id":0,"_jetpack_memberships_contains_paywalled_content":false,"_jetpack_memberships_contains_paid_content":false,"footnotes":"","jetpack_publicize_message":"","jetpack_publicize_feature_enabled":true,"jetpack_social_post_already_shared":true,"jetpack_social_options":{"image_generator_settings":{"template":"highway","enabled":false},"version":2}},"categories":[1],"tags":[],"class_list":["post-18748","post","type-post","status-publish","format-standard","hentry","category-notas"],"jetpack_publicize_connections":[],"jetpack_sharing_enabled":true,"jetpack_featured_media_url":"","jetpack_shortlink":"https:\/\/wp.me\/p7wKYW-4So","jetpack-related-posts":[],"_links":{"self":[{"href":"http:\/\/blogdalucianaoliveira.com.br\/blog\/wp-json\/wp\/v2\/posts\/18748","targetHints":{"allow":["GET"]}}],"collection":[{"href":"http:\/\/blogdalucianaoliveira.com.br\/blog\/wp-json\/wp\/v2\/posts"}],"about":[{"href":"http:\/\/blogdalucianaoliveira.com.br\/blog\/wp-json\/wp\/v2\/types\/post"}],"author":[{"embeddable":true,"href":"http:\/\/blogdalucianaoliveira.com.br\/blog\/wp-json\/wp\/v2\/users\/1"}],"replies":[{"embeddable":true,"href":"http:\/\/blogdalucianaoliveira.com.br\/blog\/wp-json\/wp\/v2\/comments?post=18748"}],"version-history":[{"count":1,"href":"http:\/\/blogdalucianaoliveira.com.br\/blog\/wp-json\/wp\/v2\/posts\/18748\/revisions"}],"predecessor-version":[{"id":18750,"href":"http:\/\/blogdalucianaoliveira.com.br\/blog\/wp-json\/wp\/v2\/posts\/18748\/revisions\/18750"}],"wp:attachment":[{"href":"http:\/\/blogdalucianaoliveira.com.br\/blog\/wp-json\/wp\/v2\/media?parent=18748"}],"wp:term":[{"taxonomy":"category","embeddable":true,"href":"http:\/\/blogdalucianaoliveira.com.br\/blog\/wp-json\/wp\/v2\/categories?post=18748"},{"taxonomy":"post_tag","embeddable":true,"href":"http:\/\/blogdalucianaoliveira.com.br\/blog\/wp-json\/wp\/v2\/tags?post=18748"}],"curies":[{"name":"wp","href":"https:\/\/api.w.org\/{rel}","templated":true}]}}