{"id":18753,"date":"2018-08-02T08:59:20","date_gmt":"2018-08-02T12:59:20","guid":{"rendered":"http:\/\/blogdalucianaoliveira.com.br\/blog\/?p=18753"},"modified":"2018-08-02T08:59:20","modified_gmt":"2018-08-02T12:59:20","slug":"novos-nomes-velhas-praticas-conheca-os-partidos-que-mudaram-suas-siglas","status":"publish","type":"post","link":"http:\/\/blogdalucianaoliveira.com.br\/blog\/2018\/08\/02\/novos-nomes-velhas-praticas-conheca-os-partidos-que-mudaram-suas-siglas\/","title":{"rendered":"Novos nomes, velhas pr\u00e1ticas | conhe\u00e7a os partidos que mudaram suas siglas"},"content":{"rendered":"<p><img data-recalc-dims=\"1\" loading=\"lazy\" decoding=\"async\" data-attachment-id=\"18754\" data-permalink=\"http:\/\/blogdalucianaoliveira.com.br\/blog\/2018\/08\/02\/novos-nomes-velhas-praticas-conheca-os-partidos-que-mudaram-suas-siglas\/kkkk\/\" data-orig-file=\"https:\/\/i0.wp.com\/blogdalucianaoliveira.com.br\/blog\/wp-content\/uploads\/2018\/08\/kkkk.jpg?fit=640%2C426\" data-orig-size=\"640,426\" data-comments-opened=\"0\" data-image-meta=\"{&quot;aperture&quot;:&quot;0&quot;,&quot;credit&quot;:&quot;&quot;,&quot;camera&quot;:&quot;&quot;,&quot;caption&quot;:&quot;&quot;,&quot;created_timestamp&quot;:&quot;0&quot;,&quot;copyright&quot;:&quot;&quot;,&quot;focal_length&quot;:&quot;0&quot;,&quot;iso&quot;:&quot;0&quot;,&quot;shutter_speed&quot;:&quot;0&quot;,&quot;title&quot;:&quot;&quot;,&quot;orientation&quot;:&quot;0&quot;}\" data-image-title=\"kkkk\" data-image-description=\"\" data-image-caption=\"\" data-medium-file=\"https:\/\/i0.wp.com\/blogdalucianaoliveira.com.br\/blog\/wp-content\/uploads\/2018\/08\/kkkk.jpg?fit=300%2C200\" data-large-file=\"https:\/\/i0.wp.com\/blogdalucianaoliveira.com.br\/blog\/wp-content\/uploads\/2018\/08\/kkkk.jpg?fit=600%2C399\" class=\"alignnone size-full wp-image-18754\" src=\"https:\/\/i0.wp.com\/blogdalucianaoliveira.com.br\/blog\/wp-content\/uploads\/2018\/08\/kkkk.jpg?resize=600%2C399\" alt=\"kkkk\" width=\"600\" height=\"399\" srcset=\"https:\/\/i0.wp.com\/blogdalucianaoliveira.com.br\/blog\/wp-content\/uploads\/2018\/08\/kkkk.jpg?w=640 640w, https:\/\/i0.wp.com\/blogdalucianaoliveira.com.br\/blog\/wp-content\/uploads\/2018\/08\/kkkk.jpg?resize=300%2C200 300w, https:\/\/i0.wp.com\/blogdalucianaoliveira.com.br\/blog\/wp-content\/uploads\/2018\/08\/kkkk.jpg?resize=451%2C300 451w\" sizes=\"auto, (max-width: 600px) 100vw, 600px\" \/><\/p>\n<h2 class=\"description\">Partidos pol\u00edticos mudam os nomes diante da grave crise de representatividade que enfrentam atualmente<\/h2>\n<p><!--more--><\/p>\n<div class=\"details-bar\">\n<div class=\"author-time\">\n<address class=\"author\">Leonardo Fernandes<\/address>\n<div class=\"place-and-time\">\n<div class=\"place\">\n<p>Brasil de Fato | S\u00e3o Paulo (SP)<\/p>\n<p>A Alian\u00e7a Renovadora Nacional (Arena) foi um partido pol\u00edtico surgido em 1965 com o objetivo de dar sustenta\u00e7\u00e3o \u00e0 ditadura militar, instaurada a partir do golpe de estado do ano anterior. Poucos sabem, mas ele jamais desapareceu da cena pol\u00edtica nacional.<\/p>\n<p>Ap\u00f3s a redemocratiza\u00e7\u00e3o, em 1985, a sigla passou a se chamar Partido da Frente Liberal (PFL), que seguiu abrigando pol\u00edticos ligados aos setores que ocuparam o poder durante o regime de exce\u00e7\u00e3o. Em 2007, nova mudan\u00e7a: o partido passa a se chamar Democratas (DEM), agremia\u00e7\u00e3o do atual presidente da C\u00e2mara dos Deputados, Rodrigo Maia.<\/p>\n<p>O exemplo do DEM foi seguido mais recentemente por outros partidos, que decidiram dar nova roupagem \u00e0s legendas, diante da grave crise de representatividade que enfrentam. Exemplo disso foi o Partido do Movimento de Democr\u00e1tico Brasileiro (PMDB) que, depois de ter liderado o golpe de estado contra a presidenta Dilma Rousseff em 2016, retirou a letra \u2018p\u2019 do antigo nome, ficando apenas com a sigla MDB, a mesma que tinha durante a ditadura militar, quando foi a \u00fanica oposi\u00e7\u00e3o permitida pelo regime. A sigla deve lan\u00e7ar como candidato presidencial o ex-ministro da Fazenda do governo Temer, o economista e executivo do setor financeiro Henrique Meirelles.<\/p>\n<p>Outro caso curioso \u00e9 o atual Podemos, que pretende lan\u00e7ar o senador paranaense \u00c1lvaro Dias como candidato presidencial. O partido existe desde 1995 sob o nome de Partido Trabalhista Nacional (PTN), e em 2016 decidiu adotar a mesma nomenclatura de um partido espanhol progressista,\u00a0surgido dos protestos populares registrados no pa\u00eds europeu em 2011.<\/p>\n<p>Aqui no Brasil, o Podemos votou a favor da reforma trabalhista, que flexibilizou direitos hist\u00f3ricos dos trabalhadores, da Emenda Constitucional 95, que congelou o investimento p\u00fablico por 20 anos, pela interven\u00e7\u00e3o federal-militar no Rio de Janeiro, e se posiciona contr\u00e1rio \u00e0 taxa\u00e7\u00e3o de grandes fortunas.<\/p>\n<p>O pl\u00e1gio do Podemos chegou a ser comentado pelo deputado do partido espanhol, Rafael Mayoral, atrav\u00e9s de uma rede social. \u201cA verdade \u00e9 que n\u00f3s queremos dizer, muito claramente, que n\u00e3o tem nada a ver com a gente aqueles que defendem o Temer.(\u2026) Podemos est\u00e1 com os setores populares e na luta pelo resgate da democracia\u201d, disse o parlamentar espanhol.<\/p>\n<p>O Partido Trabalhista do Brasil (PTdoB), que tem uma bancada de apenas cinco deputados no Congresso Nacional, agora se chama Avante. O Partido Ecol\u00f3gico Nacional (PEN), com a mesma quantidade de parlamentares atualmente, mudou para Patriota. J\u00e1 o Partido Social Democrata Crist\u00e3o, fundado em 1995, agora \u00e9 simplesmente Democracia Crist\u00e3.<\/p>\n<p>Na opini\u00e3o de Ant\u00f4nio Augusto Queir\u00f3z, diretor de documenta\u00e7\u00e3o do Departamento Intersindical de Assessoria Parlamentar (Diap), a estrat\u00e9gia dos partidos desrespeita o eleitor que aspira por renova\u00e7\u00e3o do cen\u00e1rio pol\u00edtico.<\/p>\n<p>\u201cIsso apenas demonstra o desrespeito desses partidos para com os eleitores. Porque de um lado despreza a ideologia, a doutrina, a defesa de programa, de ideias, que \u00e9 o que deve ser o ponto central de qualquer partido, e busca tratar o partido como se fosse um produto comercial, a partir da propaganda, como se faz com uma marca de sabonete, tentar agregar eleitores a partir da\u00ed. E isso, do ponto de vista pol\u00edtico e da representa\u00e7\u00e3o pol\u00edtica, \u00e9 uma trag\u00e9dia. Porque se em um primeiro momento pode haver uma simpatia do eleitor, no momento seguinte vai se descobrir que se comprou gato por lebre\u201d, diz o diretor do Diap.<\/p>\n<p>Queir\u00f3s lembra que as recentes reformas do sistema eleitoral buscaram justamente criar as condi\u00e7\u00f5es para a manuten\u00e7\u00e3o dos pol\u00edticos j\u00e1 eleitos.<\/p>\n<p>\u201cDe fato, a mudan\u00e7a na legisla\u00e7\u00e3o eleitoral recentemente implementada sinaliza nessa dire\u00e7\u00e3o, ou seja, foram criadas as condi\u00e7\u00f5es para que n\u00e3o houvesse renova\u00e7\u00e3o efetiva. Se diminuiu o tempo de campanha, se vai dar prioridade no hor\u00e1rio eleitoral e nos recursos do fundo eleitoral para quem \u00e9 detentor de mandato. Portanto, dificulta enormemente a renova\u00e7\u00e3o\u201d.<\/p>\n<p>Em um v\u00eddeo que circula nas redes sociais, Creomar de Souza, professor da Universidade Cat\u00f3lica de Bras\u00edlia (UCB) explica a mudan\u00e7a de nomes dos partidos atrav\u00e9s de uma analogia com o cotidiano de muitos cidad\u00e3os.<\/p>\n<p>\u201cQuando pensamos no fen\u00f4meno recente que tem provocado que v\u00e1rios partidos pol\u00edticos brasileiros mudem de nome, n\u00f3s podemos fazer a seguinte analogia: o cidad\u00e3o comum, que somos voc\u00ea e eu, busca comprar um carro novo, ou seja, ele quer uma op\u00e7\u00e3o melhor do que a que ele possui. O vendedor do carro, que \u00e9 o partido pol\u00edtico, n\u00e3o consegue por incapacidade ou falta de vontade transformar os modelos que ele possuir em um modelo novo. O resultado fundamental dessa quest\u00e3o \u00e9 que os partidos hoje t\u00eam mudado o seu produto, fazendo uma maquiagem, uma nova pintura sobre o carro, e tentam convencer voc\u00ea, cidad\u00e3o comum, e eu, de que essa nova vers\u00e3o \u00e9 um produto novo. Sendo que o que temos \u00e9 a incapacidade dos partidos pol\u00edticos em proverem de fato novos nomes, novas perspectivas e olhares para o processo eleitoral que se aproxima\u201d.<\/p>\n<p>Para Queir\u00f3z, o eleitor que deseja a renova\u00e7\u00e3o a partir das elei\u00e7\u00f5es de 2018 dever\u00e1 ser estrat\u00e9gico e procurar conhecer bem os seus candidatos.<\/p>\n<p>\u201cAcho que \u00e9 preciso ter muita clareza de que essa estrat\u00e9gia est\u00e1 em curso, em primeiro lugar. Em segundo lugar, ocupar parte do seu tempo para acompanhar a trajet\u00f3ria dos parlamentares e seus partidos, aqueles que pertenceram a determinados governos ou que defenderam determinadas ideias, e conhecer a vida pregressa dos candidatos, para identificar aqueles que se constituem efetivamente em renova\u00e7\u00e3o ou renovar aqueles que tiveram uma atua\u00e7\u00e3o coerente.<\/p>\n<p>O Brasil \u00e9 um dos pa\u00edses com o maior n\u00famero de partidos pol\u00edticos de todo o mundo, com 36 legendas registradas junto \u00e0 Justi\u00e7a Eleitoral.<\/p>\n<p class=\"editor\">Edi\u00e7\u00e3o: Juca Guimar\u00e3es<\/p>\n<div class=\"content-footer\"><\/div>\n<\/div>\n<\/div>\n<\/div>\n<\/div>\n","protected":false},"excerpt":{"rendered":"<p>Partidos pol\u00edticos mudam os nomes diante da grave crise de representatividade que enfrentam atualmente<\/p>\n","protected":false},"author":1,"featured_media":0,"comment_status":"closed","ping_status":"open","sticky":false,"template":"","format":"standard","meta":{"_exactmetrics_skip_tracking":false,"_exactmetrics_sitenote_active":false,"_exactmetrics_sitenote_note":"","_exactmetrics_sitenote_category":0,"jetpack_post_was_ever_published":false,"_jetpack_newsletter_access":"","_jetpack_dont_email_post_to_subs":false,"_jetpack_newsletter_tier_id":0,"_jetpack_memberships_contains_paywalled_content":false,"_jetpack_memberships_contains_paid_content":false,"footnotes":"","jetpack_publicize_message":"","jetpack_publicize_feature_enabled":true,"jetpack_social_post_already_shared":true,"jetpack_social_options":{"image_generator_settings":{"template":"highway","enabled":false},"version":2}},"categories":[1],"tags":[],"class_list":["post-18753","post","type-post","status-publish","format-standard","hentry","category-notas"],"jetpack_publicize_connections":[],"jetpack_sharing_enabled":true,"jetpack_featured_media_url":"","jetpack_shortlink":"https:\/\/wp.me\/p7wKYW-4St","jetpack-related-posts":[],"_links":{"self":[{"href":"http:\/\/blogdalucianaoliveira.com.br\/blog\/wp-json\/wp\/v2\/posts\/18753","targetHints":{"allow":["GET"]}}],"collection":[{"href":"http:\/\/blogdalucianaoliveira.com.br\/blog\/wp-json\/wp\/v2\/posts"}],"about":[{"href":"http:\/\/blogdalucianaoliveira.com.br\/blog\/wp-json\/wp\/v2\/types\/post"}],"author":[{"embeddable":true,"href":"http:\/\/blogdalucianaoliveira.com.br\/blog\/wp-json\/wp\/v2\/users\/1"}],"replies":[{"embeddable":true,"href":"http:\/\/blogdalucianaoliveira.com.br\/blog\/wp-json\/wp\/v2\/comments?post=18753"}],"version-history":[{"count":1,"href":"http:\/\/blogdalucianaoliveira.com.br\/blog\/wp-json\/wp\/v2\/posts\/18753\/revisions"}],"predecessor-version":[{"id":18755,"href":"http:\/\/blogdalucianaoliveira.com.br\/blog\/wp-json\/wp\/v2\/posts\/18753\/revisions\/18755"}],"wp:attachment":[{"href":"http:\/\/blogdalucianaoliveira.com.br\/blog\/wp-json\/wp\/v2\/media?parent=18753"}],"wp:term":[{"taxonomy":"category","embeddable":true,"href":"http:\/\/blogdalucianaoliveira.com.br\/blog\/wp-json\/wp\/v2\/categories?post=18753"},{"taxonomy":"post_tag","embeddable":true,"href":"http:\/\/blogdalucianaoliveira.com.br\/blog\/wp-json\/wp\/v2\/tags?post=18753"}],"curies":[{"name":"wp","href":"https:\/\/api.w.org\/{rel}","templated":true}]}}