{"id":18759,"date":"2018-08-06T17:11:14","date_gmt":"2018-08-06T21:11:14","guid":{"rendered":"http:\/\/blogdalucianaoliveira.com.br\/blog\/?p=18759"},"modified":"2018-08-06T17:11:14","modified_gmt":"2018-08-06T21:11:14","slug":"um-olhar-sobre-o-mundo-analisa-a-intoxicacao-pela-informacao","status":"publish","type":"post","link":"http:\/\/blogdalucianaoliveira.com.br\/blog\/2018\/08\/06\/um-olhar-sobre-o-mundo-analisa-a-intoxicacao-pela-informacao\/","title":{"rendered":"Um olhar sobre o mundo analisa a intoxica\u00e7\u00e3o pela informa\u00e7\u00e3o"},"content":{"rendered":"<p><img data-recalc-dims=\"1\" loading=\"lazy\" decoding=\"async\" data-attachment-id=\"18760\" data-permalink=\"http:\/\/blogdalucianaoliveira.com.br\/blog\/2018\/08\/06\/um-olhar-sobre-o-mundo-analisa-a-intoxicacao-pela-informacao\/info\/\" data-orig-file=\"https:\/\/i0.wp.com\/blogdalucianaoliveira.com.br\/blog\/wp-content\/uploads\/2018\/08\/INFO.jpg?fit=340%2C148\" data-orig-size=\"340,148\" data-comments-opened=\"0\" data-image-meta=\"{&quot;aperture&quot;:&quot;0&quot;,&quot;credit&quot;:&quot;&quot;,&quot;camera&quot;:&quot;&quot;,&quot;caption&quot;:&quot;&quot;,&quot;created_timestamp&quot;:&quot;0&quot;,&quot;copyright&quot;:&quot;&quot;,&quot;focal_length&quot;:&quot;0&quot;,&quot;iso&quot;:&quot;0&quot;,&quot;shutter_speed&quot;:&quot;0&quot;,&quot;title&quot;:&quot;&quot;,&quot;orientation&quot;:&quot;0&quot;}\" data-image-title=\"INFO\" data-image-description=\"\" data-image-caption=\"\" data-medium-file=\"https:\/\/i0.wp.com\/blogdalucianaoliveira.com.br\/blog\/wp-content\/uploads\/2018\/08\/INFO.jpg?fit=300%2C131\" data-large-file=\"https:\/\/i0.wp.com\/blogdalucianaoliveira.com.br\/blog\/wp-content\/uploads\/2018\/08\/INFO.jpg?fit=340%2C148\" src=\"https:\/\/i0.wp.com\/blogdalucianaoliveira.com.br\/blog\/wp-content\/uploads\/2018\/08\/INFO.jpg?resize=340%2C148\" alt=\"INFO\" width=\"340\" height=\"148\" class=\"alignnone size-full wp-image-18760\" srcset=\"https:\/\/i0.wp.com\/blogdalucianaoliveira.com.br\/blog\/wp-content\/uploads\/2018\/08\/INFO.jpg?w=340 340w, https:\/\/i0.wp.com\/blogdalucianaoliveira.com.br\/blog\/wp-content\/uploads\/2018\/08\/INFO.jpg?resize=300%2C131 300w\" sizes=\"auto, (max-width: 340px) 100vw, 340px\" \/><\/p>\n<p>Da EBC &#8211; O jornalista Mois\u00e9s Rabinovici entrevista, no programa Um olhar sobre o mundo desta segunda-feira (6), o f\u00edsico catal\u00e3o Alfons Cornella, criador do neologismo infoxica\u00e7\u00e3o. A palavra sintetiza o excesso de informa\u00e7\u00e3o que atualmente envolve grande parte da sociedade mundial. Um olhar sobre o mundo vai ao ar hoje \u00e0s 21h45, na TV Brasil. Para Cornella, que vive em Barcelona (Espanha), a infoxica\u00e7\u00e3o decorre do bombardeio constante a que as pessoas est\u00e3o submetidas pelas novas plataformas como internet, Facebook, WhatsApp, Twitter e outras redes sociais, al\u00e9m das convencionais emissoras de r\u00e1dio, televis\u00e3o e jornais.<!--more--><\/p>\n<p>Segundo Cornella, ainda n\u00e3o se compreendeu exatamente as consequ\u00eancias dessa verdadeira epidemia que se abate sobre grande n\u00famero de pessoas porque o processo de conscientiza\u00e7\u00e3o desse fen\u00f4meno ainda est\u00e1 no in\u00edcio. \u201cEu diria que \u00e9 um dos temas que teremos que revolver nos pr\u00f3ximos anos. E \u00e9 melhor que resolvamos de alguma forma, porque, se n\u00e3o, a outra solu\u00e7\u00e3o \u00e9 deixar de estar informado, o que poderia ter piores consequ\u00eancias\u201d, diz no programa.<\/p>\n<p>O estudioso espanhol, que presta consultoria sobre esse tema na Europa para grandes empresas e centros de estudos, argumenta que, ante o atual quadro, existem duas esperan\u00e7as. \u201cUma \u00e9 aparecer uma tecnologia que nos permita controlar melhor essa quantidade de informa\u00e7\u00e3o que recebemos. De fato, uma das promessas da intelig\u00eancia artificial vai nessa dire\u00e7\u00e3o\u201d.<\/p>\n<p>A outra esperan\u00e7a, segundo Cornella, \u00e9 uma solu\u00e7\u00e3o psicol\u00f3gica que seria um esfor\u00e7o do pr\u00f3prio indiv\u00edduo para filtrar o imenso volume de informa\u00e7\u00e3o que chega a ele e assim desenvolver crit\u00e9rios para determinar rapidamente qual \u00e9 confi\u00e1vel e a qual delas dar import\u00e2ncia.<\/p>\n<p>\u201cO importante \u00e9 a pessoa determinar que fontes quer ter e quer ler. \u00c9 cada vez mais relevante ler menos e ler com mais profundidade.\u201d Segundo ele, de alguma forma, a pessoa percebe que est\u00e1 infoxicada. \u201c\u00c9 poss\u00edvel ver que se est\u00e1 infoxicado quando n\u00e3o se tem tempo de entender o que est\u00e1 lendo.\u201d<\/p>\n<p>Cornella afirma que uma das melhores maneiras de se imunizar contra a infoxica\u00e7\u00e3o \u00e9 diferenciar o ler do entender. Ele recomenda tamb\u00e9m que as pessoas determinem quais fontes desejam quando buscam por algum tema. Tamb\u00e9m sugere que a pessoa n\u00e3o se limite a ler apenas aquilo que est\u00e1 de acordo com o que ela j\u00e1 pensa, mas tamb\u00e9m esteja aberta a outras vers\u00f5es que contrastem com a ideologia de cada um.<\/p>\n<p>O italiano assinala que a humanidade est\u00e1 em um ponto de transforma\u00e7\u00e3o muito grande e que as pessoas agora t\u00eam que aprender como lidar com essa avalanche de informa\u00e7\u00f5es. \u201cDeterminar rapidamente que informa\u00e7\u00e3o \u00e9 confi\u00e1vel e que informa\u00e7\u00e3o n\u00e3o \u00e9. A qual delas temos que dedicar tempo e a qual n\u00e3o\u201d, explicou. Ele disse que uma das coisas que ajudam nessa sele\u00e7\u00e3o \u00e9 a pr\u00f3pria idade das pessoas. \u201cQuanto mais velho se fica, mais coisas se viu e mais se leu e, portanto, se tem mais crit\u00e9rio\u201d, argumenta.<\/p>\n<p>Sobre as fake news, o estudioso \u00e9 enf\u00e1tico. \u201cQuando a mentira n\u00e3o \u00e9 punida, a mentira \u00e9 considerada uma vers\u00e3o da informa\u00e7\u00e3o, quando, do ponto de vista moral e \u00e9tico, deveria ser totalmente conden\u00e1vel. Algu\u00e9m que mente deveria estar totalmente desqualificado. E n\u00e3o s\u00f3 desqualificado do ponto de vista pol\u00edtico, mas desqualificado do ponto de vista moral e \u00e9tico, deveria ser totalmente conden\u00e1vel. A pessoa que mente deveria ser apontada como inimiga da sociedade\u201d, afirmou.<\/p>\n<p>Programa<\/p>\n<p>Com 40 anos de experi\u00eancia, 16 dos quais vividos como correspondente internacional em v\u00e1rios pa\u00edses, o jornalista Mois\u00e9s Rabinovici \u00e9 o apresentador do programa Um olhar sobre o mundo, transmitido semanalmente \u00e0s segundas-feiras pela TV Brasil.<\/p>\n<p>Antes de comandar esta atra\u00e7\u00e3o da TV Brasil, Rabinovici trabalhou na imprensa escrita e em emissoras de r\u00e1dio. Para entrevistar seus convidados e tratar de in\u00fameros temas que s\u00e3o not\u00edcia, usa o conhecimento reunido em grandes coberturas internacionais, inclusive como rep\u00f3rter de guerra e analista de pol\u00edtica.<\/p>\n<p>Rabinovici, que em suas andan\u00e7as pelo mundo j\u00e1 entrevistou grandes l\u00edderes e personalidades de v\u00e1rios pa\u00edses, recebe toda segunda-feira, nos est\u00fadios da TV Brasil em S\u00e3o Paulo, especialistas, estudiosos e jornalistas para debater os principais acontecimentos do momento.<\/p>\n<p>Servi\u00e7o:<\/p>\n<p>Um olhar sobre o mundo \u2013 segunda-feira (06), \u00e0s 21h45, na TV Brasil<\/p>\n","protected":false},"excerpt":{"rendered":"<p>Da EBC &#8211; O jornalista Mois\u00e9s Rabinovici entrevista, no programa Um olhar sobre o mundo desta segunda-feira (6), o f\u00edsico catal\u00e3o Alfons Cornella, criador do neologismo infoxica\u00e7\u00e3o. A palavra sintetiza o excesso de informa\u00e7\u00e3o que atualmente envolve grande parte da sociedade mundial. Um olhar sobre o mundo vai ao ar hoje \u00e0s 21h45, na TV&#8230;<a class=\"more-link\" href=\"http:\/\/blogdalucianaoliveira.com.br\/blog\/2018\/08\/06\/um-olhar-sobre-o-mundo-analisa-a-intoxicacao-pela-informacao\/\">Continue a leitura <span class=\"meta-nav\">&raquo;<\/span><\/a><\/p>\n","protected":false},"author":1,"featured_media":0,"comment_status":"closed","ping_status":"open","sticky":false,"template":"","format":"standard","meta":{"_exactmetrics_skip_tracking":false,"_exactmetrics_sitenote_active":false,"_exactmetrics_sitenote_note":"","_exactmetrics_sitenote_category":0,"jetpack_post_was_ever_published":false,"_jetpack_newsletter_access":"","_jetpack_dont_email_post_to_subs":false,"_jetpack_newsletter_tier_id":0,"_jetpack_memberships_contains_paywalled_content":false,"_jetpack_memberships_contains_paid_content":false,"footnotes":"","jetpack_publicize_message":"","jetpack_publicize_feature_enabled":true,"jetpack_social_post_already_shared":true,"jetpack_social_options":{"image_generator_settings":{"template":"highway","enabled":false},"version":2}},"categories":[1],"tags":[],"class_list":["post-18759","post","type-post","status-publish","format-standard","hentry","category-notas"],"jetpack_publicize_connections":[],"jetpack_sharing_enabled":true,"jetpack_featured_media_url":"","jetpack_shortlink":"https:\/\/wp.me\/p7wKYW-4Sz","jetpack-related-posts":[],"_links":{"self":[{"href":"http:\/\/blogdalucianaoliveira.com.br\/blog\/wp-json\/wp\/v2\/posts\/18759","targetHints":{"allow":["GET"]}}],"collection":[{"href":"http:\/\/blogdalucianaoliveira.com.br\/blog\/wp-json\/wp\/v2\/posts"}],"about":[{"href":"http:\/\/blogdalucianaoliveira.com.br\/blog\/wp-json\/wp\/v2\/types\/post"}],"author":[{"embeddable":true,"href":"http:\/\/blogdalucianaoliveira.com.br\/blog\/wp-json\/wp\/v2\/users\/1"}],"replies":[{"embeddable":true,"href":"http:\/\/blogdalucianaoliveira.com.br\/blog\/wp-json\/wp\/v2\/comments?post=18759"}],"version-history":[{"count":1,"href":"http:\/\/blogdalucianaoliveira.com.br\/blog\/wp-json\/wp\/v2\/posts\/18759\/revisions"}],"predecessor-version":[{"id":18761,"href":"http:\/\/blogdalucianaoliveira.com.br\/blog\/wp-json\/wp\/v2\/posts\/18759\/revisions\/18761"}],"wp:attachment":[{"href":"http:\/\/blogdalucianaoliveira.com.br\/blog\/wp-json\/wp\/v2\/media?parent=18759"}],"wp:term":[{"taxonomy":"category","embeddable":true,"href":"http:\/\/blogdalucianaoliveira.com.br\/blog\/wp-json\/wp\/v2\/categories?post=18759"},{"taxonomy":"post_tag","embeddable":true,"href":"http:\/\/blogdalucianaoliveira.com.br\/blog\/wp-json\/wp\/v2\/tags?post=18759"}],"curies":[{"name":"wp","href":"https:\/\/api.w.org\/{rel}","templated":true}]}}