{"id":18762,"date":"2018-08-06T17:15:12","date_gmt":"2018-08-06T21:15:12","guid":{"rendered":"http:\/\/blogdalucianaoliveira.com.br\/blog\/?p=18762"},"modified":"2018-08-06T17:15:12","modified_gmt":"2018-08-06T21:15:12","slug":"apos-uma-semana-greve-de-fome-por-justica-no-stf-continua","status":"publish","type":"post","link":"http:\/\/blogdalucianaoliveira.com.br\/blog\/2018\/08\/06\/apos-uma-semana-greve-de-fome-por-justica-no-stf-continua\/","title":{"rendered":"Ap\u00f3s uma semana, greve de fome por justi\u00e7a no STF continua"},"content":{"rendered":"<p><img data-recalc-dims=\"1\" loading=\"lazy\" decoding=\"async\" data-attachment-id=\"18763\" data-permalink=\"http:\/\/blogdalucianaoliveira.com.br\/blog\/2018\/08\/06\/apos-uma-semana-greve-de-fome-por-justica-no-stf-continua\/gr-2\/\" data-orig-file=\"https:\/\/i0.wp.com\/blogdalucianaoliveira.com.br\/blog\/wp-content\/uploads\/2018\/08\/gr.jpg?fit=1000%2C357\" data-orig-size=\"1000,357\" data-comments-opened=\"0\" data-image-meta=\"{&quot;aperture&quot;:&quot;0&quot;,&quot;credit&quot;:&quot;&quot;,&quot;camera&quot;:&quot;&quot;,&quot;caption&quot;:&quot;&quot;,&quot;created_timestamp&quot;:&quot;0&quot;,&quot;copyright&quot;:&quot;&quot;,&quot;focal_length&quot;:&quot;0&quot;,&quot;iso&quot;:&quot;0&quot;,&quot;shutter_speed&quot;:&quot;0&quot;,&quot;title&quot;:&quot;&quot;,&quot;orientation&quot;:&quot;0&quot;}\" data-image-title=\"gr\" data-image-description=\"\" data-image-caption=\"\" data-medium-file=\"https:\/\/i0.wp.com\/blogdalucianaoliveira.com.br\/blog\/wp-content\/uploads\/2018\/08\/gr.jpg?fit=300%2C107\" data-large-file=\"https:\/\/i0.wp.com\/blogdalucianaoliveira.com.br\/blog\/wp-content\/uploads\/2018\/08\/gr.jpg?fit=600%2C214\" src=\"https:\/\/i0.wp.com\/blogdalucianaoliveira.com.br\/blog\/wp-content\/uploads\/2018\/08\/gr.jpg?resize=600%2C214\" alt=\"gr\" width=\"600\" height=\"214\" class=\"alignnone size-full wp-image-18763\" srcset=\"https:\/\/i0.wp.com\/blogdalucianaoliveira.com.br\/blog\/wp-content\/uploads\/2018\/08\/gr.jpg?w=1000 1000w, https:\/\/i0.wp.com\/blogdalucianaoliveira.com.br\/blog\/wp-content\/uploads\/2018\/08\/gr.jpg?resize=300%2C107 300w, https:\/\/i0.wp.com\/blogdalucianaoliveira.com.br\/blog\/wp-content\/uploads\/2018\/08\/gr.jpg?resize=768%2C274 768w, https:\/\/i0.wp.com\/blogdalucianaoliveira.com.br\/blog\/wp-content\/uploads\/2018\/08\/gr.jpg?resize=800%2C286 800w\" sizes=\"auto, (max-width: 600px) 100vw, 600px\" \/><\/p>\n<p>No Brasil De Fato &#8211; No \u00faltimo dia 31, um grupo de seis militantes do Movimento dos Trabalhadores Rurais Sem Terra (MST), Movimento dos Pequenos Agricultores (MPA) e da Central de Movimentos Populares (CMP) entrou numa greve de fome para pressionar o Supremo Tribunal Federal (STF) em rela\u00e7\u00e3o \u00e0 pris\u00e3o do pr\u00e9-candidato \u00e0 presid\u00eancia e preso pol\u00edtico Luiz In\u00e1cio Lula da Silva. De acordo com o grupo, a greve s\u00f3 acabar\u00e1 quando Lula for solto. <!--more--><\/p>\n<p>Jaime Amorim, Vilmar Pac\u00edfico e Zon\u00e1lia Santos, do Movimento dos Trabalhadores Rurais Sem Terra (MST), Rafaela Alves e o frei Sergio G\u00f6rgen, do Movimento dos Pequenos Agricultores (MPA), e Luiz Gonzaga Silva, o Geg\u00ea, da Central de Movimentos Populares (CMP), tem diversas hist\u00f3rias e motivos para estar em greve, mas, os principais objetivos da mobiliza\u00e7\u00e3o s\u00e3o denunciar a volta do Brasil ao Mapa da Fome, sendo uma das consequ\u00eancias do golpe de 2016 e dos v\u00e1rios cortes em pol\u00edticas sociais e tamb\u00e9m a den\u00fancia da manobra do poder judici\u00e1rio na decis\u00e3o de manter Lula preso, o que pode impedir que dispute \u00e0s elei\u00e7\u00f5es para a presid\u00eancia do Brasil. <\/p>\n<p>No primeiro dia, ap\u00f3s ler e protocolar o manifesto no STF, os grevistas foram expulsos do local de forma violenta, mas no dia seguinte os militantes voltaram \u00e0 sede do Tribunal para propagandear a greve. \u201cN\u00f3s vamos voltar ao STF at\u00e9 quando tivermos for\u00e7a f\u00edsica para isso. Quando n\u00e3o tivermos mais for\u00e7as outros companheiros estar\u00e3o acampados permanentemente na frente do STF para divulgar a greve de fome e fazer o debate com a sociedade\u201d, refor\u00e7ou Jaime Amorim, militante do MST-PE. <\/p>\n<p>Durante a semana, os militantes receberam visitas de apoio, como de Manuela d\u2019\u00c1vila (PCdoB-RS); Carlos Moura, da Confedera\u00e7\u00e3o Nacional dos Bispos do Brasil (CNBB); da Caravana Semi\u00e1rido Contra a Fome, que passou por sais estados denunciando o retorno da fome ao pa\u00eds, da Pastoral da Juventude Rural (PJR), do deputado federal Paulo Pimenta (PT) e de Gleisi Hoffmann, presidenta do Partido dos Trabalhadores (PT). No s\u00e1bado, durante uma missa na Catedral Metropolitana de Bras\u00edlia, muitas pessoas cumprimentaram e demonstraram solidariedade ao grupo. Al\u00e9m das visitas, sauda\u00e7\u00f5es foram enviadas pela internet de Evo Morales, presidente da Bol\u00edvia e da presidenta da Uni\u00e3o Nacional dos Estudantes (UNE) Marianna Dias. Al\u00e9m das visitas, uma equipe de sa\u00fade monitora diariamente os seis grevistas, fazendo avalia\u00e7\u00f5es m\u00e9dicas e tratamentos como acupuntura, alongamentos e sess\u00f5es de Reiki.<\/p>\n<p>Mesmo com sintomas causados pela priva\u00e7\u00e3o de alimentos, como fadiga, sono e dores musculares, o grupo continua firme e com o \u201cesp\u00edrito elevado\u201d, como enfatiza Rafaela Alves. \u201cO presente e o futuro das nossas gera\u00e7\u00f5es est\u00e1 muito amea\u00e7ado neste momento. N\u00e3o nos resta outro caminho sen\u00e3o lutar. A nossa juventude est\u00e1 em meio a este cen\u00e1rio. A juventude continua tendo um papel fundamental nos processos de transforma\u00e7\u00e3o. Eu tenho uma tarefa como jovem, mulher, nordestina, sertaneja e camponesa. Eu quero dar minha contribui\u00e7\u00e3o para mudar esses rumos\u201d.<\/p>\n<p>Nesse domingo (05), Jaime Amorim relatou como o governo Lula mudou as perspectivas para o povo nordestino. No artigo publicado no site do MST, ele mostra a mudan\u00e7a de vis\u00e3o do governo em rela\u00e7\u00e3o aos investimentos em ci\u00eancia, tecnologia e educa\u00e7\u00e3o na regi\u00e3o e tamb\u00e9m as pol\u00edticas para os camponeses e camponesas do semi\u00e1rido. O militante tamb\u00e9m tra\u00e7ou desafios para Lula em rela\u00e7\u00e3o \u00e0 pol\u00edtica agr\u00e1ria, caso ele seja eleito novamente \u201cA principal tarefa de Lula para o Nordeste, assim que for eleito novamente presidente do Brasil \u00e9 resolver o problema hist\u00f3rico da concentra\u00e7\u00e3o de terra e o poder do latif\u00fandio e das oligarquias regionais, que impedem o povo de exercer livremente a democracia e ter acesso \u00e0 terra para trabalhar e produzir alimentos para o seu sustento e para a popula\u00e7\u00e3o das cidades\u201d.<\/p>\n<p>Edi\u00e7\u00e3o: Catarina de Angola<\/p>\n","protected":false},"excerpt":{"rendered":"<p>No Brasil De Fato &#8211; No \u00faltimo dia 31, um grupo de seis militantes do Movimento dos Trabalhadores Rurais Sem Terra (MST), Movimento dos Pequenos Agricultores (MPA) e da Central de Movimentos Populares (CMP) entrou numa greve de fome para pressionar o Supremo Tribunal Federal (STF) em rela\u00e7\u00e3o \u00e0 pris\u00e3o do pr\u00e9-candidato \u00e0 presid\u00eancia e&#8230;<a class=\"more-link\" href=\"http:\/\/blogdalucianaoliveira.com.br\/blog\/2018\/08\/06\/apos-uma-semana-greve-de-fome-por-justica-no-stf-continua\/\">Continue a leitura <span class=\"meta-nav\">&raquo;<\/span><\/a><\/p>\n","protected":false},"author":1,"featured_media":0,"comment_status":"closed","ping_status":"open","sticky":false,"template":"","format":"standard","meta":{"_exactmetrics_skip_tracking":false,"_exactmetrics_sitenote_active":false,"_exactmetrics_sitenote_note":"","_exactmetrics_sitenote_category":0,"jetpack_post_was_ever_published":false,"_jetpack_newsletter_access":"","_jetpack_dont_email_post_to_subs":false,"_jetpack_newsletter_tier_id":0,"_jetpack_memberships_contains_paywalled_content":false,"_jetpack_memberships_contains_paid_content":false,"footnotes":"","jetpack_publicize_message":"","jetpack_publicize_feature_enabled":true,"jetpack_social_post_already_shared":true,"jetpack_social_options":{"image_generator_settings":{"template":"highway","enabled":false},"version":2}},"categories":[1],"tags":[],"class_list":["post-18762","post","type-post","status-publish","format-standard","hentry","category-notas"],"jetpack_publicize_connections":[],"jetpack_sharing_enabled":true,"jetpack_featured_media_url":"","jetpack_shortlink":"https:\/\/wp.me\/p7wKYW-4SC","jetpack-related-posts":[],"_links":{"self":[{"href":"http:\/\/blogdalucianaoliveira.com.br\/blog\/wp-json\/wp\/v2\/posts\/18762","targetHints":{"allow":["GET"]}}],"collection":[{"href":"http:\/\/blogdalucianaoliveira.com.br\/blog\/wp-json\/wp\/v2\/posts"}],"about":[{"href":"http:\/\/blogdalucianaoliveira.com.br\/blog\/wp-json\/wp\/v2\/types\/post"}],"author":[{"embeddable":true,"href":"http:\/\/blogdalucianaoliveira.com.br\/blog\/wp-json\/wp\/v2\/users\/1"}],"replies":[{"embeddable":true,"href":"http:\/\/blogdalucianaoliveira.com.br\/blog\/wp-json\/wp\/v2\/comments?post=18762"}],"version-history":[{"count":1,"href":"http:\/\/blogdalucianaoliveira.com.br\/blog\/wp-json\/wp\/v2\/posts\/18762\/revisions"}],"predecessor-version":[{"id":18764,"href":"http:\/\/blogdalucianaoliveira.com.br\/blog\/wp-json\/wp\/v2\/posts\/18762\/revisions\/18764"}],"wp:attachment":[{"href":"http:\/\/blogdalucianaoliveira.com.br\/blog\/wp-json\/wp\/v2\/media?parent=18762"}],"wp:term":[{"taxonomy":"category","embeddable":true,"href":"http:\/\/blogdalucianaoliveira.com.br\/blog\/wp-json\/wp\/v2\/categories?post=18762"},{"taxonomy":"post_tag","embeddable":true,"href":"http:\/\/blogdalucianaoliveira.com.br\/blog\/wp-json\/wp\/v2\/tags?post=18762"}],"curies":[{"name":"wp","href":"https:\/\/api.w.org\/{rel}","templated":true}]}}