{"id":18768,"date":"2018-08-07T10:37:18","date_gmt":"2018-08-07T14:37:18","guid":{"rendered":"http:\/\/blogdalucianaoliveira.com.br\/blog\/?p=18768"},"modified":"2018-08-07T10:37:18","modified_gmt":"2018-08-07T14:37:18","slug":"mpf-divulga-lista-de-contas-excluidas-pelo-facebook-por-promover-a-desinformacao","status":"publish","type":"post","link":"http:\/\/blogdalucianaoliveira.com.br\/blog\/2018\/08\/07\/mpf-divulga-lista-de-contas-excluidas-pelo-facebook-por-promover-a-desinformacao\/","title":{"rendered":"MPF divulga lista de contas exclu\u00eddas pelo Facebook por &#8216;promover a desinforma\u00e7\u00e3o&#8217;"},"content":{"rendered":"<p><img data-recalc-dims=\"1\" loading=\"lazy\" decoding=\"async\" data-attachment-id=\"18769\" data-permalink=\"http:\/\/blogdalucianaoliveira.com.br\/blog\/2018\/08\/07\/mpf-divulga-lista-de-contas-excluidas-pelo-facebook-por-promover-a-desinformacao\/des-3\/\" data-orig-file=\"https:\/\/i0.wp.com\/blogdalucianaoliveira.com.br\/blog\/wp-content\/uploads\/2018\/08\/des.jpg?fit=820%2C492\" data-orig-size=\"820,492\" data-comments-opened=\"0\" data-image-meta=\"{&quot;aperture&quot;:&quot;0&quot;,&quot;credit&quot;:&quot;&quot;,&quot;camera&quot;:&quot;&quot;,&quot;caption&quot;:&quot;&quot;,&quot;created_timestamp&quot;:&quot;0&quot;,&quot;copyright&quot;:&quot;&quot;,&quot;focal_length&quot;:&quot;0&quot;,&quot;iso&quot;:&quot;0&quot;,&quot;shutter_speed&quot;:&quot;0&quot;,&quot;title&quot;:&quot;&quot;,&quot;orientation&quot;:&quot;0&quot;}\" data-image-title=\"des\" data-image-description=\"\" data-image-caption=\"\" data-medium-file=\"https:\/\/i0.wp.com\/blogdalucianaoliveira.com.br\/blog\/wp-content\/uploads\/2018\/08\/des.jpg?fit=300%2C180\" data-large-file=\"https:\/\/i0.wp.com\/blogdalucianaoliveira.com.br\/blog\/wp-content\/uploads\/2018\/08\/des.jpg?fit=600%2C360\" src=\"https:\/\/i0.wp.com\/blogdalucianaoliveira.com.br\/blog\/wp-content\/uploads\/2018\/08\/des.jpg?resize=600%2C360\" alt=\"des\" width=\"600\" height=\"360\" class=\"alignnone size-full wp-image-18769\" srcset=\"https:\/\/i0.wp.com\/blogdalucianaoliveira.com.br\/blog\/wp-content\/uploads\/2018\/08\/des.jpg?w=820 820w, https:\/\/i0.wp.com\/blogdalucianaoliveira.com.br\/blog\/wp-content\/uploads\/2018\/08\/des.jpg?resize=300%2C180 300w, https:\/\/i0.wp.com\/blogdalucianaoliveira.com.br\/blog\/wp-content\/uploads\/2018\/08\/des.jpg?resize=768%2C461 768w, https:\/\/i0.wp.com\/blogdalucianaoliveira.com.br\/blog\/wp-content\/uploads\/2018\/08\/des.jpg?resize=500%2C300 500w\" sizes=\"auto, (max-width: 600px) 100vw, 600px\" \/><br \/>\nProcurador da Rep\u00fablica investiga rede de usu\u00e1rios desde setembro de 2017<\/p>\n<p>Em.com.br, por Rodrigo Melo &#8211; O Minist\u00e9rio P\u00fablico Federal (MPF) de Goi\u00e1s divulgou, nesta segunda-feira, a lista de p\u00e1ginas e perfis exclu\u00eddos pelo Facebook no \u00faltimo dia 25 de julho. A rela\u00e7\u00e3o foi pedida pelo procurador da Rep\u00fablica Ailton Benedito. Entre as contas retiradas pela plataforma, est\u00e3o usu\u00e1rios ligados ao Movimento Brasil Livre (MBL).<!--more--><\/p>\n<p>De acordo com o MPF, o procurador investiga o Facebook desde setembro de 2017 por \u201csupostos atos de censura e bloqueio\u201d de usu\u00e1rios brasileiros. Ao todo, foram retirados 196 p\u00e1ginas e 87 perfis (veja aqui a lista).<\/p>\n<p>\u201cPelo grande interesse da sociedade nos fatos em apura\u00e7\u00e3o, o MPF d\u00e1 publicidade e transpar\u00eancia \u00e0s investiga\u00e7\u00f5es e \u00e0 lista recebida do Facebook\u201d, publicou o procurador.<\/p>\n<p>A plataforma alega que, ap\u00f3s investiga\u00e7\u00e3o, constatou que \u201cas p\u00e1ginas e contas faziam parte de uma rede coordenada que se ocultava com o uso de contas falsas.\u201d<\/p>\n<p>Na resposta ao MPF, o Facebook acrescentou que as p\u00e1ginas e perfis pessoais trabalhavam para gerenciar ou perpetuar e enganar as pessoas, gerando desinforma\u00e7\u00e3o.\u201d<\/p>\n<p>Na lista est\u00e3o p\u00e1ginas ligadas a ou que usam nomes de grupos pol\u00edticos, como as do MBL de cidades do interior de S\u00e3o Paulo (Caraguatatuba, Jacare\u00ed, S\u00e3o Jos\u00e9 dos Campos e Taubat\u00e9), outras como Juventude Democratas, Instituto Liberal, DEM Mulher e Associa\u00e7\u00e3o Politizada (essas de Joinville, Santa Catarina) e ainda as que levam o nome de Jair Bolsonaro, candidato do PSL \u00e0 presid\u00eancia da Rep\u00fablica.<\/p>\n<p>H\u00e1 tamb\u00e9m contas que usam identifica\u00e7\u00f5es simulando nomes de ve\u00edculos de imprensa como G1- Portal de Not\u00edcias, CBM News e Portal Sa\u00fade.<\/p>\n<p>Uma das p\u00e1ginas que sa\u00edram do ar tinha o nome de &#8220;Jornalivre&#8221;, e tinha 128 mil seguidores. De acordo com postagens identificadas pela reportagem, os integrantes do MBL n\u00e3o escondiam que essa p\u00e1gina era ligada ao grupo.<\/p>\n<p>Nas publica\u00e7\u00f5es, a p\u00e1gina &#8220;Jornalivre&#8221; atacava pol\u00edticos e personalidades e usava manchetes e textos sensacionalistas e com uma grande quantidade de adjetivos para convencer os internautas das afirma\u00e7\u00f5es que fazia.<\/p>\n<p>O l\u00edder do MBL e pr\u00e9-candidato a deputado federal pelo DEM, Kim Kataguiri, admitiu que apenas uma das p\u00e1ginas retiradas do ar pelo Facebook nesta quarta-feira, Brasil 200, \u00e9 ligada ao MBL. Ele negou as acusa\u00e7\u00f5es de fake news e disse que vai entrar na Justi\u00e7a.<\/p>\n<p>&#8220;Tinha uma que era, sim, ligada \u00e0 gente, que \u00e9 a Brasil 200. Mas a do Di\u00e1rio Nacional e do Jornal Livre n\u00e3o, s\u00e3o parceiros nossos&#8221;, disse Kim, ap\u00f3s participar na plateia do F\u00f3rum Reconstru\u00e7\u00e3o Brasil, promovido pelo grupo Estado.<\/p>\n","protected":false},"excerpt":{"rendered":"<p>Procurador da Rep\u00fablica investiga rede de usu\u00e1rios desde setembro de 2017 Em.com.br, por Rodrigo Melo &#8211; O Minist\u00e9rio P\u00fablico Federal (MPF) de Goi\u00e1s divulgou, nesta segunda-feira, a lista de p\u00e1ginas e perfis exclu\u00eddos pelo Facebook no \u00faltimo dia 25 de julho. A rela\u00e7\u00e3o foi pedida pelo procurador da Rep\u00fablica Ailton Benedito. Entre as contas retiradas&#8230;<a class=\"more-link\" href=\"http:\/\/blogdalucianaoliveira.com.br\/blog\/2018\/08\/07\/mpf-divulga-lista-de-contas-excluidas-pelo-facebook-por-promover-a-desinformacao\/\">Continue a leitura <span class=\"meta-nav\">&raquo;<\/span><\/a><\/p>\n","protected":false},"author":1,"featured_media":0,"comment_status":"closed","ping_status":"open","sticky":false,"template":"","format":"standard","meta":{"_exactmetrics_skip_tracking":false,"_exactmetrics_sitenote_active":false,"_exactmetrics_sitenote_note":"","_exactmetrics_sitenote_category":0,"jetpack_post_was_ever_published":false,"_jetpack_newsletter_access":"","_jetpack_dont_email_post_to_subs":false,"_jetpack_newsletter_tier_id":0,"_jetpack_memberships_contains_paywalled_content":false,"_jetpack_memberships_contains_paid_content":false,"footnotes":"","jetpack_publicize_message":"","jetpack_publicize_feature_enabled":true,"jetpack_social_post_already_shared":true,"jetpack_social_options":{"image_generator_settings":{"template":"highway","enabled":false},"version":2}},"categories":[1],"tags":[],"class_list":["post-18768","post","type-post","status-publish","format-standard","hentry","category-notas"],"jetpack_publicize_connections":[],"jetpack_sharing_enabled":true,"jetpack_featured_media_url":"","jetpack_shortlink":"https:\/\/wp.me\/p7wKYW-4SI","jetpack-related-posts":[],"_links":{"self":[{"href":"http:\/\/blogdalucianaoliveira.com.br\/blog\/wp-json\/wp\/v2\/posts\/18768","targetHints":{"allow":["GET"]}}],"collection":[{"href":"http:\/\/blogdalucianaoliveira.com.br\/blog\/wp-json\/wp\/v2\/posts"}],"about":[{"href":"http:\/\/blogdalucianaoliveira.com.br\/blog\/wp-json\/wp\/v2\/types\/post"}],"author":[{"embeddable":true,"href":"http:\/\/blogdalucianaoliveira.com.br\/blog\/wp-json\/wp\/v2\/users\/1"}],"replies":[{"embeddable":true,"href":"http:\/\/blogdalucianaoliveira.com.br\/blog\/wp-json\/wp\/v2\/comments?post=18768"}],"version-history":[{"count":1,"href":"http:\/\/blogdalucianaoliveira.com.br\/blog\/wp-json\/wp\/v2\/posts\/18768\/revisions"}],"predecessor-version":[{"id":18770,"href":"http:\/\/blogdalucianaoliveira.com.br\/blog\/wp-json\/wp\/v2\/posts\/18768\/revisions\/18770"}],"wp:attachment":[{"href":"http:\/\/blogdalucianaoliveira.com.br\/blog\/wp-json\/wp\/v2\/media?parent=18768"}],"wp:term":[{"taxonomy":"category","embeddable":true,"href":"http:\/\/blogdalucianaoliveira.com.br\/blog\/wp-json\/wp\/v2\/categories?post=18768"},{"taxonomy":"post_tag","embeddable":true,"href":"http:\/\/blogdalucianaoliveira.com.br\/blog\/wp-json\/wp\/v2\/tags?post=18768"}],"curies":[{"name":"wp","href":"https:\/\/api.w.org\/{rel}","templated":true}]}}