{"id":18771,"date":"2018-08-07T10:49:43","date_gmt":"2018-08-07T14:49:43","guid":{"rendered":"http:\/\/blogdalucianaoliveira.com.br\/blog\/?p=18771"},"modified":"2018-08-07T10:49:43","modified_gmt":"2018-08-07T14:49:43","slug":"no-aniversario-da-lei-maria-da-penha-5-feminicidios-nas-ultimas-48h","status":"publish","type":"post","link":"http:\/\/blogdalucianaoliveira.com.br\/blog\/2018\/08\/07\/no-aniversario-da-lei-maria-da-penha-5-feminicidios-nas-ultimas-48h\/","title":{"rendered":"No anivers\u00e1rio da lei Maria da Penha, 5 feminic\u00eddios nas \u00faltimas 48h"},"content":{"rendered":"<p><img data-recalc-dims=\"1\" loading=\"lazy\" decoding=\"async\" data-attachment-id=\"18772\" data-permalink=\"http:\/\/blogdalucianaoliveira.com.br\/blog\/2018\/08\/07\/no-aniversario-da-lei-maria-da-penha-5-feminicidios-nas-ultimas-48h\/brasilia-df-07012018-violencia-contra-mulher-local-fot\/\" data-orig-file=\"https:\/\/i0.wp.com\/blogdalucianaoliveira.com.br\/blog\/wp-content\/uploads\/2018\/08\/Violencia-contra-mulher-3.jpg?fit=840%2C560\" data-orig-size=\"840,560\" data-comments-opened=\"0\" data-image-meta=\"{&quot;aperture&quot;:&quot;4.5&quot;,&quot;credit&quot;:&quot;HUGO_BARRETO&quot;,&quot;camera&quot;:&quot;NIKON D750&quot;,&quot;caption&quot;:&quot;&quot;,&quot;created_timestamp&quot;:&quot;1515335289&quot;,&quot;copyright&quot;:&quot;HUGO_BARRETO&quot;,&quot;focal_length&quot;:&quot;35&quot;,&quot;iso&quot;:&quot;400&quot;,&quot;shutter_speed&quot;:&quot;0.005&quot;,&quot;title&quot;:&quot;Bras\\u00edlia (DF), 07\\\/01\\\/2018  Violencia contra mulher  Local:  Fot&quot;,&quot;orientation&quot;:&quot;1&quot;}\" data-image-title=\"Bras\u00edlia (DF), 07\/01\/2018  Violencia contra mulher  Local:  Fot\" data-image-description=\"\" data-image-caption=\"\" data-medium-file=\"https:\/\/i0.wp.com\/blogdalucianaoliveira.com.br\/blog\/wp-content\/uploads\/2018\/08\/Violencia-contra-mulher-3.jpg?fit=300%2C200\" data-large-file=\"https:\/\/i0.wp.com\/blogdalucianaoliveira.com.br\/blog\/wp-content\/uploads\/2018\/08\/Violencia-contra-mulher-3.jpg?fit=600%2C400\" class=\"alignnone size-full wp-image-18772\" src=\"https:\/\/i0.wp.com\/blogdalucianaoliveira.com.br\/blog\/wp-content\/uploads\/2018\/08\/Violencia-contra-mulher-3.jpg?resize=600%2C400\" alt=\"Bras\u00edlia (DF), 07\/01\/2018 Violencia contra mulher Local: Fot\" width=\"600\" height=\"400\" srcset=\"https:\/\/i0.wp.com\/blogdalucianaoliveira.com.br\/blog\/wp-content\/uploads\/2018\/08\/Violencia-contra-mulher-3.jpg?w=840 840w, https:\/\/i0.wp.com\/blogdalucianaoliveira.com.br\/blog\/wp-content\/uploads\/2018\/08\/Violencia-contra-mulher-3.jpg?resize=300%2C200 300w, https:\/\/i0.wp.com\/blogdalucianaoliveira.com.br\/blog\/wp-content\/uploads\/2018\/08\/Violencia-contra-mulher-3.jpg?resize=768%2C512 768w, https:\/\/i0.wp.com\/blogdalucianaoliveira.com.br\/blog\/wp-content\/uploads\/2018\/08\/Violencia-contra-mulher-3.jpg?resize=450%2C300 450w\" sizes=\"auto, (max-width: 600px) 100vw, 600px\" \/><\/p>\n<p>Casos foram registrados no DF, PE, SC e RJ. Enquanto norma completa 12 anos nesta ter\u00e7a (7\/8), aumento de pena para agressor trava na C\u00e2mara<!--more--><\/p>\n<p>No Metr\u00f3pole &#8211; Criada para coibir a viol\u00eancia dom\u00e9stica e familiar contra a mulher, a Lei Maria da Penha (11.340\/2006) completa 12 anos nesta ter\u00e7a-feira (7\/8). A necessidade da legisla\u00e7\u00e3o e maior prote\u00e7\u00e3o \u00e9 urgente com casos de feminic\u00eddio que\u00a0chocam o pa\u00eds e estampam as manchetes nesta semana.<\/p>\n<p>No anivers\u00e1rio da san\u00e7\u00e3o da norma, nesta ter\u00e7a (7),\u00a0<a href=\"https:\/\/www.metropoles.com\/distrito-federal\/policial-militar-mata-ex-mulher-e-tira-a-propria-vida-no-df\" target=\"_blank\">um policial militar matou a mulher e tirou a pr\u00f3pria vida no Riacho Fundo II<\/a>. Segundo informa\u00e7\u00f5es da PMDF,\u00a0Epaminondas Silva Santos, 51 anos, lotado no 8\u00ba Batalh\u00e3o,\u00a0assassinou a companheira, Adriana Castro Rosa Santos, 40, por volta das 10h.<\/p>\n<blockquote><p>Na noite de segunda-feira (6), uma mulher morreu ap\u00f3s cair do terceiro andar de um pr\u00e9dio residencial da 415 Sul, em Bras\u00edlia.\u00a0<a href=\"https:\/\/www.metropoles.com\/distrito-federal\/mulher-morta-ao-cair-da-janela-ja-havia-denunciado-marido-por-agressao\" target=\"_blank\">O marido dela foi preso e \u00e9 apontado como suspeito de t\u00ea-la jogado do apartamento<\/a>. Um dia antes, no domingo (5), o taxista Edilson Janu\u00e1rio de Souto executou a tiros a mulher, Mar\u00edlia Jane de Sousa Silva, ap\u00f3s uma discuss\u00e3o do casal.\u00a0Depois de matar a companheira, estacionou o carro dela dentro do terreno, fechou o port\u00e3o e saiu.<\/p><\/blockquote>\n<p>Ainda no DF, uma funcion\u00e1ria do Minist\u00e9rio dos Direitos Humanos foi morta pelo ex-marido em 14 de julho. Segundo a Pol\u00edcia Civil do DF,\u00a0<a href=\"https:\/\/www.metropoles.com\/distrito-federal\/seguranca-df\/funcionaria-do-ministerio-dos-direitos-humanos-e-morta-por-ex-marido\" target=\"_blank\">Jana\u00edna Rom\u00e3o L\u00facio foi assassinada com cinco facadas<\/a>, no peito e nas costas, por Steffanno Jesus Souza de Amorim, 21 anos. Ele confessou o crime est\u00e1 detido.<\/p>\n<p>Os casos se ampliam e multiplicam em outros estados. No Rio de Janeiro, por exemplo, a Pol\u00edcia Civil cumpre, nesta ter\u00e7a (7), mandados de pris\u00e3o contra acusados de viol\u00eancia dom\u00e9stica e sexual contra mulheres. Esta a\u00e7\u00e3o envolve as 14 delegacias de Atendimento \u00e0 Mulher do estado e j\u00e1 resultou na deten\u00e7\u00e3o de 27 pessoas.<\/p>\n<p>No Rio, uma gr\u00e1vida foi assassinada no Complexo do Alem\u00e3o na manh\u00e3 de segunda-feira (6). Segundo a Pol\u00edcia Militar, o maior suspeito \u00e9 o marido. Os militares foram chamados para prender o homem e socorrer a mulher, mas foram impedidos por criminosos armados, que atacaram os policiais. Posteriormente, o suspeito se entregou \u00e0 Pol\u00edcia.<\/p>\n<div class=\"relatedposts\">\n<p>Em Jaragu\u00e1 do Sul (SC), a pol\u00edcia local encontrou o\u00a0<a href=\"https:\/\/www.metropoles.com\/brasil\/gravida-de-3-meses-e-encontrada-morta-enrolada-em-cobertor\" target=\"_blank\">corpo de uma mulher, que estava gr\u00e1vida de tr\u00eas meses, enrolado em um cobertor dentro do carro do marido<\/a>. Segundo a pol\u00edcia, a suspeita \u00e9 de que Andreia Campos Ara\u00fajo tenha sido morta pelo pr\u00f3prio esposo, Marcelo Kroin, com um golpe na cabe\u00e7a ap\u00f3s a discuss\u00e3o.<\/p>\n<p>Outra ocorr\u00eancia que chocou o pa\u00eds ocorreu em 22 de julho em Guarapuava (PR). A pol\u00edcia do estado do Paran\u00e1 acredita que a advogada Tatiane Spitzner tenha sido jogada da sacada pelo marido Luis Felipe Manvalier.\u00a0<a href=\"https:\/\/www.metropoles.com\/brasil\/marido-e-denunciado-por-feminicidio-em-morte-de-advogada-no-parana\" target=\"_blank\">Luis Felipe foi preso e denunciado<\/a>. Veja abaixo um dos v\u00eddeos da agress\u00e3o na garagem e elevador do pr\u00e9dio.<\/p>\n<p>Tamb\u00e9m na segunda-feira (6), uma pastora evang\u00e9lica de 43 anos foi assassinada a tiros no bairro do Ispep, na Zona Sul do Recife. O autor do crime, ex-companheiro da v\u00edtima, foi preso em flagrante.<\/p>\n<p><iframe loading=\"lazy\" src=\"https:\/\/www.youtube.com\/embed\/_IbqaFNN4U4\" width=\"560\" height=\"315\" frameborder=\"0\" allowfullscreen=\"allowfullscreen\"><\/iframe><\/p>\n<p><strong>Quinta maior taxa de feminic\u00eddio do mundo<br \/>\n<\/strong>Dados da Organiza\u00e7\u00e3o Mundial da Sa\u00fade (OMS) apontam que a taxa de feminic\u00eddio no Brasil \u00e9 a quinta maior do mundo. S\u00e3o 4,8 assassinatos a cada 100 mil mulheres.\u00a0Os feminic\u00eddios \u2013 assassinatos de mulheres provocados pelo fato de serem mulheres \u2013 integram a legisla\u00e7\u00e3o brasileira desde 2015 (Lei 13.104\/15). Uma mudan\u00e7a no C\u00f3digo Penal (Decreto-Lei 2.848\/40) passou a considerar o feminic\u00eddio como circunst\u00e2ncia qualificadora do crime de homic\u00eddio.<\/p>\n<p>Uma proposta (<a href=\"http:\/\/www.camara.gov.br\/proposicoesWeb\/fichadetramitacao?idProposicao=473072\" target=\"_blank\">PL 7118\/10<\/a>), j\u00e1 aprovada pela Comiss\u00e3o de Constitui\u00e7\u00e3o e Justi\u00e7a (CCJ) da C\u00e2mara, quer ampliar a puni\u00e7\u00e3o do agressores nos casos em que a v\u00edtima esteja sob prote\u00e7\u00e3o da Lei Maria da Penha (Lei 11.340\/06). As medidas estipulam o afastamento do lar, a suspens\u00e3o de posse de arma, proibi\u00e7\u00e3o de se aproximar da v\u00edtima e de testemunhas da agress\u00e3o e restri\u00e7\u00e3o de visita aos filhos.<\/p>\n<p>A PL prev\u00ea se, depois de agredir a mulher, o homem assassin\u00e1-la enquanto\u00a0houver medidas protetivas em vigor, ele poder\u00e1 ter a pena do feminic\u00eddio aumentada em at\u00e9 50 por cento.<\/p>\n<p><strong>N\u00fameros assustadores<br \/>\n<\/strong>Em 2017, segundo dados compilados pela\u00a0<a href=\"https:\/\/agenciapatriciagalvao.org.br\/category\/violencia\/feminicidio\/\" target=\"_blank\">Ag\u00eancia Patr\u00edcia Galv\u00e3o<\/a>\u00a0\u2013 organiza\u00e7\u00e3o refer\u00eancia nos campos dos direitos das mulheres \u2013, foram\u00a0computados\u00a04.473 homic\u00eddios dolosos de mulheres. Isso significa que h\u00e1 um assassinato de uma pessoa do sexo feminino a cada duas horas no Brasil.<\/p>\n<p>O n\u00famero, por\u00e9m, pode ser maior, uma vez que h\u00e1 falta de padroniza\u00e7\u00e3o e registros, embara\u00e7ando o monitoramento de feminic\u00eddios no pa\u00eds. O estado recordista de homic\u00eddios contra mulheres \u00e9 o Rio Grande do Norte, com 8,4 a cada 100 mil mulheres. J\u00e1 o Mato Grosso tem a maior taxa de feminic\u00eddio: 4,6 a cada 100 mil.<\/p>\n<div id=\"attachment_651254\" class=\"wp-caption alignnone\">\n<div class=\"bloco-leg size-full wp-image-651254\"><span class=\"leg\">DANIEL FERREIRA\/METR\u00d3POLES<\/span><\/p>\n<div class=\"imgPinWrap\"><img data-recalc-dims=\"1\" loading=\"lazy\" decoding=\"async\" class=\"size-full wp-image-651254 loading\" src=\"https:\/\/i0.wp.com\/uploads.metropoles.com\/wp-content\/uploads\/2018\/08\/06232216\/WhatsApp-Image-2018-08-06-at-23.17.40.jpeg?resize=600%2C400&#038;ssl=1\" sizes=\"auto, (max-width: 1003px) 100vw, 1003px\" srcset=\"https:\/\/uploads.metropoles.com\/wp-content\/uploads\/2018\/08\/06232216\/WhatsApp-Image-2018-08-06-at-23.17.40.jpeg 1003w, https:\/\/uploads.metropoles.com\/wp-content\/uploads\/2018\/08\/06232216\/WhatsApp-Image-2018-08-06-at-23.17.40-300x200.jpeg 300w, https:\/\/uploads.metropoles.com\/wp-content\/uploads\/2018\/08\/06232216\/WhatsApp-Image-2018-08-06-at-23.17.40-212x142.jpeg 212w\" alt=\"Daniel Ferreira\/Metr\u00f3poles\" width=\"600\" height=\"400\" data-was-processed=\"true\" \/><a class=\"pin top left\" title=\"Pin this!\" href=\"https:\/\/www.pinterest.com\/pin\/create\/button\/?url=https%3A%2F%2Fwww.metropoles.com%2Fbrasil%2Fno-aniversario-da-lei-maria-da-penha-4-feminicidios-nas-ultimas-48h&amp;media=https%3A%2F%2Fuploads.metropoles.com%2Fwp-content%2Fuploads%2F2018%2F08%2F06232216%2FWhatsApp-Image-2018-08-06-at-23.17.40.jpeg&amp;description=No%20anivers%C3%A1rio%20da%20lei%20Maria%20da%20Penha%2C%205%20feminic%C3%ADdios%20nas%20%C3%BAltimas%2048h\"><img data-recalc-dims=\"1\" decoding=\"async\" title=\"Pin this image.\" src=\"https:\/\/i0.wp.com\/files.metropoles.com\/imagens\/pinterest\/btn-pinterest.png?w=600&#038;ssl=1\" alt=\"Pin this!\" \/><\/a><\/div>\n<\/div>\n<p class=\"wp-caption-text\">Local onde ocorreu o crime em Bras\u00edlia na noite de segunda (6\/8), na 415 Sul<\/p>\n<\/div>\n<p><strong>Alerta<\/strong><br \/>\nA presidente do Instituto Personna de Estudos e Pesquisas em Viol\u00eancia e Criminalidade, Elisa Waleska Kr\u00fcger Costa, alerta: ao primeiro sinal de viol\u00eancia, denuncie. \u201cA mulher n\u00e3o deve tentar ser psic\u00f3loga do agressor, dando conselhos ou justificando seus comportamentos\u201d, afirma.<\/p>\n<p>Mas n\u00e3o basta apenas denunciar. O Estado tamb\u00e9m precisa ter uma rede de prote\u00e7\u00e3o e de combate \u00e0 viol\u00eancia eficientes para evitar que mais trag\u00e9dias ocorram. \u00c9 o que diz a professora adjunta de Direito da UnB Jana\u00edna Penalva.<\/p>\n<div class=\"olho_materia\">\u00c9 necess\u00e1rio que a mulher se coloque em um espa\u00e7o m\u00ednimo de resist\u00eancia, denunciando amea\u00e7as \u2014 quando h\u00e1 tempo para isso \u2013, mas ainda que ela denuncie, n\u00e3o evitar\u00e1 o crime se o Estado n\u00e3o se mobilizar para proteg\u00ea-la. O que evita o feminic\u00eddio \u00e9 a resposta estatal \u00e0 viol\u00eancia<span class=\"aspas\">&#8220;<\/span><\/p>\n<div class=\"author_olho\">Waleska Costa, presidente do Instituto Personna de Estudos e Pesquisas em Viol\u00eancia e Criminalidade<\/div>\n<\/div>\n<p>Pelo n\u00famero 180. As liga\u00e7\u00f5es s\u00e3o gratuitas e o servi\u00e7o funciona 24 horas. Na Delegacia de Atendimento \u00e0 Mulher (Deam), localizada na 204\/205 Sul, ou pelo disque-den\u00fancia da Pol\u00edcia Civil, no n\u00famero 197.<\/p>\n<\/div>\n","protected":false},"excerpt":{"rendered":"<p>Casos foram registrados no DF, PE, SC e RJ. Enquanto norma completa 12 anos nesta ter\u00e7a (7\/8), aumento de pena para agressor trava na C\u00e2mara<\/p>\n","protected":false},"author":1,"featured_media":0,"comment_status":"closed","ping_status":"open","sticky":false,"template":"","format":"standard","meta":{"_exactmetrics_skip_tracking":false,"_exactmetrics_sitenote_active":false,"_exactmetrics_sitenote_note":"","_exactmetrics_sitenote_category":0,"jetpack_post_was_ever_published":false,"_jetpack_newsletter_access":"","_jetpack_dont_email_post_to_subs":false,"_jetpack_newsletter_tier_id":0,"_jetpack_memberships_contains_paywalled_content":false,"_jetpack_memberships_contains_paid_content":false,"footnotes":"","jetpack_publicize_message":"","jetpack_publicize_feature_enabled":true,"jetpack_social_post_already_shared":true,"jetpack_social_options":{"image_generator_settings":{"template":"highway","enabled":false},"version":2}},"categories":[1],"tags":[],"class_list":["post-18771","post","type-post","status-publish","format-standard","hentry","category-notas"],"jetpack_publicize_connections":[],"jetpack_sharing_enabled":true,"jetpack_featured_media_url":"","jetpack_shortlink":"https:\/\/wp.me\/p7wKYW-4SL","jetpack-related-posts":[],"_links":{"self":[{"href":"http:\/\/blogdalucianaoliveira.com.br\/blog\/wp-json\/wp\/v2\/posts\/18771","targetHints":{"allow":["GET"]}}],"collection":[{"href":"http:\/\/blogdalucianaoliveira.com.br\/blog\/wp-json\/wp\/v2\/posts"}],"about":[{"href":"http:\/\/blogdalucianaoliveira.com.br\/blog\/wp-json\/wp\/v2\/types\/post"}],"author":[{"embeddable":true,"href":"http:\/\/blogdalucianaoliveira.com.br\/blog\/wp-json\/wp\/v2\/users\/1"}],"replies":[{"embeddable":true,"href":"http:\/\/blogdalucianaoliveira.com.br\/blog\/wp-json\/wp\/v2\/comments?post=18771"}],"version-history":[{"count":1,"href":"http:\/\/blogdalucianaoliveira.com.br\/blog\/wp-json\/wp\/v2\/posts\/18771\/revisions"}],"predecessor-version":[{"id":18773,"href":"http:\/\/blogdalucianaoliveira.com.br\/blog\/wp-json\/wp\/v2\/posts\/18771\/revisions\/18773"}],"wp:attachment":[{"href":"http:\/\/blogdalucianaoliveira.com.br\/blog\/wp-json\/wp\/v2\/media?parent=18771"}],"wp:term":[{"taxonomy":"category","embeddable":true,"href":"http:\/\/blogdalucianaoliveira.com.br\/blog\/wp-json\/wp\/v2\/categories?post=18771"},{"taxonomy":"post_tag","embeddable":true,"href":"http:\/\/blogdalucianaoliveira.com.br\/blog\/wp-json\/wp\/v2\/tags?post=18771"}],"curies":[{"name":"wp","href":"https:\/\/api.w.org\/{rel}","templated":true}]}}