{"id":18774,"date":"2018-08-09T14:20:11","date_gmt":"2018-08-09T18:20:11","guid":{"rendered":"http:\/\/blogdalucianaoliveira.com.br\/blog\/?p=18774"},"modified":"2018-08-09T14:20:11","modified_gmt":"2018-08-09T18:20:11","slug":"ha-500-anos-que-o-indio-e-aquele-que-deve-morrer","status":"publish","type":"post","link":"http:\/\/blogdalucianaoliveira.com.br\/blog\/2018\/08\/09\/ha-500-anos-que-o-indio-e-aquele-que-deve-morrer\/","title":{"rendered":"H\u00e1 500 anos que \u201co \u00edndio \u00e9 aquele que deve morrer"},"content":{"rendered":"<p><img data-recalc-dims=\"1\" loading=\"lazy\" decoding=\"async\" data-attachment-id=\"18775\" data-permalink=\"http:\/\/blogdalucianaoliveira.com.br\/blog\/2018\/08\/09\/ha-500-anos-que-o-indio-e-aquele-que-deve-morrer\/ff5199e3-0671-417c-8774-b65073f96d09\/\" data-orig-file=\"https:\/\/i0.wp.com\/blogdalucianaoliveira.com.br\/blog\/wp-content\/uploads\/2018\/08\/FF5199E3-0671-417C-8774-B65073F96D09.jpeg?fit=1143%2C713\" data-orig-size=\"1143,713\" data-comments-opened=\"0\" data-image-meta=\"{&quot;aperture&quot;:&quot;0&quot;,&quot;credit&quot;:&quot;&quot;,&quot;camera&quot;:&quot;&quot;,&quot;caption&quot;:&quot;&quot;,&quot;created_timestamp&quot;:&quot;0&quot;,&quot;copyright&quot;:&quot;&quot;,&quot;focal_length&quot;:&quot;0&quot;,&quot;iso&quot;:&quot;0&quot;,&quot;shutter_speed&quot;:&quot;0&quot;,&quot;title&quot;:&quot;&quot;,&quot;orientation&quot;:&quot;0&quot;}\" data-image-title=\"FF5199E3-0671-417C-8774-B65073F96D09\" data-image-description=\"\" data-image-caption=\"\" data-medium-file=\"https:\/\/i0.wp.com\/blogdalucianaoliveira.com.br\/blog\/wp-content\/uploads\/2018\/08\/FF5199E3-0671-417C-8774-B65073F96D09.jpeg?fit=300%2C187\" data-large-file=\"https:\/\/i0.wp.com\/blogdalucianaoliveira.com.br\/blog\/wp-content\/uploads\/2018\/08\/FF5199E3-0671-417C-8774-B65073F96D09.jpeg?fit=600%2C374\" class=\"alignnone size-full wp-image-18775\" src=\"https:\/\/i0.wp.com\/blogdalucianaoliveira.com.br\/blog\/wp-content\/uploads\/2018\/08\/FF5199E3-0671-417C-8774-B65073F96D09.jpeg?resize=600%2C374\" alt=\"FF5199E3-0671-417C-8774-B65073F96D09\" width=\"600\" height=\"374\" srcset=\"https:\/\/i0.wp.com\/blogdalucianaoliveira.com.br\/blog\/wp-content\/uploads\/2018\/08\/FF5199E3-0671-417C-8774-B65073F96D09.jpeg?w=1143 1143w, https:\/\/i0.wp.com\/blogdalucianaoliveira.com.br\/blog\/wp-content\/uploads\/2018\/08\/FF5199E3-0671-417C-8774-B65073F96D09.jpeg?resize=300%2C187 300w, https:\/\/i0.wp.com\/blogdalucianaoliveira.com.br\/blog\/wp-content\/uploads\/2018\/08\/FF5199E3-0671-417C-8774-B65073F96D09.jpeg?resize=768%2C479 768w, https:\/\/i0.wp.com\/blogdalucianaoliveira.com.br\/blog\/wp-content\/uploads\/2018\/08\/FF5199E3-0671-417C-8774-B65073F96D09.jpeg?resize=1024%2C639 1024w, https:\/\/i0.wp.com\/blogdalucianaoliveira.com.br\/blog\/wp-content\/uploads\/2018\/08\/FF5199E3-0671-417C-8774-B65073F96D09.jpeg?resize=481%2C300 481w\" sizes=\"auto, (max-width: 600px) 100vw, 600px\" \/><\/p>\n<p>500 anos proibidos para esses povos classificados com um gen\u00e9rico apelido, negadas as identidades, criminalizada a vida diferente e alternativa. <!--more--><\/p>\n<p>500 anos de sucessivos imp\u00e9rios invasores e de sucessivas oligarquias \u201cherdeiras da secular domina\u00e7\u00e3o\u201d. <\/p>\n<p>500 anos sob a prepot\u00eancia de uma civiliza\u00e7\u00e3o hegem\u00f4nica, que vem massacrando os corpos com as armas e o trabalho escravo e as almas com um deus em exclusiva. Por economia de mercado, por pol\u00edtica imperial, por religi\u00e3o imposta, por bulas e decretos e portarias pseudocivilizados e pseudocr\u00edst\u00e3os. <\/p>\n<p>J\u00e1 se passaram, ent\u00e3o, 500 anos para aquele povo de povos que tinha que morrer e finalmente, mesmo continuando as v\u00e1rias formas de exterm\u00ednio, os Povos Ind\u00edgenas s\u00e3o aqueles que devem Viver\u201d.<\/p>\n<p>Dom Pedro Casald\u00e1liga<br \/>\nEterno Bispo em\u00e9rito da Prelazia de S\u00e3o F\u00e9lix do Araguaia\/MT<\/p>\n<p>#DiaInternacionaldosPovosInd\u00edgenas.<\/p>\n","protected":false},"excerpt":{"rendered":"<p>500 anos proibidos para esses povos classificados com um gen\u00e9rico apelido, negadas as identidades, criminalizada a vida diferente e alternativa.<\/p>\n","protected":false},"author":1,"featured_media":0,"comment_status":"closed","ping_status":"open","sticky":false,"template":"","format":"standard","meta":{"_exactmetrics_skip_tracking":false,"_exactmetrics_sitenote_active":false,"_exactmetrics_sitenote_note":"","_exactmetrics_sitenote_category":0,"jetpack_post_was_ever_published":false,"_jetpack_newsletter_access":"","_jetpack_dont_email_post_to_subs":false,"_jetpack_newsletter_tier_id":0,"_jetpack_memberships_contains_paywalled_content":false,"_jetpack_memberships_contains_paid_content":false,"footnotes":"","jetpack_publicize_message":"","jetpack_publicize_feature_enabled":true,"jetpack_social_post_already_shared":true,"jetpack_social_options":{"image_generator_settings":{"template":"highway","enabled":false},"version":2}},"categories":[1],"tags":[],"class_list":["post-18774","post","type-post","status-publish","format-standard","hentry","category-notas"],"jetpack_publicize_connections":[],"jetpack_sharing_enabled":true,"jetpack_featured_media_url":"","jetpack_shortlink":"https:\/\/wp.me\/p7wKYW-4SO","jetpack-related-posts":[],"_links":{"self":[{"href":"http:\/\/blogdalucianaoliveira.com.br\/blog\/wp-json\/wp\/v2\/posts\/18774","targetHints":{"allow":["GET"]}}],"collection":[{"href":"http:\/\/blogdalucianaoliveira.com.br\/blog\/wp-json\/wp\/v2\/posts"}],"about":[{"href":"http:\/\/blogdalucianaoliveira.com.br\/blog\/wp-json\/wp\/v2\/types\/post"}],"author":[{"embeddable":true,"href":"http:\/\/blogdalucianaoliveira.com.br\/blog\/wp-json\/wp\/v2\/users\/1"}],"replies":[{"embeddable":true,"href":"http:\/\/blogdalucianaoliveira.com.br\/blog\/wp-json\/wp\/v2\/comments?post=18774"}],"version-history":[{"count":1,"href":"http:\/\/blogdalucianaoliveira.com.br\/blog\/wp-json\/wp\/v2\/posts\/18774\/revisions"}],"predecessor-version":[{"id":18776,"href":"http:\/\/blogdalucianaoliveira.com.br\/blog\/wp-json\/wp\/v2\/posts\/18774\/revisions\/18776"}],"wp:attachment":[{"href":"http:\/\/blogdalucianaoliveira.com.br\/blog\/wp-json\/wp\/v2\/media?parent=18774"}],"wp:term":[{"taxonomy":"category","embeddable":true,"href":"http:\/\/blogdalucianaoliveira.com.br\/blog\/wp-json\/wp\/v2\/categories?post=18774"},{"taxonomy":"post_tag","embeddable":true,"href":"http:\/\/blogdalucianaoliveira.com.br\/blog\/wp-json\/wp\/v2\/tags?post=18774"}],"curies":[{"name":"wp","href":"https:\/\/api.w.org\/{rel}","templated":true}]}}