{"id":18787,"date":"2018-08-14T09:23:20","date_gmt":"2018-08-14T13:23:20","guid":{"rendered":"http:\/\/blogdalucianaoliveira.com.br\/blog\/?p=18787"},"modified":"2018-08-14T09:23:20","modified_gmt":"2018-08-14T13:23:20","slug":"diario-de-pre-campanha-diario-de-pre-campanha","status":"publish","type":"post","link":"http:\/\/blogdalucianaoliveira.com.br\/blog\/2018\/08\/14\/diario-de-pre-campanha-diario-de-pre-campanha\/","title":{"rendered":"Di\u00e1rio de pr\u00e9-campanha Di\u00e1rio de pr\u00e9-campanha"},"content":{"rendered":"<p><img data-recalc-dims=\"1\" loading=\"lazy\" decoding=\"async\" data-attachment-id=\"18788\" data-permalink=\"http:\/\/blogdalucianaoliveira.com.br\/blog\/2018\/08\/14\/diario-de-pre-campanha-diario-de-pre-campanha\/frida-2\/\" data-orig-file=\"https:\/\/i0.wp.com\/blogdalucianaoliveira.com.br\/blog\/wp-content\/uploads\/2018\/08\/frida.jpg?fit=960%2C960\" data-orig-size=\"960,960\" data-comments-opened=\"0\" data-image-meta=\"{&quot;aperture&quot;:&quot;0&quot;,&quot;credit&quot;:&quot;&quot;,&quot;camera&quot;:&quot;&quot;,&quot;caption&quot;:&quot;&quot;,&quot;created_timestamp&quot;:&quot;0&quot;,&quot;copyright&quot;:&quot;&quot;,&quot;focal_length&quot;:&quot;0&quot;,&quot;iso&quot;:&quot;0&quot;,&quot;shutter_speed&quot;:&quot;0&quot;,&quot;title&quot;:&quot;&quot;,&quot;orientation&quot;:&quot;0&quot;}\" data-image-title=\"frida\" data-image-description=\"\" data-image-caption=\"\" data-medium-file=\"https:\/\/i0.wp.com\/blogdalucianaoliveira.com.br\/blog\/wp-content\/uploads\/2018\/08\/frida.jpg?fit=300%2C300\" data-large-file=\"https:\/\/i0.wp.com\/blogdalucianaoliveira.com.br\/blog\/wp-content\/uploads\/2018\/08\/frida.jpg?fit=600%2C600\" src=\"https:\/\/i0.wp.com\/blogdalucianaoliveira.com.br\/blog\/wp-content\/uploads\/2018\/08\/frida.jpg?resize=600%2C600\" alt=\"frida\" width=\"600\" height=\"600\" class=\"alignnone size-full wp-image-18788\" srcset=\"https:\/\/i0.wp.com\/blogdalucianaoliveira.com.br\/blog\/wp-content\/uploads\/2018\/08\/frida.jpg?w=960 960w, https:\/\/i0.wp.com\/blogdalucianaoliveira.com.br\/blog\/wp-content\/uploads\/2018\/08\/frida.jpg?resize=150%2C150 150w, https:\/\/i0.wp.com\/blogdalucianaoliveira.com.br\/blog\/wp-content\/uploads\/2018\/08\/frida.jpg?resize=300%2C300 300w, https:\/\/i0.wp.com\/blogdalucianaoliveira.com.br\/blog\/wp-content\/uploads\/2018\/08\/frida.jpg?resize=768%2C768 768w\" sizes=\"auto, (max-width: 600px) 100vw, 600px\" \/><\/p>\n<p>Escrevo pela \u00faltima vez como pr\u00e9-candidata a deputada estadual. <\/p>\n<p>Amanh\u00e3, dia 15, muda a linguagem e abordagem com os eleitores. <!--more--><\/p>\n<p>Mais algumas horas e saber\u00e3o com que n\u00famero vou disputar uma vaga de mulher na pol\u00edtica. <\/p>\n<p>Vou acelerar o passo e o cora\u00e7\u00e3o. <\/p>\n<p>Fazer relatos di\u00e1rios na primeira fase me fez bem. Mais que divulgar minha participa\u00e7\u00e3o em eventos, demonstrei sentimentos. <\/p>\n<p>Os meus e os de outros. <\/p>\n<p>Me apresentei com muito amor e esperan\u00e7a em m\u00fasicas, depoimentos e poesias. Ganhei presentes que dinheiro nenhum compra.<\/p>\n<p>Comecei e encerro este percurso com sentimento. E com um texto que me levou \u00e0 l\u00e1grimas, da professora Rossilena Marcolino. Agrade\u00e7o de \u2764\ufe0f. <\/p>\n<p>Despertar a esperan\u00e7a em que se cativa \u00e9 uma responsabilidade enorme e eterna. <\/p>\n<p>Com amor por minha terra e meu povo, quero honrar a confian\u00e7a.<\/p>\n<p>O que sei \u00e9 que estou pronta e que chegou a vez do povo ter voz. <\/p>\n<p>Voz de verdade! <\/p>\n<p>Provocar o debate pode revolucionar o comportamento parlamentar e cidad\u00e3o. O que proponho \u00e9 isso, postura propositiva e cr\u00edtica. <\/p>\n<p>Observem o teto de cada candidato, at\u00e9 onde foram pra exigir respeito e melhorias para todos. Tem gente boa nos parlamentos, mas com teto baixo. <\/p>\n<p>A postura cr\u00edtica revela a altura da independ\u00eancia de uma pessoa. E o que o povo quer \u00e9 pol\u00edtico sem dono. <\/p>\n<p>B\u00f3ra l\u00e1! <\/p>\n<p>\u201cFaz escuro mas eu canto,<br \/>\nporque a manh\u00e3 vai chegar.<br \/>\nVem ver comigo, companheiro,<br \/>\na cor do mundo mudar.<br \/>\nVale a pena n\u00e3o dormir para esperar<br \/>\na cor do mundo mudar. \u201c<\/p>\n<p>Thiago de Mello<\/p>\n","protected":false},"excerpt":{"rendered":"<p>Escrevo pela \u00faltima vez como pr\u00e9-candidata a deputada estadual. Amanh\u00e3, dia 15, muda a linguagem e abordagem com os eleitores.<\/p>\n","protected":false},"author":1,"featured_media":0,"comment_status":"closed","ping_status":"open","sticky":false,"template":"","format":"standard","meta":{"_exactmetrics_skip_tracking":false,"_exactmetrics_sitenote_active":false,"_exactmetrics_sitenote_note":"","_exactmetrics_sitenote_category":0,"jetpack_post_was_ever_published":false,"_jetpack_newsletter_access":"","_jetpack_dont_email_post_to_subs":false,"_jetpack_newsletter_tier_id":0,"_jetpack_memberships_contains_paywalled_content":false,"_jetpack_memberships_contains_paid_content":false,"footnotes":"","jetpack_publicize_message":"","jetpack_publicize_feature_enabled":true,"jetpack_social_post_already_shared":true,"jetpack_social_options":{"image_generator_settings":{"template":"highway","enabled":false},"version":2}},"categories":[1],"tags":[],"class_list":["post-18787","post","type-post","status-publish","format-standard","hentry","category-notas"],"jetpack_publicize_connections":[],"jetpack_sharing_enabled":true,"jetpack_featured_media_url":"","jetpack_shortlink":"https:\/\/wp.me\/p7wKYW-4T1","jetpack-related-posts":[],"_links":{"self":[{"href":"http:\/\/blogdalucianaoliveira.com.br\/blog\/wp-json\/wp\/v2\/posts\/18787","targetHints":{"allow":["GET"]}}],"collection":[{"href":"http:\/\/blogdalucianaoliveira.com.br\/blog\/wp-json\/wp\/v2\/posts"}],"about":[{"href":"http:\/\/blogdalucianaoliveira.com.br\/blog\/wp-json\/wp\/v2\/types\/post"}],"author":[{"embeddable":true,"href":"http:\/\/blogdalucianaoliveira.com.br\/blog\/wp-json\/wp\/v2\/users\/1"}],"replies":[{"embeddable":true,"href":"http:\/\/blogdalucianaoliveira.com.br\/blog\/wp-json\/wp\/v2\/comments?post=18787"}],"version-history":[{"count":1,"href":"http:\/\/blogdalucianaoliveira.com.br\/blog\/wp-json\/wp\/v2\/posts\/18787\/revisions"}],"predecessor-version":[{"id":18789,"href":"http:\/\/blogdalucianaoliveira.com.br\/blog\/wp-json\/wp\/v2\/posts\/18787\/revisions\/18789"}],"wp:attachment":[{"href":"http:\/\/blogdalucianaoliveira.com.br\/blog\/wp-json\/wp\/v2\/media?parent=18787"}],"wp:term":[{"taxonomy":"category","embeddable":true,"href":"http:\/\/blogdalucianaoliveira.com.br\/blog\/wp-json\/wp\/v2\/categories?post=18787"},{"taxonomy":"post_tag","embeddable":true,"href":"http:\/\/blogdalucianaoliveira.com.br\/blog\/wp-json\/wp\/v2\/tags?post=18787"}],"curies":[{"name":"wp","href":"https:\/\/api.w.org\/{rel}","templated":true}]}}