{"id":18797,"date":"2018-08-15T10:18:45","date_gmt":"2018-08-15T14:18:45","guid":{"rendered":"http:\/\/blogdalucianaoliveira.com.br\/blog\/?p=18797"},"modified":"2018-08-15T10:47:37","modified_gmt":"2018-08-15T14:47:37","slug":"video-rondonienses-irao-pagar-mais-r-7-bilhoes-da-divida-do-beron-em-tres-decadas-deputado-quer-cancelar-todos-os-projetos-para-operacoes-das-usinas-do-madeira","status":"publish","type":"post","link":"http:\/\/blogdalucianaoliveira.com.br\/blog\/2018\/08\/15\/video-rondonienses-irao-pagar-mais-r-7-bilhoes-da-divida-do-beron-em-tres-decadas-deputado-quer-cancelar-todos-os-projetos-para-operacoes-das-usinas-do-madeira\/","title":{"rendered":"V\u00eddeo \u2013 Rondonienses ir\u00e3o pagar mais R$ 7 bilh\u00f5es da d\u00edvida do Beron em tr\u00eas d\u00e9cadas; deputado quer cancelar todos os projetos para opera\u00e7\u00f5es das usinas do Madeira"},"content":{"rendered":"<p><em>Ap\u00f3s a vota\u00e7\u00e3o por nove votos favor\u00e1veis e cinco contr\u00e1rios, parlamentar quer pressionar a Uni\u00e3o engessando Santo Ant\u00f4nio e Jirau<\/em><br \/>\n<strong><!--more--><\/p>\n<p>POR ROND\u00d4NIA DIN\u00c2MICA<\/strong><\/p>\n<p><span style=\"font-size: 18px;\"><span style=\"font-family: Georgia,serif;\"><strong>Porto Velho, RO \u2013<\/strong> Na \u00faltima ter\u00e7a-feira (14), os deputados estaduais de Rond\u00f4nia aprovaram, por 9 votos a 5, o Projeto de Decreto Legislativo 353\/18 autorizando a renegocia\u00e7\u00e3o da d\u00edvida do extinto Banco de Rond\u00f4nia (Beron) com a Uni\u00e3o.<\/span><\/span><\/p>\n<p><span style=\"font-size: 18px;\"><span style=\"font-family: Georgia,serif;\">O prolongamento da d\u00edvida atingir\u00e1 os cofres p\u00fablicos de Rond\u00f4nia por mais tr\u00eas d\u00e9cadas, com previs\u00e3o de encerramento do passivo em 2048. Para pagar a conta, os rondonienses desembolsar\u00e3o pelo menos mais R$ 7 bilh\u00f5es daqui at\u00e9 l\u00e1.<\/span><\/span><\/p>\n<p><span style=\"font-size: 18px;\"><span style=\"font-family: Georgia,serif;\"><u><strong>Confira o v\u00eddeo abaixo<\/strong><\/u><\/span><\/span><\/p>\n<p><span style=\"font-size: 18px;\"><span style=\"font-family: Georgia,serif;\"><iframe loading=\"lazy\" class=\"entry-thumb\" src=\"https:\/\/www.youtube.com\/embed\/JO75o-XiRd4\" width=\"700\" height=\"467\" frameborder=\"0\" scrolling=\"no\"><\/iframe><\/span><\/span><\/p>\n<p><span style=\"font-size: 18px;\"><span style=\"font-family: Georgia,serif;\">Votaram a favor da aprova\u00e7\u00e3o os deputados: Airton Gurgacz (PDT), Alex Redano (PRB), Cleiton Roque (PSB), Dr. Neidson (PMN), Edson Martins (MDB), Ezequiel J\u00fanior (PRB), Geraldo da Rond\u00f4nia (PSC), Marcelino Ten\u00f3rio (PR)\u00a0 e S\u00f3 na Ben\u00e7a (MDB).<\/span><\/span><\/p>\n<p><span style=\"font-size: 18px;\"><span style=\"font-family: Georgia,serif;\">Contr\u00e1rios \u00e0s pretens\u00f5es do Executivo se posicionaram os parlamentares: Herm\u00ednio Coelho (PCdoB), Jesu\u00edno Boabaid (PMN), Adelino Follador (DEM), Leo Moraes (Podemos) e Anderson do Singeperon (Pros).<\/span><\/span><\/p>\n<p><span style=\"font-size: 18px;\"><span style=\"font-family: Georgia,serif;\">O presidente do Legislativo Maur\u00e3o de Carvalho (MDB), Laerte Gomes (PSDB), A\u00e9lcio da TV (PP), Jean Oliveira (MDB), Lazinho da Fetagro (PT), Lebr\u00e3o (MDB), Luizinho Goebel (PV), Ribamar Ara\u00fajo (PR), Ros\u00e2ngela Donadon (MDB) e Saulo Moreira (PDT)\u00a0se ausentaram\u00a0na hora da vota\u00e7\u00e3o.<\/span><\/span><\/p>\n<p><span style=\"font-size: 18px;\"><span style=\"font-family: Georgia,serif;\"><strong>\u201cFaca no pesco\u00e7o\u201d<\/strong><\/span><\/span><\/p>\n<p><span style=\"font-size: 18px;\"><span style=\"font-family: Georgia,serif;\">Ap\u00f3s o ministro do Supremo Edson Fachin derrubar a liminar que suspendia os pagamentos da d\u00edvida do Beron, o pr\u00f3prio governador Daniel Pereira (PSB) deixou claro que a Uni\u00e3o pretendia sequestrar nada menos do que R$ 300 milh\u00f5es por m\u00eas dos cofres p\u00fablicos do Estado caso Rond\u00f4nia n\u00e3o aceitasse formalizar o s\u00e9timo aditivo, diminuindo o valor do repasse for\u00e7ado para pouco mais de R$ 120 milh\u00f5es.<\/span><\/span><\/p>\n<p><span style=\"font-size: 18px;\"><span style=\"font-family: Georgia,serif;\">Na perspectiva inicial \u2013 em clima de terror imposto pelo governo federal \u2013 o chefe do Executivo chegou a anunciar, inclusive, que poderia haver \u201creflexo lament\u00e1vel no pagamento da folha dos servidores estaduais\u201d.<\/span><\/span><\/p>\n<p><span style=\"font-size: 18px;\"><span style=\"font-family: Georgia,serif;\">Herm\u00ednio Coelho, que se posicionou contr\u00e1rio do in\u00edcio ao fim das discuss\u00f5es, chegou a dizer: \u201cN\u00f3s fizemos uma Comiss\u00e3o Especial para levantar informa\u00e7\u00f5es. Nem fizemos o relat\u00f3rio final e j\u00e1 est\u00e3o aprovando [a mat\u00e9ria]\u201d.<\/span><\/span><\/p>\n<p><span style=\"font-size: 18px;\"><span style=\"font-family: Georgia,serif;\">Coelho relatou, no entanto, que compreende a postura dos colegas e do pr\u00f3prio governo, pois seria dif\u00edcil negociar com a \u201cfaca no pesco\u00e7o\u201d.<\/span><\/span><\/p>\n<p><span style=\"font-size: 18px;\"><span style=\"font-family: Georgia,serif;\">\u201cTenho certeza que seria melhor peitar a Uni\u00e3o\u201d, concluiu.<\/span><\/span><\/p>\n<p><span style=\"font-size: 18px;\"><span style=\"font-family: Georgia,serif;\"><strong>Engessamento\u00a0das usinas do Madeira<\/strong><\/span><\/span><\/p>\n<p><span style=\"font-size: 18px;\"><span style=\"font-family: Georgia,serif;\">Ap\u00f3s a aprova\u00e7\u00e3o da mat\u00e9ria, o deputado Jesu\u00edno Boabaid pediu quest\u00e3o de ordem e amea\u00e7ou apresentar pleito institucional inviabilizando todos os projetos aprovados na Casa de Leis de 2011 at\u00e9 agora beneficiando as usinas do Madeira, tanto Jirau quanto Santo Ant\u00f4nio. <\/span><\/span><\/p>\n<p><span style=\"font-size: 18px;\"><span style=\"font-family: Georgia,serif;\">\u201cPor conta dessa mat\u00e9ria aprovada hoje, pe\u00e7o ao secret\u00e1rio Legislativo, e \u00e9 uma propositura nossa, quero apresentar uma propositura para cancelar todas as autoriza\u00e7\u00f5es e afeta\u00e7\u00f5es dessas benditas usinas do Madeira\u201d, asseverou.<\/span><\/span><\/p>\n<p><span style=\"font-size: 18px;\"><span style=\"font-family: Georgia,serif;\">Logo em seguida, pontuou:<\/span><\/span><\/p>\n<p><span style=\"font-size: 18px;\"><span style=\"font-family: Georgia,serif;\">\u201cVamos apresenta esse decreto ter\u00e7a-feira (21) pra gente cancelar, suspender todas as quest\u00f5es que foram feitas para essa bendita Santo Ant\u00f4nio, dessas usinas. Isso, para mim, \u00e9 uma palha\u00e7ada. Isso que autorizamos hoje \u00e9 uma situa\u00e7\u00e3o em que temos de inviabilizar tamb\u00e9m a Uni\u00e3o. [&#8230;] E a\u00ed, se a gente aprovar, eles que \u2018dancem\u2019 com a\u00e7\u00f5es judiciais para cancelas nossa decis\u00e3o aqui na Assembleia\u201d, concluiu.<\/span><\/span><\/p>\n<p>&nbsp;<\/p>\n","protected":false},"excerpt":{"rendered":"<p>Ap\u00f3s a vota\u00e7\u00e3o por nove votos favor\u00e1veis e cinco contr\u00e1rios, parlamentar quer pressionar a Uni\u00e3o engessando Santo Ant\u00f4nio e Jirau<\/p>\n","protected":false},"author":1,"featured_media":18798,"comment_status":"closed","ping_status":"open","sticky":false,"template":"","format":"standard","meta":{"_exactmetrics_skip_tracking":false,"_exactmetrics_sitenote_active":false,"_exactmetrics_sitenote_note":"","_exactmetrics_sitenote_category":0,"jetpack_post_was_ever_published":false,"_jetpack_newsletter_access":"","_jetpack_dont_email_post_to_subs":false,"_jetpack_newsletter_tier_id":0,"_jetpack_memberships_contains_paywalled_content":false,"_jetpack_memberships_contains_paid_content":false,"footnotes":"","jetpack_publicize_message":"","jetpack_publicize_feature_enabled":true,"jetpack_social_post_already_shared":true,"jetpack_social_options":{"image_generator_settings":{"template":"highway","enabled":false},"version":2}},"categories":[1],"tags":[],"class_list":["post-18797","post","type-post","status-publish","format-standard","has-post-thumbnail","hentry","category-notas"],"jetpack_publicize_connections":[],"jetpack_sharing_enabled":true,"jetpack_featured_media_url":"https:\/\/i0.wp.com\/blogdalucianaoliveira.com.br\/blog\/wp-content\/uploads\/2018\/08\/BETON.jpg?fit=960%2C640","jetpack_shortlink":"https:\/\/wp.me\/p7wKYW-4Tb","jetpack-related-posts":[],"_links":{"self":[{"href":"http:\/\/blogdalucianaoliveira.com.br\/blog\/wp-json\/wp\/v2\/posts\/18797","targetHints":{"allow":["GET"]}}],"collection":[{"href":"http:\/\/blogdalucianaoliveira.com.br\/blog\/wp-json\/wp\/v2\/posts"}],"about":[{"href":"http:\/\/blogdalucianaoliveira.com.br\/blog\/wp-json\/wp\/v2\/types\/post"}],"author":[{"embeddable":true,"href":"http:\/\/blogdalucianaoliveira.com.br\/blog\/wp-json\/wp\/v2\/users\/1"}],"replies":[{"embeddable":true,"href":"http:\/\/blogdalucianaoliveira.com.br\/blog\/wp-json\/wp\/v2\/comments?post=18797"}],"version-history":[{"count":3,"href":"http:\/\/blogdalucianaoliveira.com.br\/blog\/wp-json\/wp\/v2\/posts\/18797\/revisions"}],"predecessor-version":[{"id":18802,"href":"http:\/\/blogdalucianaoliveira.com.br\/blog\/wp-json\/wp\/v2\/posts\/18797\/revisions\/18802"}],"wp:featuredmedia":[{"embeddable":true,"href":"http:\/\/blogdalucianaoliveira.com.br\/blog\/wp-json\/wp\/v2\/media\/18798"}],"wp:attachment":[{"href":"http:\/\/blogdalucianaoliveira.com.br\/blog\/wp-json\/wp\/v2\/media?parent=18797"}],"wp:term":[{"taxonomy":"category","embeddable":true,"href":"http:\/\/blogdalucianaoliveira.com.br\/blog\/wp-json\/wp\/v2\/categories?post=18797"},{"taxonomy":"post_tag","embeddable":true,"href":"http:\/\/blogdalucianaoliveira.com.br\/blog\/wp-json\/wp\/v2\/tags?post=18797"}],"curies":[{"name":"wp","href":"https:\/\/api.w.org\/{rel}","templated":true}]}}