{"id":18803,"date":"2018-08-16T15:28:15","date_gmt":"2018-08-16T19:28:15","guid":{"rendered":"http:\/\/blogdalucianaoliveira.com.br\/blog\/?p=18803"},"modified":"2018-08-16T15:28:15","modified_gmt":"2018-08-16T19:28:15","slug":"erro-torna-pimenta-o-candidato-mais-rico-ao-governo-gurgacz-registra-r-113-milhoes-em-patrimonio-e-expedito-declara-apenas-r-380-mil-em-bens","status":"publish","type":"post","link":"http:\/\/blogdalucianaoliveira.com.br\/blog\/2018\/08\/16\/erro-torna-pimenta-o-candidato-mais-rico-ao-governo-gurgacz-registra-r-113-milhoes-em-patrimonio-e-expedito-declara-apenas-r-380-mil-em-bens\/","title":{"rendered":"Erro torna Pimenta o candidato \u2018mais rico\u2019 ao governo; Gurgacz registra R$ 11,3 milh\u00f5es em patrim\u00f4nio e Expedito declara apenas R$ 380 mil em bens"},"content":{"rendered":"<p><img data-recalc-dims=\"1\" loading=\"lazy\" decoding=\"async\" data-attachment-id=\"18804\" data-permalink=\"http:\/\/blogdalucianaoliveira.com.br\/blog\/2018\/08\/16\/erro-torna-pimenta-o-candidato-mais-rico-ao-governo-gurgacz-registra-r-113-milhoes-em-patrimonio-e-expedito-declara-apenas-r-380-mil-em-bens\/pime\/\" data-orig-file=\"https:\/\/i0.wp.com\/blogdalucianaoliveira.com.br\/blog\/wp-content\/uploads\/2018\/08\/pime.jpg?fit=960%2C640\" data-orig-size=\"960,640\" data-comments-opened=\"0\" data-image-meta=\"{&quot;aperture&quot;:&quot;0&quot;,&quot;credit&quot;:&quot;&quot;,&quot;camera&quot;:&quot;&quot;,&quot;caption&quot;:&quot;&quot;,&quot;created_timestamp&quot;:&quot;0&quot;,&quot;copyright&quot;:&quot;&quot;,&quot;focal_length&quot;:&quot;0&quot;,&quot;iso&quot;:&quot;0&quot;,&quot;shutter_speed&quot;:&quot;0&quot;,&quot;title&quot;:&quot;&quot;,&quot;orientation&quot;:&quot;1&quot;}\" data-image-title=\"pime\" data-image-description=\"\" data-image-caption=\"\" data-medium-file=\"https:\/\/i0.wp.com\/blogdalucianaoliveira.com.br\/blog\/wp-content\/uploads\/2018\/08\/pime.jpg?fit=300%2C200\" data-large-file=\"https:\/\/i0.wp.com\/blogdalucianaoliveira.com.br\/blog\/wp-content\/uploads\/2018\/08\/pime.jpg?fit=600%2C400\" class=\"alignnone size-full wp-image-18804\" src=\"https:\/\/i0.wp.com\/blogdalucianaoliveira.com.br\/blog\/wp-content\/uploads\/2018\/08\/pime.jpg?resize=600%2C400\" alt=\"pime\" width=\"600\" height=\"400\" srcset=\"https:\/\/i0.wp.com\/blogdalucianaoliveira.com.br\/blog\/wp-content\/uploads\/2018\/08\/pime.jpg?w=960 960w, https:\/\/i0.wp.com\/blogdalucianaoliveira.com.br\/blog\/wp-content\/uploads\/2018\/08\/pime.jpg?resize=300%2C200 300w, https:\/\/i0.wp.com\/blogdalucianaoliveira.com.br\/blog\/wp-content\/uploads\/2018\/08\/pime.jpg?resize=768%2C512 768w, https:\/\/i0.wp.com\/blogdalucianaoliveira.com.br\/blog\/wp-content\/uploads\/2018\/08\/pime.jpg?resize=450%2C300 450w\" sizes=\"auto, (max-width: 600px) 100vw, 600px\" \/><\/p>\n<p><strong>Rond\u00f4nia Din\u00e2mica\u00a0<\/strong>\u2013 Os candidatos ao Governo de Rond\u00f4nia e seus respectivos vices j\u00e1 registraram patrim\u00f4nio no Tribunal Superior Eleitoral (TSE).<!--more--><\/p>\n<p>Entre os nove nomes que disputam a sucess\u00e3o de Daniel Pereira (PSB), Pimenta de Rond\u00f4nia, do PSOL, apresentou o maior montante em termos de bens declarados. Ele declarou nada menos do que R$ 12 milh\u00f5es; logo em seguida aparece Acir Gurgacz, do PDT, com R$ 11,3 milh\u00f5es \u2013 l\u00e1 atr\u00e1s, em sexto lugar na lista, surge Expedito J\u00fanior com apenas R$ 380 mil em bens declarados \u00e0 Justi\u00e7a Eleitoral.<\/p>\n<p><strong>LEIA<br \/>\n<a href=\"http:\/\/http\/\/www.rondoniadinamica.com\/arquivo\/noticia30507.shtml\" target=\"_blank\"><u>Pimenta de Rond\u00f4nia diz que seu patrim\u00f4nio \u00e9 de apenas R$ 120 mil; valor milion\u00e1rio foi registrado de forma equivocada \u00e0 Justi\u00e7a Eleitoral<\/u><\/a><\/strong><\/p>\n<p><img data-recalc-dims=\"1\" decoding=\"async\" class=\"entry-thumb\" src=\"https:\/\/i0.wp.com\/www.rondoniadinamica.com\/uploads\/pimenta_1.jpg?w=600\" alt=\"\" \/><\/p>\n<p><strong>Erro material<\/strong><\/p>\n<p>Pimenta de Rond\u00f4nia entrou em contato com o jornal eletr\u00f4nico\u00a0<strong>Rond\u00f4nia Din\u00e2mica<\/strong>\u00a0e informou que o valor apresentado pelo site do TSE est\u00e1 equivocado por conta de erro material. Na realidade, ele registrou apenas R$ 120 mil em patrim\u00f4nio declarado; a altera\u00e7\u00e3o j\u00e1 foi protocolada.<\/p>\n<p><strong>O vice endinheirado<\/strong><\/p>\n<p>Z\u00e9 Jodan, que concorre a vice na chapa formada com o Coronel Marcos Rocha, do PSL, declarou quase R$ 18 milh\u00f5es em bens a mais que a soma de todos os candidatos ao Governo de Rond\u00f4nia juntos. O empres\u00e1rio registrou R$ 46,1 milh\u00f5es em posses no site do TSE. Na lista dos vices aparecem, logo depois, o ex-presidente da Assembleia (ALE\/RO) Neodi Carlos, com R$ 4,8 milh\u00f5es e Maur\u00edcio Carvalho, presidente da C\u00e2mara de Porto Velho, com R$ 3,2 milh\u00f5es.<\/p>\n<p><strong>Confira os valores declarados pelos candidatos ao Governo de Rond\u00f4nia<\/strong><\/p>\n<p><img data-recalc-dims=\"1\" decoding=\"async\" class=\"entry-thumb\" src=\"https:\/\/i0.wp.com\/www.rondoniadinamica.com\/uploads\/PIMA.jpg?w=600\" alt=\"\" \/><br \/>\nPimenta de Rond\u00f4nia (PSOL)<br \/>\nR$ 12.000.000,00<\/p>\n<p><img data-recalc-dims=\"1\" decoding=\"async\" class=\"entry-thumb\" src=\"https:\/\/i0.wp.com\/www.rondoniadinamica.com\/uploads\/ACIR.jpg?w=600\" alt=\"\" \/><\/p>\n<p>Acir Gurgacz (PDT)<br \/>\nR$ 11.342.740,02<\/p>\n<p><img data-recalc-dims=\"1\" decoding=\"async\" class=\"entry-thumb\" src=\"https:\/\/i0.wp.com\/www.rondoniadinamica.com\/uploads\/MAURA_1.jpg?w=600\" alt=\"\" \/><\/p>\n<p>Maur\u00e3o de Carvalho (MDB)<br \/>\nR$ 2.040.632,30<\/p>\n<p><img data-recalc-dims=\"1\" decoding=\"async\" class=\"entry-thumb\" src=\"https:\/\/i0.wp.com\/www.rondoniadinamica.com\/uploads\/CHARLON.jpg?w=600\" alt=\"\" \/><\/p>\n<p>Coronel Charlton (PRTB)<br \/>\nR$ 1.156.000,00<\/p>\n<p><img data-recalc-dims=\"1\" decoding=\"async\" class=\"entry-thumb\" src=\"https:\/\/i0.wp.com\/www.rondoniadinamica.com\/uploads\/VINI.jpg?w=600\" alt=\"\" \/><\/p>\n<p>Vinicius Miguel (REDE)<br \/>\nR$ 722.005,47<\/p>\n<p><img data-recalc-dims=\"1\" decoding=\"async\" class=\"entry-thumb\" src=\"https:\/\/i0.wp.com\/www.rondoniadinamica.com\/uploads\/EXPEDITO.jpg?w=600\" alt=\"\" \/><\/p>\n<p>Expedito J\u00fanior (PSDB)<br \/>\nR$ 384.502,57<\/p>\n<p><img data-recalc-dims=\"1\" decoding=\"async\" class=\"entry-thumb\" src=\"https:\/\/i0.wp.com\/www.rondoniadinamica.com\/uploads\/COMENDS.jpg?w=600\" alt=\"\" \/><\/p>\n<p>Comendador Valclei Queiroz (PMB)<br \/>\nR$ 340.000,00<\/p>\n<p><img data-recalc-dims=\"1\" decoding=\"async\" class=\"entry-thumb\" src=\"https:\/\/i0.wp.com\/www.rondoniadinamica.com\/uploads\/MARCOSROCHA.jpg?w=600\" alt=\"\" \/><\/p>\n<p>Coronel Marcos Rocha (PSL)<br \/>\nR$ 281.000,00<\/p>\n<p><img data-recalc-dims=\"1\" decoding=\"async\" class=\"entry-thumb\" src=\"https:\/\/i0.wp.com\/www.rondoniadinamica.com\/uploads\/NAZA_1.jpg?w=600\" alt=\"\" \/><\/p>\n<p>Pedro Nazareno (PSTU)<br \/>\nR$ 40.000,00<\/p>\n<p><strong>Confira os valores declarados pelos vices<\/strong><\/p>\n<p>Z\u00e9 Jodan (PSL) \u2013 Vice do Coronel Marcos Rocha<br \/>\nR$ 46.119.655,06<\/p>\n<p>Neodi Carlos (PSDC) \u2013 Vice de Acir Gurgacz<br \/>\nR$4.841.472,05<\/p>\n<p>Maur\u00edcio Carvalho (PSDB) \u2013 Vice de Expedito J\u00fanior<br \/>\nR$ 3.228.637,14<\/p>\n<p>Wagner Gacia (MDB) \u2013 Vice de Maur\u00e3o de Carvalho<br \/>\nR$ 1.415.416,57<\/p>\n<p>Jayme Kalb (PPS) \u2013 Vice de Vinicius Miguel<br \/>\nR$271.522,81<\/p>\n<p>Professora Nazar\u00e9 Mendes (PSTU) \u2013 Vice de Pedro Nazareno<br \/>\nR$ 104.000,00<\/p>\n<p>Paulo Benito (PT) \u2013 Vice de Pimenta de Rond\u00f4nia<br \/>\nN\u00e3o declarou bens \u00e0 Justi\u00e7a Eleitoral<\/p>\n<p>Coronel Alexandre (PRTB) \u2013 Vice de Coronel Charlon<br \/>\nN\u00e3o declarou bens \u00e0 Justi\u00e7a Eleitoral<\/p>\n<p>Anderson Cleito (PMB) \u2013 Vice do Comendador Valclei Queiroz<br \/>\nN\u00e3o declarou bens \u00e0 Justi\u00e7a Eleitoral<br \/>\n<strong>Autor \/ Fonte: Rondoniadinamica<\/strong><\/p>\n","protected":false},"excerpt":{"rendered":"<p>Rond\u00f4nia Din\u00e2mica\u00a0\u2013 Os candidatos ao Governo de Rond\u00f4nia e seus respectivos vices j\u00e1 registraram patrim\u00f4nio no Tribunal Superior Eleitoral (TSE).<\/p>\n","protected":false},"author":1,"featured_media":0,"comment_status":"closed","ping_status":"open","sticky":false,"template":"","format":"standard","meta":{"_exactmetrics_skip_tracking":false,"_exactmetrics_sitenote_active":false,"_exactmetrics_sitenote_note":"","_exactmetrics_sitenote_category":0,"jetpack_post_was_ever_published":false,"_jetpack_newsletter_access":"","_jetpack_dont_email_post_to_subs":false,"_jetpack_newsletter_tier_id":0,"_jetpack_memberships_contains_paywalled_content":false,"_jetpack_memberships_contains_paid_content":false,"footnotes":"","jetpack_publicize_message":"","jetpack_publicize_feature_enabled":true,"jetpack_social_post_already_shared":true,"jetpack_social_options":{"image_generator_settings":{"template":"highway","enabled":false},"version":2}},"categories":[1],"tags":[],"class_list":["post-18803","post","type-post","status-publish","format-standard","hentry","category-notas"],"jetpack_publicize_connections":[],"jetpack_sharing_enabled":true,"jetpack_featured_media_url":"","jetpack_shortlink":"https:\/\/wp.me\/p7wKYW-4Th","jetpack-related-posts":[],"_links":{"self":[{"href":"http:\/\/blogdalucianaoliveira.com.br\/blog\/wp-json\/wp\/v2\/posts\/18803","targetHints":{"allow":["GET"]}}],"collection":[{"href":"http:\/\/blogdalucianaoliveira.com.br\/blog\/wp-json\/wp\/v2\/posts"}],"about":[{"href":"http:\/\/blogdalucianaoliveira.com.br\/blog\/wp-json\/wp\/v2\/types\/post"}],"author":[{"embeddable":true,"href":"http:\/\/blogdalucianaoliveira.com.br\/blog\/wp-json\/wp\/v2\/users\/1"}],"replies":[{"embeddable":true,"href":"http:\/\/blogdalucianaoliveira.com.br\/blog\/wp-json\/wp\/v2\/comments?post=18803"}],"version-history":[{"count":1,"href":"http:\/\/blogdalucianaoliveira.com.br\/blog\/wp-json\/wp\/v2\/posts\/18803\/revisions"}],"predecessor-version":[{"id":18805,"href":"http:\/\/blogdalucianaoliveira.com.br\/blog\/wp-json\/wp\/v2\/posts\/18803\/revisions\/18805"}],"wp:attachment":[{"href":"http:\/\/blogdalucianaoliveira.com.br\/blog\/wp-json\/wp\/v2\/media?parent=18803"}],"wp:term":[{"taxonomy":"category","embeddable":true,"href":"http:\/\/blogdalucianaoliveira.com.br\/blog\/wp-json\/wp\/v2\/categories?post=18803"},{"taxonomy":"post_tag","embeddable":true,"href":"http:\/\/blogdalucianaoliveira.com.br\/blog\/wp-json\/wp\/v2\/tags?post=18803"}],"curies":[{"name":"wp","href":"https:\/\/api.w.org\/{rel}","templated":true}]}}