{"id":18809,"date":"2018-08-19T20:44:54","date_gmt":"2018-08-20T00:44:54","guid":{"rendered":"http:\/\/blogdalucianaoliveira.com.br\/blog\/?p=18809"},"modified":"2018-08-19T20:44:54","modified_gmt":"2018-08-20T00:44:54","slug":"mulheres-quase-nao-tem-espaco-nos-programas-de-governo-dos-presidenciaveis","status":"publish","type":"post","link":"http:\/\/blogdalucianaoliveira.com.br\/blog\/2018\/08\/19\/mulheres-quase-nao-tem-espaco-nos-programas-de-governo-dos-presidenciaveis\/","title":{"rendered":"Mulheres quase n\u00e3o t\u00eam espa\u00e7o nos programas de governo dos presidenci\u00e1veis"},"content":{"rendered":"<p><img data-recalc-dims=\"1\" loading=\"lazy\" decoding=\"async\" data-attachment-id=\"18810\" data-permalink=\"http:\/\/blogdalucianaoliveira.com.br\/blog\/2018\/08\/19\/mulheres-quase-nao-tem-espaco-nos-programas-de-governo-dos-presidenciaveis\/mul-4\/\" data-orig-file=\"https:\/\/i0.wp.com\/blogdalucianaoliveira.com.br\/blog\/wp-content\/uploads\/2018\/08\/mul.jpg?fit=820%2C546\" data-orig-size=\"820,546\" data-comments-opened=\"0\" data-image-meta=\"{&quot;aperture&quot;:&quot;0&quot;,&quot;credit&quot;:&quot;&quot;,&quot;camera&quot;:&quot;&quot;,&quot;caption&quot;:&quot;&quot;,&quot;created_timestamp&quot;:&quot;0&quot;,&quot;copyright&quot;:&quot;&quot;,&quot;focal_length&quot;:&quot;0&quot;,&quot;iso&quot;:&quot;0&quot;,&quot;shutter_speed&quot;:&quot;0&quot;,&quot;title&quot;:&quot;&quot;,&quot;orientation&quot;:&quot;0&quot;}\" data-image-title=\"mul\" data-image-description=\"\" data-image-caption=\"\" data-medium-file=\"https:\/\/i0.wp.com\/blogdalucianaoliveira.com.br\/blog\/wp-content\/uploads\/2018\/08\/mul.jpg?fit=300%2C200\" data-large-file=\"https:\/\/i0.wp.com\/blogdalucianaoliveira.com.br\/blog\/wp-content\/uploads\/2018\/08\/mul.jpg?fit=600%2C400\" src=\"https:\/\/i0.wp.com\/blogdalucianaoliveira.com.br\/blog\/wp-content\/uploads\/2018\/08\/mul.jpg?resize=600%2C400\" alt=\"mul\" width=\"600\" height=\"400\" class=\"alignnone size-full wp-image-18810\" srcset=\"https:\/\/i0.wp.com\/blogdalucianaoliveira.com.br\/blog\/wp-content\/uploads\/2018\/08\/mul.jpg?w=820 820w, https:\/\/i0.wp.com\/blogdalucianaoliveira.com.br\/blog\/wp-content\/uploads\/2018\/08\/mul.jpg?resize=300%2C200 300w, https:\/\/i0.wp.com\/blogdalucianaoliveira.com.br\/blog\/wp-content\/uploads\/2018\/08\/mul.jpg?resize=768%2C511 768w, https:\/\/i0.wp.com\/blogdalucianaoliveira.com.br\/blog\/wp-content\/uploads\/2018\/08\/mul.jpg?resize=451%2C300 451w\" sizes=\"auto, (max-width: 600px) 100vw, 600px\" \/><\/p>\n<p>Faltam propostas para o p\u00fablico feminino nos projetos dos candidatos \u00e0 Presid\u00eancia da Rep\u00fablica. Em alguns casos, h\u00e1 pouco mais de uma linha sobre o tema<!--more--><\/p>\n<p>No Correio Braziliense<\/p>\n<p>Concorrendo em quatro chapas como vice-presidente e em duas como cabe\u00e7a de chapa, as mulheres n\u00e3o ganharam o mesmo espa\u00e7o nos programas de governo dos candidatos ao Planalto. Os programas de Henrique Meirelles (MDB), Jair Bolsonaro (PSL) e Geraldo Alckmin (PSDB), por exemplo, dedicam poucas ou nenhuma linha para a\u00e7\u00f5es voltadas ao p\u00fablico feminino, de acordo com os documentos registrados no Tribunal Superior Eleitoral (TSE).<\/p>\n<p>Partido com o maior n\u00famero de candidatos neste ano, o PSL de Jair Bolsonaro aparece empatado com o DEM entre as legendas com menor representatividade feminina nas candidaturas \u2014 28,3% do total dos postulantes de cada sigla s\u00e3o mulheres. O n\u00famero ainda est\u00e1 abaixo da cota de 30% determinada por lei, mas pode sofrer pequenas altera\u00e7\u00f5es com a atualiza\u00e7\u00e3o dos dados por parte da Justi\u00e7a Eleitoral.<\/p>\n<p>Apesar de ter cotado a senadora Marta Suplicy (MDB-SP) como vice, Meirelles cita as mulheres apenas uma vez no programa. Ele promete \u201cincentivar a redu\u00e7\u00e3o da diferen\u00e7a salarial entre homens e mulheres, respaldado pela nova lei do trabalho\u201d. Com resist\u00eancia no eleitorado feminino, Bolsonaro, que convidou a advogada Janaina Paschoal (PSL-SP) para compor chapa, tratar do tema em uma medida principal do programa: \u201cCombater o estupro de mulheres e crian\u00e7as\u201d.<\/p>\n<p>Aposta na vice<br \/>\nAlckmin escolheu a senadora Ana Am\u00e9lia (PP-RS) como vice e vem enfatizando que ela garante representatividade \u00e0s mulheres na sua equipe. O programa tucano traz, no entanto, somente uma \u00fanica proposta direcionada a elas: \u201cEstabelecer um pacto nacional para a redu\u00e7\u00e3o de viol\u00eancia contra idosos, mulheres e LGBTI e incentivar a cria\u00e7\u00e3o de redes n\u00e3o governamentais de apoio ao atendimento de v\u00edtimas de viol\u00eancia racial e contra tr\u00e1fico sexual e de crian\u00e7as\u201d. A campanha do PSDB disse que o programa ainda \u00e9 uma \u201cvers\u00e3o resumida\u201d.<\/p>\n<p>Na outra ponta aparecem os candidatos que dedicaram espa\u00e7o maior a medidas para o p\u00fablico feminino \u2014 Guilherme Boulos (PSol) e Ciro Gomes (PDT). Ambos escolheram mulheres como vices e apresentam medidas para esse p\u00fablico nos planos de governo. O PT, do ex-presidente Luiz In\u00e1cio Lula da Silva, preso e condenado na Lava Jato, dedicou um t\u00f3pico de seu plano para mulheres, assim como Marina Silva, da Rede.<\/p>\n<p>A determina\u00e7\u00e3o de que 30% das candidaturas sejam femininas existia em pleitos anteriores. Para as elei\u00e7\u00f5es de 2018, o TSE imp\u00f4s que o mesmo porcentual tamb\u00e9m deve servir para o dinheiro do novo fundo eleitoral. Ou seja, 30% das verbas de cada sigla precisam ser investidas em mulheres.<\/p>\n<p>Mais espa\u00e7o<br \/>\nAs legendas com maior representa\u00e7\u00e3o feminina s\u00e3o o PMB (39,4%) e o PSTU (38%). Em n\u00fameros absolutos, o PSol \u00e9 quem tem mais mulheres concorrendo em 2018: s\u00e3o 439, o que corresponde a 33,4% das candidaturas do partido. Com a exce\u00e7\u00e3o dos l\u00edderes PMB e PSTU, todos os partidos ficam entre 28% e 34%, bem pr\u00f3ximas ao m\u00ednimo exigido.<\/p>\n<p>30%<br \/>\nPorcentual exigido de mulheres entre os candidatos de cada partido, segundo o TSE<\/p>\n<p>\u201cAs regras sobre a distribui\u00e7\u00e3o deveriam estar mais claras e acompanhar a Lei de Cotas: estabelecer que a reserva de 30% do Fundo Eleitoral devem ser para candidaturas \u00e0s elei\u00e7\u00f5es proporcionais\u201d<br \/>\nHannah Maruci, cientista pol\u00edtica.<\/p>\n","protected":false},"excerpt":{"rendered":"<p>Faltam propostas para o p\u00fablico feminino nos projetos dos candidatos \u00e0 Presid\u00eancia da Rep\u00fablica. Em alguns casos, h\u00e1 pouco mais de uma linha sobre o tema<\/p>\n","protected":false},"author":1,"featured_media":0,"comment_status":"closed","ping_status":"open","sticky":false,"template":"","format":"standard","meta":{"_exactmetrics_skip_tracking":false,"_exactmetrics_sitenote_active":false,"_exactmetrics_sitenote_note":"","_exactmetrics_sitenote_category":0,"jetpack_post_was_ever_published":false,"_jetpack_newsletter_access":"","_jetpack_dont_email_post_to_subs":false,"_jetpack_newsletter_tier_id":0,"_jetpack_memberships_contains_paywalled_content":false,"_jetpack_memberships_contains_paid_content":false,"footnotes":"","jetpack_publicize_message":"","jetpack_publicize_feature_enabled":true,"jetpack_social_post_already_shared":true,"jetpack_social_options":{"image_generator_settings":{"template":"highway","enabled":false},"version":2}},"categories":[1],"tags":[],"class_list":["post-18809","post","type-post","status-publish","format-standard","hentry","category-notas"],"jetpack_publicize_connections":[],"jetpack_sharing_enabled":true,"jetpack_featured_media_url":"","jetpack_shortlink":"https:\/\/wp.me\/p7wKYW-4Tn","jetpack-related-posts":[],"_links":{"self":[{"href":"http:\/\/blogdalucianaoliveira.com.br\/blog\/wp-json\/wp\/v2\/posts\/18809","targetHints":{"allow":["GET"]}}],"collection":[{"href":"http:\/\/blogdalucianaoliveira.com.br\/blog\/wp-json\/wp\/v2\/posts"}],"about":[{"href":"http:\/\/blogdalucianaoliveira.com.br\/blog\/wp-json\/wp\/v2\/types\/post"}],"author":[{"embeddable":true,"href":"http:\/\/blogdalucianaoliveira.com.br\/blog\/wp-json\/wp\/v2\/users\/1"}],"replies":[{"embeddable":true,"href":"http:\/\/blogdalucianaoliveira.com.br\/blog\/wp-json\/wp\/v2\/comments?post=18809"}],"version-history":[{"count":1,"href":"http:\/\/blogdalucianaoliveira.com.br\/blog\/wp-json\/wp\/v2\/posts\/18809\/revisions"}],"predecessor-version":[{"id":18811,"href":"http:\/\/blogdalucianaoliveira.com.br\/blog\/wp-json\/wp\/v2\/posts\/18809\/revisions\/18811"}],"wp:attachment":[{"href":"http:\/\/blogdalucianaoliveira.com.br\/blog\/wp-json\/wp\/v2\/media?parent=18809"}],"wp:term":[{"taxonomy":"category","embeddable":true,"href":"http:\/\/blogdalucianaoliveira.com.br\/blog\/wp-json\/wp\/v2\/categories?post=18809"},{"taxonomy":"post_tag","embeddable":true,"href":"http:\/\/blogdalucianaoliveira.com.br\/blog\/wp-json\/wp\/v2\/tags?post=18809"}],"curies":[{"name":"wp","href":"https:\/\/api.w.org\/{rel}","templated":true}]}}