{"id":18826,"date":"2018-08-21T08:20:49","date_gmt":"2018-08-21T12:20:49","guid":{"rendered":"http:\/\/blogdalucianaoliveira.com.br\/blog\/?p=18826"},"modified":"2018-08-21T10:32:27","modified_gmt":"2018-08-21T14:32:27","slug":"ginastas-dos-clubes-cecro-do-colegio-dom-bosco-e-da-escola-municipal-sen-darcy-ribeiro-colocam-rondonia-no-torneio-nacional-de-ginastica-ritmica-em-sao-paulo","status":"publish","type":"post","link":"http:\/\/blogdalucianaoliveira.com.br\/blog\/2018\/08\/21\/ginastas-dos-clubes-cecro-do-colegio-dom-bosco-e-da-escola-municipal-sen-darcy-ribeiro-colocam-rondonia-no-torneio-nacional-de-ginastica-ritmica-em-sao-paulo\/","title":{"rendered":"Ginastas dos clubes CECRO, do Col\u00e9gio Dom Bosco e da Escola Municipal Sen. Darcy Ribeiro colocam Rond\u00f4nia no Torneio Nacional de Gin\u00e1stica R\u00edtmica em SP"},"content":{"rendered":"<p><img data-recalc-dims=\"1\" loading=\"lazy\" decoding=\"async\" data-attachment-id=\"18833\" data-permalink=\"http:\/\/blogdalucianaoliveira.com.br\/blog\/2018\/08\/21\/ginastas-dos-clubes-cecro-do-colegio-dom-bosco-e-da-escola-municipal-sen-darcy-ribeiro-colocam-rondonia-no-torneio-nacional-de-ginastica-ritmica-em-sao-paulo\/incluir\/\" data-orig-file=\"https:\/\/i0.wp.com\/blogdalucianaoliveira.com.br\/blog\/wp-content\/uploads\/2018\/08\/incluir.jpg?fit=696%2C993\" data-orig-size=\"696,993\" data-comments-opened=\"0\" data-image-meta=\"{&quot;aperture&quot;:&quot;0&quot;,&quot;credit&quot;:&quot;&quot;,&quot;camera&quot;:&quot;&quot;,&quot;caption&quot;:&quot;&quot;,&quot;created_timestamp&quot;:&quot;0&quot;,&quot;copyright&quot;:&quot;&quot;,&quot;focal_length&quot;:&quot;0&quot;,&quot;iso&quot;:&quot;0&quot;,&quot;shutter_speed&quot;:&quot;0&quot;,&quot;title&quot;:&quot;&quot;,&quot;orientation&quot;:&quot;1&quot;}\" data-image-title=\"incluir\" data-image-description=\"\" data-image-caption=\"\" data-medium-file=\"https:\/\/i0.wp.com\/blogdalucianaoliveira.com.br\/blog\/wp-content\/uploads\/2018\/08\/incluir.jpg?fit=210%2C300\" data-large-file=\"https:\/\/i0.wp.com\/blogdalucianaoliveira.com.br\/blog\/wp-content\/uploads\/2018\/08\/incluir.jpg?fit=600%2C856\" class=\"alignnone size-full wp-image-18833\" src=\"https:\/\/i0.wp.com\/blogdalucianaoliveira.com.br\/blog\/wp-content\/uploads\/2018\/08\/incluir.jpg?resize=600%2C856\" alt=\"incluir\" width=\"600\" height=\"856\" srcset=\"https:\/\/i0.wp.com\/blogdalucianaoliveira.com.br\/blog\/wp-content\/uploads\/2018\/08\/incluir.jpg?w=696 696w, https:\/\/i0.wp.com\/blogdalucianaoliveira.com.br\/blog\/wp-content\/uploads\/2018\/08\/incluir.jpg?resize=210%2C300 210w\" sizes=\"auto, (max-width: 600px) 100vw, 600px\" \/><br \/>\nA ginasta Maria Rita Tavernard( Dom Bosco), pr\u00e9-infantil n\u00edvel I, ganhou 3 medalhas, sendo 2\u00b0 lugar na categoria M\u00e3os Livres; 1\u00b0 lugar no exerc\u00edcio com bola e 2\u00b0 lugar no geral.<\/p>\n<p>As atletas Maria Rita Tavernard( Col\u00e9gio Dom Bosco), Aysha Fernanda(CECRO) e Wenddy Pimentel(Escola Municipal Sen. Darcy Ribeiro), participaram do Torneio Regional de Gin\u00e1stica R\u00edtmica que aconteceu em Bel\u00e9m\/PA, no per\u00edodo de 15 a 19 de agosto.<!--more--><\/p>\n<p>O torneio serviu como fase classificat\u00f3ria para o Torneio Nacional que acontecer\u00e1 em S\u00e3o Bernardo do Campo\/SP, no per\u00edodo de 17 a 21 de outubro de 2018.<\/p>\n<p>A atleta Aysha Fernanda(CECRO), Infantil nivel I, ficou em 4\u00b0 lugar na categoria M\u00e3os Livre; 3\u00b0 lugar no exerc\u00edcio com ma\u00e7as e 3\u00b0 Lugar no geral e Atleta Wenddy Pimentel( Escola Municipal Sen. Darcy Ribeiro), Infantil n\u00edvel II, ficou em 2\u00b0 lugar na categoria M\u00e3os Livres, 4\u00b0 lugar no exerc\u00edcio com ma\u00e7as e 1\u00b0 Lugar no geral.<\/p>\n","protected":false},"excerpt":{"rendered":"<p>A ginasta Maria Rita Tavernard( Dom Bosco), pr\u00e9-infantil n\u00edvel I, ganhou 3 medalhas, sendo 2\u00b0 lugar na categoria M\u00e3os Livres; 1\u00b0 lugar no exerc\u00edcio com bola e 2\u00b0 lugar no geral. As atletas Maria Rita Tavernard( Col\u00e9gio Dom Bosco), Aysha Fernanda(CECRO) e Wenddy Pimentel(Escola Municipal Sen. Darcy Ribeiro), participaram do Torneio Regional de Gin\u00e1stica R\u00edtmica&#8230;<a class=\"more-link\" href=\"http:\/\/blogdalucianaoliveira.com.br\/blog\/2018\/08\/21\/ginastas-dos-clubes-cecro-do-colegio-dom-bosco-e-da-escola-municipal-sen-darcy-ribeiro-colocam-rondonia-no-torneio-nacional-de-ginastica-ritmica-em-sao-paulo\/\">Continue a leitura <span class=\"meta-nav\">&raquo;<\/span><\/a><\/p>\n","protected":false},"author":1,"featured_media":18833,"comment_status":"closed","ping_status":"open","sticky":false,"template":"","format":"standard","meta":{"_exactmetrics_skip_tracking":false,"_exactmetrics_sitenote_active":false,"_exactmetrics_sitenote_note":"","_exactmetrics_sitenote_category":0,"jetpack_post_was_ever_published":false,"_jetpack_newsletter_access":"","_jetpack_dont_email_post_to_subs":false,"_jetpack_newsletter_tier_id":0,"_jetpack_memberships_contains_paywalled_content":false,"_jetpack_memberships_contains_paid_content":false,"footnotes":"","jetpack_publicize_message":"","jetpack_publicize_feature_enabled":true,"jetpack_social_post_already_shared":true,"jetpack_social_options":{"image_generator_settings":{"template":"highway","enabled":false},"version":2}},"categories":[1],"tags":[],"class_list":["post-18826","post","type-post","status-publish","format-standard","has-post-thumbnail","hentry","category-notas"],"jetpack_publicize_connections":[],"jetpack_sharing_enabled":true,"jetpack_featured_media_url":"https:\/\/i0.wp.com\/blogdalucianaoliveira.com.br\/blog\/wp-content\/uploads\/2018\/08\/incluir.jpg?fit=696%2C993","jetpack_shortlink":"https:\/\/wp.me\/p7wKYW-4TE","jetpack-related-posts":[],"_links":{"self":[{"href":"http:\/\/blogdalucianaoliveira.com.br\/blog\/wp-json\/wp\/v2\/posts\/18826","targetHints":{"allow":["GET"]}}],"collection":[{"href":"http:\/\/blogdalucianaoliveira.com.br\/blog\/wp-json\/wp\/v2\/posts"}],"about":[{"href":"http:\/\/blogdalucianaoliveira.com.br\/blog\/wp-json\/wp\/v2\/types\/post"}],"author":[{"embeddable":true,"href":"http:\/\/blogdalucianaoliveira.com.br\/blog\/wp-json\/wp\/v2\/users\/1"}],"replies":[{"embeddable":true,"href":"http:\/\/blogdalucianaoliveira.com.br\/blog\/wp-json\/wp\/v2\/comments?post=18826"}],"version-history":[{"count":5,"href":"http:\/\/blogdalucianaoliveira.com.br\/blog\/wp-json\/wp\/v2\/posts\/18826\/revisions"}],"predecessor-version":[{"id":18834,"href":"http:\/\/blogdalucianaoliveira.com.br\/blog\/wp-json\/wp\/v2\/posts\/18826\/revisions\/18834"}],"wp:featuredmedia":[{"embeddable":true,"href":"http:\/\/blogdalucianaoliveira.com.br\/blog\/wp-json\/wp\/v2\/media\/18833"}],"wp:attachment":[{"href":"http:\/\/blogdalucianaoliveira.com.br\/blog\/wp-json\/wp\/v2\/media?parent=18826"}],"wp:term":[{"taxonomy":"category","embeddable":true,"href":"http:\/\/blogdalucianaoliveira.com.br\/blog\/wp-json\/wp\/v2\/categories?post=18826"},{"taxonomy":"post_tag","embeddable":true,"href":"http:\/\/blogdalucianaoliveira.com.br\/blog\/wp-json\/wp\/v2\/tags?post=18826"}],"curies":[{"name":"wp","href":"https:\/\/api.w.org\/{rel}","templated":true}]}}