{"id":18838,"date":"2018-08-25T11:06:17","date_gmt":"2018-08-25T15:06:17","guid":{"rendered":"http:\/\/blogdalucianaoliveira.com.br\/blog\/?p=18838"},"modified":"2018-08-26T18:22:28","modified_gmt":"2018-08-26T22:22:28","slug":"editorial-em-epoca-de-eleicao-paginas-de-humor-de-rondonia-no-facebook-sao-um-verdadeiro-terror-na-vida-dos-politicos","status":"publish","type":"post","link":"http:\/\/blogdalucianaoliveira.com.br\/blog\/2018\/08\/25\/editorial-em-epoca-de-eleicao-paginas-de-humor-de-rondonia-no-facebook-sao-um-verdadeiro-terror-na-vida-dos-politicos\/","title":{"rendered":"Editorial \u2013 Em \u00e9poca de elei\u00e7\u00e3o, p\u00e1ginas de humor de Rond\u00f4nia no Facebook s\u00e3o um verdadeiro terror na vida dos pol\u00edticos"},"content":{"rendered":"<p><em>Tirando sarro, mas mostrando a realidade nua e crua das coisas, as postagens d\u00e3o vaz\u00e3o para cr\u00edticas sociais e a censura j\u00e1 tenta imperar sobre a vitrine negativa<\/em><!--more--><\/p>\n<p><strong>POR ROND\u00d4NIA DIN\u00c2MICA<\/strong><\/p>\n<p><span style=\"font-size: 18px;\"><span style=\"font-family: Georgia,serif;\"><strong>Porto Velho, RO \u2013<\/strong> Postagens hil\u00e1rias envolvendo personagens ic\u00f4nicos como a \u201csedutora\u201d Sarita da Sete, o humilde m\u00fasico Roberto Brega e a alegre, querida e reluzente Bailarina da Pra\u00e7a s\u00e3o constantes em p\u00e1ginas de com\u00e9dia no Facebook, a exemplo da <a href=\"https:\/\/www.facebook.com\/HumorEmPvh\/\" target=\"_blank\"><span style=\"color: #0000cd;\"><u><strong><em>\u201cHumor em PVH\u201d<\/em><\/strong><\/u><\/span><\/a>, <u><strong><a href=\"https:\/\/www.facebook.com\/Humorrondoniese\/\" target=\"_blank\"><span style=\"color: #0000cd;\"><em>\u201cHumor Rondoniense\u201d<\/em><\/span><\/a><\/strong><\/u> e a do programa <a href=\"https:\/\/www.facebook.com\/vailasabidotv\/\" target=\"_blank\"><span style=\"color: #0000cd;\"><u><strong><em>\u201cVai L\u00e1, Sabido\u201d<\/em><\/strong><\/u><\/span><\/a>.<\/span><\/span><\/p>\n<p><span style=\"font-size: 18px;\"><span style=\"font-family: Georgia,serif;\">Com os n\u00fameros somados, esses grupos ostentam quase um milh\u00e3o de seguidores e a vitrine para os mais variados embates se estende tamb\u00e9m a outros rinc\u00f5es brasileiros.<\/span><\/span><\/p>\n<p><span style=\"font-size: 18px;\"><span style=\"font-family: Georgia,serif;\">Os usu\u00e1rios se divertem com singularidades regionais ao mesmo tempo em que se deparam com quest\u00f5es de ordem \u00e9tico-morais \u00e0 mesa de discuss\u00e3o.<\/span><\/span><\/p>\n<p><span style=\"font-size: 18px;\"><span style=\"font-family: Georgia,serif;\">Para se ter ideia, o caso peculiar da <i>Menina do Salsich\u00e3o<\/i> \u2013 <i>digital influencer<\/i> (?) que se autoproclamou pessoa p\u00fablica (?) \u2013 foi alvo de alt\u00edssima repercuss\u00e3o por conta da emp\u00e1fia de sua protagonista que, a despeito de tentar entreter seus seguidores, resolveu condenar a atitude de uma mulher que dividiu a conta do cachorro-quente com seu companheiro, tratando o assunto como esp\u00e9cie de aberra\u00e7\u00e3o alien\u00edgena.<\/span><\/span><\/p>\n<p><span style=\"font-size: 18px;\"><span style=\"font-family: Georgia,serif;\">O tiro saiu pela culatra.<\/span><\/span><\/p>\n<p><span style=\"font-size: 18px;\"><span style=\"font-family: Georgia,serif;\">O posicionamento mesquinho, superficial e extremamente f\u00fatil de quem parou o que estava fazendo para fiscalizar a vida alheia rendeu tanta bordoada que a mo\u00e7a acabou perdendo o prumo e, ainda assim, ao maior estilo <em>psicologia reversa<\/em>, continuou fazendo tro\u00e7a da desgra\u00e7a propalada mesmo ap\u00f3s chorar enquanto pedia desculpas e tentava se justificar.<\/span><\/span><\/p>\n<p><span style=\"font-size: 18px;\"><span style=\"font-family: Georgia,serif;\">Mas isso \u00e9 apenas um reflexo de como um \u00edmpeto narcisista pode chamar a aten\u00e7\u00e3o de forma extremamente negativa.<\/span><\/span><\/p>\n<p><span style=\"font-size: 18px;\"><span style=\"font-family: Georgia,serif;\">De fato, est\u00e3o nas figuras p\u00fablicas de verdade os maiores espectros depreciativos \u2013 e virais \u2013 que giram em torno dos posicionamentos mais contundentes apresentados pelos internautas.<\/span><\/span><\/p>\n<p><span style=\"font-size: 18px;\"><span style=\"font-family: Georgia,serif;\">Algumas autoridades sabem lidar muito bem com isso; outras nem tanto.<\/span><\/span><\/p>\n<p><iframe loading=\"lazy\" class=\"entry-thumb\" style=\"border: none; overflow: hidden;\" src=\"https:\/\/www.facebook.com\/plugins\/post.php?href=https%3A%2F%2Fwww.facebook.com%2FHumorrondoniese%2Fposts%2F1575168759236717&amp;width=700\" width=\"700\" height=\"471\" frameborder=\"0\" scrolling=\"no\"><\/iframe><br \/>\n<span style=\"font-size: 18px;\"><span style=\"font-family: Georgia,serif;\"><em>Gar\u00e7on \u00e9 &#8220;alvo&#8221; preferido das p\u00e1ginas de humor \/ Humor Rondoniense<\/em><\/span><\/span><\/p>\n<p><span style=\"font-size: 18px;\"><span style=\"font-family: Georgia,serif;\">Os cidad\u00e3os podem amar ou detestar o deputado federal Lindomar Gar\u00e7on (PRB), mas verdade seja dita: a m\u00e1 fama de <em>papagaio de pirata<\/em> e as sucessivas cr\u00edticas relacionadas ao seu mandato expostas por essas p\u00e1ginas de humor jamais o compeliram a tentar censurar a liberdade de express\u00e3o.<\/span><\/span><\/p>\n<p><span style=\"font-size: 18px;\"><span style=\"font-family: Georgia,serif;\">Mesmo que esteja munido da m\u00e1xima \u201c<em>falem mal, mas falem de mim\u201d<\/em>, o parlamentar leva a coisa na galhofa e at\u00e9 curte algumas postagens.<\/span><\/span><\/p>\n<p><img data-recalc-dims=\"1\" decoding=\"async\" class=\"entry-thumb\" src=\"https:\/\/i0.wp.com\/www.rondoniadinamica.com\/uploads\/700-22.jpg?w=600\" alt=\"\" \/><br \/>\n<em><span style=\"font-size: 16px;\"><span style=\"font-family: Georgia,serif;\">P\u00e1gina faz piada com o presidente da C\u00e2mara de Porto Velho \/ Humor em PVH<\/span><\/span><\/em><\/p>\n<p><span style=\"font-size: 18px;\"><span style=\"font-family: Georgia,serif;\">N\u00e3o \u00e9 o caso da colega de parlamento Mariana Carvalho (PSDB), que moveu a\u00e7\u00e3o de indeniza\u00e7\u00e3o por danos morais contra a <em>\u201cHumor em PVH\u201d<\/em>; ela pede ao Judici\u00e1rio nada menos do que R$ 20 mil pelas supostas viola\u00e7\u00f5es morais.<\/span><\/span><\/p>\n<p><span style=\"font-size: 18px;\"><span style=\"font-family: Georgia,serif;\"><strong>RELEMBRE<\/strong><br \/>\n<a href=\"http:\/\/www.rondoniadinamica.com\/arquivo\/mariana-carvalho-move-acao-contra-pagina-de-humor-no-facebook-juiz-nega-retirada-de-conteudo-e-rechaca-censura-a-liberdade-de-informacao,29158.shtml\" target=\"_blank\"><span style=\"color: #0000cd;\"><u><strong>Mariana Carvalho move a\u00e7\u00e3o contra p\u00e1gina de humor no Facebook; juiz nega retirada de conte\u00fado e recha\u00e7a censura \u00e0 liberdade de informa\u00e7\u00e3o<\/strong><\/u><\/span><\/a><\/span><\/span><\/p>\n<p><span style=\"font-size: 18px;\"><span style=\"font-family: Georgia,serif;\">Entre outros pontos significativos, o juiz que negou a liminar solicitada pela tucana para que as inser\u00e7\u00f5es fossem retiradas pelo administrador da p\u00e1gina disse algo diret\u00edssimo e importante: \u201cCensura n\u00e3o \u00e9 poss\u00edvel!\u201d. E basta.<\/span><\/span><\/p>\n<p><iframe loading=\"lazy\" class=\"entry-thumb\" style=\"border: none; overflow: hidden;\" src=\"https:\/\/www.facebook.com\/plugins\/post.php?href=https%3A%2F%2Fwww.facebook.com%2FHumorEmPvh%2Fposts%2F2012137695465941&amp;width=700\" width=\"700\" height=\"658\" frameborder=\"0\" scrolling=\"no\"><\/iframe><br \/>\n<em><span style=\"font-size: 16px;\"><span style=\"font-family: Georgia,serif;\">\u00c0s vezes os administradores n\u00e3o precisam nem se esfor\u00e7ar \/ Humor em PVH<\/span><\/span><\/em><\/p>\n<p><span style=\"font-size: 18px;\"><span style=\"font-family: Georgia,serif;\">Presidentes, prefeitos, governadores, vereadores, senadores da Rep\u00fablica, deputados federais e estaduais, secret\u00e1rios, enfim, todos est\u00e3o sujeitos ao crivo popular atrav\u00e9s de mat\u00e9rias exortadas de forma jocosa e em tem\u00e1ticas atemporais; um passo em falso dado l\u00e1 em 2014 pode e deve ser rememorado agora, ano de elei\u00e7\u00e3o.<\/span><\/span><\/p>\n<p><span style=\"font-size: 18px;\"><span style=\"font-family: Georgia,serif;\">E \u00e9 assim que o humor se torna coisa s\u00e9ria: quando a realidade tragic\u00f4mica passa a incomodar homens e mulheres que deveriam nos representar com honestidade, dec\u00eancia, car\u00e1ter e determina\u00e7\u00e3o.<\/span><\/span><\/p>\n<p><span style=\"font-size: 18px;\"><span style=\"font-family: Georgia,serif;\">Ent\u00e3o, que o riso do eleitor seja o choro do perdedor em 2018.<\/span><\/span><\/p>\n","protected":false},"excerpt":{"rendered":"<p>Tirando sarro, mas mostrando a realidade nua e crua das coisas, as postagens d\u00e3o vaz\u00e3o para cr\u00edticas sociais e a censura j\u00e1 tenta imperar sobre a vitrine negativa<\/p>\n","protected":false},"author":1,"featured_media":18839,"comment_status":"closed","ping_status":"open","sticky":false,"template":"","format":"standard","meta":{"_exactmetrics_skip_tracking":false,"_exactmetrics_sitenote_active":false,"_exactmetrics_sitenote_note":"","_exactmetrics_sitenote_category":0,"jetpack_post_was_ever_published":false,"_jetpack_newsletter_access":"","_jetpack_dont_email_post_to_subs":false,"_jetpack_newsletter_tier_id":0,"_jetpack_memberships_contains_paywalled_content":false,"_jetpack_memberships_contains_paid_content":false,"footnotes":"","jetpack_publicize_message":"","jetpack_publicize_feature_enabled":true,"jetpack_social_post_already_shared":true,"jetpack_social_options":{"image_generator_settings":{"template":"highway","enabled":false},"version":2}},"categories":[1],"tags":[],"class_list":["post-18838","post","type-post","status-publish","format-standard","has-post-thumbnail","hentry","category-notas"],"jetpack_publicize_connections":[],"jetpack_sharing_enabled":true,"jetpack_featured_media_url":"https:\/\/i0.wp.com\/blogdalucianaoliveira.com.br\/blog\/wp-content\/uploads\/2018\/08\/editorial.jpg?fit=960%2C640","jetpack_shortlink":"https:\/\/wp.me\/p7wKYW-4TQ","jetpack-related-posts":[],"_links":{"self":[{"href":"http:\/\/blogdalucianaoliveira.com.br\/blog\/wp-json\/wp\/v2\/posts\/18838","targetHints":{"allow":["GET"]}}],"collection":[{"href":"http:\/\/blogdalucianaoliveira.com.br\/blog\/wp-json\/wp\/v2\/posts"}],"about":[{"href":"http:\/\/blogdalucianaoliveira.com.br\/blog\/wp-json\/wp\/v2\/types\/post"}],"author":[{"embeddable":true,"href":"http:\/\/blogdalucianaoliveira.com.br\/blog\/wp-json\/wp\/v2\/users\/1"}],"replies":[{"embeddable":true,"href":"http:\/\/blogdalucianaoliveira.com.br\/blog\/wp-json\/wp\/v2\/comments?post=18838"}],"version-history":[{"count":6,"href":"http:\/\/blogdalucianaoliveira.com.br\/blog\/wp-json\/wp\/v2\/posts\/18838\/revisions"}],"predecessor-version":[{"id":18849,"href":"http:\/\/blogdalucianaoliveira.com.br\/blog\/wp-json\/wp\/v2\/posts\/18838\/revisions\/18849"}],"wp:featuredmedia":[{"embeddable":true,"href":"http:\/\/blogdalucianaoliveira.com.br\/blog\/wp-json\/wp\/v2\/media\/18839"}],"wp:attachment":[{"href":"http:\/\/blogdalucianaoliveira.com.br\/blog\/wp-json\/wp\/v2\/media?parent=18838"}],"wp:term":[{"taxonomy":"category","embeddable":true,"href":"http:\/\/blogdalucianaoliveira.com.br\/blog\/wp-json\/wp\/v2\/categories?post=18838"},{"taxonomy":"post_tag","embeddable":true,"href":"http:\/\/blogdalucianaoliveira.com.br\/blog\/wp-json\/wp\/v2\/tags?post=18838"}],"curies":[{"name":"wp","href":"https:\/\/api.w.org\/{rel}","templated":true}]}}