{"id":1885,"date":"2016-06-24T08:45:11","date_gmt":"2016-06-24T12:45:11","guid":{"rendered":"http:\/\/blogdalucianaoliveira.com.br\/blog\/?p=1885"},"modified":"2016-06-24T08:45:11","modified_gmt":"2016-06-24T12:45:11","slug":"gilmar-mendes-sendo-joel-santana-em-estocolmo","status":"publish","type":"post","link":"http:\/\/blogdalucianaoliveira.com.br\/blog\/2016\/06\/24\/gilmar-mendes-sendo-joel-santana-em-estocolmo\/","title":{"rendered":"Gilmar Mendes sendo Joel Santana em Estocolmo"},"content":{"rendered":"<div class=\"fb-video\" data-allowfullscreen=\"true\" data-href=\"https:\/\/www.facebook.com\/OCafezinho\/videos\/1129140707109061\/\"><\/div>\n<p>Exclusivo: Cafezinho entrevista Gilmar Mendes na Su\u00e9cia!<!--more--><\/p>\n<p>O blog O Cafezinho contratou o jornalista Wellington Calasans, radicado na Su\u00e9cia h\u00e1 muitos anos, para acompanhar Gilmar Mendes, ministro do STF e presidente do TSE, em evento realizado em Estocolmo, Su\u00e9cia.<\/p>\n<p>A presen\u00e7a de Gilmar, como tem ocorrido com todas as lideran\u00e7as do golpe no Brasil, n\u00e3o recebeu divulga\u00e7\u00e3o nenhuma, nem no Brasil nem na Su\u00e9cia, possivelmente com medo da realiza\u00e7\u00e3o de protestos contra o golpe.<\/p>\n<p>Acostumado a ambientes blindados pela m\u00eddia brasileira, com rep\u00f3rteres da Globo lhe fazendo perguntas &#8220;bonitinhas&#8221;, Mendes desta vez saiu da zona de conforto.<\/p>\n<p>O evento, que era fechado, se chamava &#8220;A situa\u00e7\u00e3o pol\u00edtica do Brasil e as institui\u00e7\u00f5es&#8221; e realizou-se na Universidade de Estocolmo.<\/p>\n<p>Durante o evento, Calasans pode fazer, em ingl\u00eas, algumas perguntas inc\u00f4modas a Gilmar Mendes, que o deixaram, segundo nosso rep\u00f3rter, bastante constrangido.<\/p>\n<p>Calasans perguntou, por exemplo, porque Dilma estaria sendo derrubada por manobras or\u00e7ament\u00e1rias rotineiras na administra\u00e7\u00e3o p\u00fablica, feita por quase todos os governadores e presidentes anteriores, e se isso n\u00e3o poderia provocar instabilidade no pa\u00eds, fragilizando a nossa democracia. Mendes respondeu (em p\u00e9ssimo ingl\u00eas) que o processo contra Dilma era mais &#8220;pol\u00edtico&#8221; que &#8220;jur\u00eddico&#8221;, sem conseguir esconder a fragilidade jur\u00eddica das acusa\u00e7\u00f5es contra a presidenta.<\/p>\n<p>Terminado o evento, Calasans teve a oportunidade de fazer uma entrevista exclusiva, dessa vez em portugu\u00eas, com o ministro, repetindo as perguntas que h\u00e1 havia feito em ingl\u00eas.<\/p>\n<p>Observe como Gilmar, na primeira pergunta, se enrola todo ao responder sobre os riscos sist\u00eamicos \u00e0 democracia provocados por um impeachment sem crime de responsabilidade. Afinal, se n\u00e3o \u00e9 preciso apontar um crime, qualquer governador ou prefeito pode ser derrubado em caso de perda de apoio pol\u00edtico parlamentar.<\/p>\n<p>O golpe nos transformou &#8211; violando a Constitui\u00e7\u00e3o &#8211; num regime parlamentarista!<\/p>\n<p>A resposta de Gilmar \u00e9 uma barbaridade, digna de figurar com destaque nos anais do golpe de Estado de 2016.<\/p>\n<p>Ele diz que &#8220;o processo \u00e9 pol\u00edtico, se ela tivesse cometido crime, se ficasse flagrantemente provado, que ela tivesse cometido crime, e ela tivesse 172 votos, ela tamb\u00e9m n\u00e3o seria processada&#8221;.<\/p>\n<p>Ora, ora, ora!<\/p>\n<p>A m\u00e1scara dos golpistas est\u00e1 caindo na velocidade da luz.<\/p>\n<p>Quer dizer que Dilma n\u00e3o cometeu crime e ser\u00e1 derrubada?<\/p>\n<p>E se ela &#8220;tivesse flagrantemente cometido crime&#8221;, poderia n\u00e3o ser derrubada?<\/p>\n<p>Eita, Brasil! Condena quem n\u00e3o cometeu crime, inocenta quem cometeu, tudo por conta de julgamentos pol\u00edticos realizados por um parlamentos cheio de bandidos presidido por Cunha!<\/p>\n<p>E o voto popular, que \u00e9 o principal julgamento pol\u00edtico da nossa democracia, n\u00e3o vale nada?<\/p>\n<p>Gilmar esqueceu disso? Que Dilma ganhou, por duas vezes consecutivas, as elei\u00e7\u00f5es presidenciais?<\/p>\n<p>O voto de um punhado de deputados enrolados com a justi\u00e7a, liderados por uma figura como Eduardo Cunha, vale mais que o sufr\u00e1gio universal de 140 milh\u00f5es de eleitores?<\/p>\n<p>N\u00e3o, Gilmar n\u00e3o esqueceu, tanto que, como ministro do TSE respons\u00e1vel pelas contas da Dilma (e agora como presidente do TSE), mandou reabrir inqu\u00e9ritos contra a campanha dela v\u00e1rias vezes. As contas s\u00e3o aprovadas e Gilmar reabre a investiga\u00e7\u00e3o, sempre tentando criar factoides pol\u00edticos negativos para o governo, com objetivo de desestabiliz\u00e1-lo e de criar atmosfera pol\u00edtica mais prop\u00edcia para o golpe tipo 1 (parlamentar, que est\u00e1 dando certo) ou tipo 2 (cassa\u00e7\u00e3o eleitoral, que \u00e9 o plano B dos golpistas). E agora Gilmar quer separar as contas de Dilma e Temer, obviamente para reprovar s\u00f3 a primeira, uma bizarrice que mereceu, inclusive, uma pergunta cr\u00edtica de um professor sueco que participava do encontro, para grande constrangimento do ministro.<\/p>\n<p>A bizarrice \u00e9 tanta que Gilmar, j\u00e1 satisfeito com o relativo e tempor\u00e1rio sucesso do golpe, puxou o freio do processo de investiga\u00e7\u00e3o das contas de Dilma, postergando-o para o ano que vem.<\/p>\n<p>\u00c9 assim, ele acelera, atrasa, reabre, a an\u00e1lise das contas de Dilma a seu bel prazer.<\/p>\n<p>Gilmar inaugura uma nova modalidade de chicana jur\u00eddica: a chicana de acusa\u00e7\u00e3o, conduzida pelo pr\u00f3prio juiz!<\/p>\n<p>Em seguida, Calasans perguntou porque Lula foi impedido de assumir o minist\u00e9rio, sob pretexto de que estaria tentando &#8220;fugir&#8221; da justi\u00e7a comum, enquanto Michel Temer nomeou mais de sete ministros indiciados que tamb\u00e9m, ao assumirem o cargo, ganharam f\u00f3ro privilegiado, e poderiam igualmente ser acusados de estarem &#8220;fugindo&#8221;.<\/p>\n<p>Mais uma vez, Mendes se embananou todo e disse que as situa\u00e7\u00f5es eram completamente diferentes, sem conseguir apontar nenhuma diferen\u00e7a.<\/p>\n<p>Por fim, Calasans perguntou a Mendes se ele considera que n\u00e3o h\u00e1 mais espa\u00e7o para contesta\u00e7\u00e3o ao impeachment junto ao Supremo Tribunal Federal (STF). Como de praxe, Mendes julgou fora dos autos um processo que ainda pode ter de julgar no tribunal, o que \u00e9 absolutamente anti-\u00e9tico: ele respondeu que o STF j\u00e1 teria&#8221;exaurido&#8221; as quest\u00f5es em torno do impeachment.<\/p>\n<p>Abaixo, a entrevista exclusiva com Gilmar Mendes, feita por Wellington Calasans, filmada por Pedro Gomes, especialmente para o Cafezinho.<\/p>\n","protected":false},"excerpt":{"rendered":"<p>Exclusivo: Cafezinho entrevista Gilmar Mendes na Su\u00e9cia!<\/p>\n","protected":false},"author":1,"featured_media":0,"comment_status":"closed","ping_status":"open","sticky":false,"template":"","format":"standard","meta":{"_exactmetrics_skip_tracking":false,"_exactmetrics_sitenote_active":false,"_exactmetrics_sitenote_note":"","_exactmetrics_sitenote_category":0,"jetpack_post_was_ever_published":false,"_jetpack_newsletter_access":"","_jetpack_dont_email_post_to_subs":false,"_jetpack_newsletter_tier_id":0,"_jetpack_memberships_contains_paywalled_content":false,"_jetpack_memberships_contains_paid_content":false,"footnotes":"","jetpack_publicize_message":"","jetpack_publicize_feature_enabled":true,"jetpack_social_post_already_shared":true,"jetpack_social_options":{"image_generator_settings":{"template":"highway","enabled":false},"version":2}},"categories":[1],"tags":[],"class_list":["post-1885","post","type-post","status-publish","format-standard","hentry","category-notas"],"jetpack_publicize_connections":[],"jetpack_sharing_enabled":true,"jetpack_featured_media_url":"","jetpack_shortlink":"https:\/\/wp.me\/p7wKYW-up","jetpack-related-posts":[],"_links":{"self":[{"href":"http:\/\/blogdalucianaoliveira.com.br\/blog\/wp-json\/wp\/v2\/posts\/1885","targetHints":{"allow":["GET"]}}],"collection":[{"href":"http:\/\/blogdalucianaoliveira.com.br\/blog\/wp-json\/wp\/v2\/posts"}],"about":[{"href":"http:\/\/blogdalucianaoliveira.com.br\/blog\/wp-json\/wp\/v2\/types\/post"}],"author":[{"embeddable":true,"href":"http:\/\/blogdalucianaoliveira.com.br\/blog\/wp-json\/wp\/v2\/users\/1"}],"replies":[{"embeddable":true,"href":"http:\/\/blogdalucianaoliveira.com.br\/blog\/wp-json\/wp\/v2\/comments?post=1885"}],"version-history":[{"count":1,"href":"http:\/\/blogdalucianaoliveira.com.br\/blog\/wp-json\/wp\/v2\/posts\/1885\/revisions"}],"predecessor-version":[{"id":1886,"href":"http:\/\/blogdalucianaoliveira.com.br\/blog\/wp-json\/wp\/v2\/posts\/1885\/revisions\/1886"}],"wp:attachment":[{"href":"http:\/\/blogdalucianaoliveira.com.br\/blog\/wp-json\/wp\/v2\/media?parent=1885"}],"wp:term":[{"taxonomy":"category","embeddable":true,"href":"http:\/\/blogdalucianaoliveira.com.br\/blog\/wp-json\/wp\/v2\/categories?post=1885"},{"taxonomy":"post_tag","embeddable":true,"href":"http:\/\/blogdalucianaoliveira.com.br\/blog\/wp-json\/wp\/v2\/tags?post=1885"}],"curies":[{"name":"wp","href":"https:\/\/api.w.org\/{rel}","templated":true}]}}