{"id":18850,"date":"2018-08-26T18:26:42","date_gmt":"2018-08-26T22:26:42","guid":{"rendered":"http:\/\/blogdalucianaoliveira.com.br\/blog\/?p=18850"},"modified":"2018-08-26T18:26:42","modified_gmt":"2018-08-26T22:26:42","slug":"eletrobras-omite-situacao-real-da-ceron-distorce-informacoes-da-sociedade-e-possivel-invesidores-mais-uma-condenacao-milionaria-em-acao-civil-publica","status":"publish","type":"post","link":"http:\/\/blogdalucianaoliveira.com.br\/blog\/2018\/08\/26\/eletrobras-omite-situacao-real-da-ceron-distorce-informacoes-da-sociedade-e-possivel-invesidores-mais-uma-condenacao-milionaria-em-acao-civil-publica\/","title":{"rendered":"ELETROBRAS OMITE SITUA\u00c7\u00c3O REAL DA CERON, DISTORCE INFORMA\u00c7\u00d5ES DA SOCIEDADE E POSS\u00cdVEL INVESIDORES \u2013 MAIS UMA CONDENA\u00c7\u00c3O MILION\u00c1RIA EM A\u00c7\u00c3O CIVIL P\u00daBLICA"},"content":{"rendered":"<p><img data-recalc-dims=\"1\" loading=\"lazy\" decoding=\"async\" data-attachment-id=\"18851\" data-permalink=\"http:\/\/blogdalucianaoliveira.com.br\/blog\/2018\/08\/26\/eletrobras-omite-situacao-real-da-ceron-distorce-informacoes-da-sociedade-e-possivel-invesidores-mais-uma-condenacao-milionaria-em-acao-civil-publica\/70b433e2-4b69-4155-a301-a763e048aaf9\/\" data-orig-file=\"https:\/\/i0.wp.com\/blogdalucianaoliveira.com.br\/blog\/wp-content\/uploads\/2018\/08\/70B433E2-4B69-4155-A301-A763E048AAF9.jpeg?fit=700%2C467\" data-orig-size=\"700,467\" data-comments-opened=\"0\" data-image-meta=\"{&quot;aperture&quot;:&quot;0&quot;,&quot;credit&quot;:&quot;&quot;,&quot;camera&quot;:&quot;&quot;,&quot;caption&quot;:&quot;&quot;,&quot;created_timestamp&quot;:&quot;0&quot;,&quot;copyright&quot;:&quot;&quot;,&quot;focal_length&quot;:&quot;0&quot;,&quot;iso&quot;:&quot;0&quot;,&quot;shutter_speed&quot;:&quot;0&quot;,&quot;title&quot;:&quot;&quot;,&quot;orientation&quot;:&quot;1&quot;}\" data-image-title=\"70B433E2-4B69-4155-A301-A763E048AAF9\" data-image-description=\"\" data-image-caption=\"\" data-medium-file=\"https:\/\/i0.wp.com\/blogdalucianaoliveira.com.br\/blog\/wp-content\/uploads\/2018\/08\/70B433E2-4B69-4155-A301-A763E048AAF9.jpeg?fit=300%2C200\" data-large-file=\"https:\/\/i0.wp.com\/blogdalucianaoliveira.com.br\/blog\/wp-content\/uploads\/2018\/08\/70B433E2-4B69-4155-A301-A763E048AAF9.jpeg?fit=600%2C400\" src=\"https:\/\/i0.wp.com\/blogdalucianaoliveira.com.br\/blog\/wp-content\/uploads\/2018\/08\/70B433E2-4B69-4155-A301-A763E048AAF9.jpeg?resize=600%2C400\" alt=\"70B433E2-4B69-4155-A301-A763E048AAF9\" width=\"600\" height=\"400\" class=\"alignnone size-full wp-image-18851\" srcset=\"https:\/\/i0.wp.com\/blogdalucianaoliveira.com.br\/blog\/wp-content\/uploads\/2018\/08\/70B433E2-4B69-4155-A301-A763E048AAF9.jpeg?w=700 700w, https:\/\/i0.wp.com\/blogdalucianaoliveira.com.br\/blog\/wp-content\/uploads\/2018\/08\/70B433E2-4B69-4155-A301-A763E048AAF9.jpeg?resize=300%2C200 300w, https:\/\/i0.wp.com\/blogdalucianaoliveira.com.br\/blog\/wp-content\/uploads\/2018\/08\/70B433E2-4B69-4155-A301-A763E048AAF9.jpeg?resize=450%2C300 450w\" sizes=\"auto, (max-width: 600px) 100vw, 600px\" \/><\/p>\n<p>A Centrais El\u00e9tricas Brasileiras \u2013 Eletrobras, atrav\u00e9s de seu Presidente Wilson Pinto, vem escondendo as reais situa\u00e7\u00e3o da Ceron \u2013 Centrais El\u00e9tricas de Rond\u00f4nia, empresa que sob a coordena\u00e7\u00e3o do  BNDES \u2013 Banco Nacional de Desenvolvimento Social, pretende privatizar no pr\u00f3ximo dia 30 de agosto, juntamente com outras distribuidoras de energia el\u00e9trica dos Estados de Acre, Amazonas e Roraima.<!--more--><\/p>\n<p>Inicialmente a Eletrobras e o BNDES, como estrat\u00e9gia para justificar a privatiza\u00e7\u00e3o dessas empresas, apresentam informa\u00e7\u00f5es distorcidas sobre as reais situa\u00e7\u00f5es dessas empresas, informando para a sociedade apenas os seus resultados, se omitindo totalmente quanto quais as causas desses resultados, que s\u00e3o decorrentes de entre outros fatores, das constantes mudan\u00e7as nas regras do setor el\u00e9trico; dos elevados custos para a manuten\u00e7\u00e3o dos servi\u00e7os em localidades que n\u00e3o est\u00e3o interligados ao chamado \u201clinh\u00e3o\u201d, que apesar de ter parte desses custos subsidiados por consumidores de todo o Brasil, h\u00e1 um grande descompasso entre a realiza\u00e7\u00e3o das despesas e o ressarcimento de parte por parte dos \u00f3rg\u00e3os gestores dos fundos setoriais. Mas para esses \u00f3rg\u00e3os, os \u00fanic os respons\u00e1veis s\u00e3o os empregados dessas empresas que n\u00e3o possuem qualquer influencia nas decis\u00f5es de gest\u00e3o e ainda s\u00e3o chamados de \u201cvagabundos\u201d.<\/p>\n<p>A Eletrobras e o BNDES, apesar de espalhar em todos os cantos que o processo est\u00e1 sendo transparente, que todas as informa\u00e7\u00f5es sobre a Ceron, est\u00e3o no tal de \u201cescrit\u00f3rio virtual\u201d que teve o acesso pelos potenciais interessados fechado na \u00faltima sexta feira (24), tem adotado na pr\u00e1tica um procedimento totalmente diferente, o que p\u00f4de ser constatado em diversos momentos, como no caso mais ressente, a condena\u00e7\u00e3o da Ceron em todas as inst\u00e2ncias numa A\u00e7\u00e3o Civil P\u00fablica demandada pelo Minist\u00e9rio P\u00fablico de Rond\u00f4nia (001080-87), relacionada a qualidade dos servi\u00e7os no Munic\u00edpio de S\u00e3o Felipe do Quapor\u00e9, onde o pedido na inicial foi de 83 milh\u00f5es de reais. Para essa a\u00e7\u00e3o n\u00e3o existe mais recursos, a n\u00e3o ser que sejam aqueles chamados de \u201crecurs os protelat\u00f3rios\u201d feito geralmente pela parte perdedora na a\u00e7\u00e3o, com o prop\u00f3sito \u00fanico   de \u201cganhar tempo\u201d ou \u201cdar um barriga\u00e7o\u201d no cumprimento da decis\u00e3o.<\/p>\n<p>Segundo fontes da empresa, essa informa\u00e7\u00e3o n\u00e3o constou do \u201cescrit\u00f3rio virtual\u201d da Ceron e por consequ\u00eancia os grupos econ\u00f4micos interessados na aquisi\u00e7\u00e3o da concess\u00e3o dos servi\u00e7os, n\u00e3o foram informados sobre a mesma, com isso, foram cerceados de contabilizar esse custo em suas propostas no leil\u00e3o do dia 30 de agosto. Empregados  da Ceron afirmam que existem outras informa\u00e7\u00f5es e proje\u00e7\u00f5es com esse grau de influ\u00eancia no processo que foram sonegadas para a sociedade e os grupos econ\u00f4micos interessados.<\/p>\n<p>Ocorre que o passivo dessas distribuidoras, que pode representar uma d\u00edvida que pode chegar a 19 bilh\u00f5es de reais, com a n\u00e3o aprova\u00e7\u00e3o de lei pelo Congresso Nacional antes do dia 30 de agosto, passando essa d\u00edvida para a Eletrobras vender essas empresas por  50 mil reais cada, neg\u00f3cio que n\u00e3o se faz \u201cnem de pai para filho\u201d. No caso da Ceron tem passivo junto ao fundo setorial CCC \u2013 Conta de Combust\u00edvel Fosseis da ordem de 2,5 bi; autos de infra\u00e7\u00e3o de ICMS com estado da ordem de 1,3 bi, que por sinal tende a ter parecer da PGE \u2013 Procuradoria Geral do Estado contr\u00e1rio a celebra\u00e7\u00e3o do REFINS proposto; passivos de a\u00e7\u00f5es judiciais j\u00e1 provisionados de 1 bi;  d\u00edvida com a BR Distribuidora decorrente de c ombust\u00edvel para atender os servi\u00e7os nos munic\u00edpios n\u00e3o interligados ao \u201clinh\u00e3o\u201d de 2,5 bi e outras d\u00edvidas n\u00e3o relacionadas.<\/p>\n<p>Na segunda (27) encerra o prazo m\u00e1ximo para os grupos econ\u00f4micos apresentarem as documenta\u00e7\u00f5es exigidas e suas propostas. Informa\u00e7\u00f5es do BNDES (Leila Coimbra da Ag\u00eancia INFRA), tiveram acesso aos \u201cescrit\u00f3rios virtuais\u201d dessas empresas os grupos de investidores da Energisa; Equatorial;  Neoenergia e CPFL. Como trata-se de \u201cum jogo de cartas marcadas\u201d, todo mundo do setor sabe que no caso da Ceron e Eletroacre o \u201cprov\u00e1vel ganhador do certame\u201d ser\u00e1 o Grupo Energisa, que j\u00e1 vinha \u201cinvestindo\u201d de forma indireta nessas empresas desde que a gest\u00e3o delas foram centralizadas na Eletrobras controladora, e passou a ser dirigida por pessoas com fortes liga\u00e7\u00f5es com o mencionado grupo, que por sinal implantou praticamente o seu sistema de TI \u2013 Tecnologi a de Informa\u00e7\u00e3o nas referidas empresas. Pagar para ver. <\/p>\n","protected":false},"excerpt":{"rendered":"<p>A Centrais El\u00e9tricas Brasileiras \u2013 Eletrobras, atrav\u00e9s de seu Presidente Wilson Pinto, vem escondendo as reais situa\u00e7\u00e3o da Ceron \u2013 Centrais El\u00e9tricas de Rond\u00f4nia, empresa que sob a coordena\u00e7\u00e3o do BNDES \u2013 Banco Nacional de Desenvolvimento Social, pretende privatizar no pr\u00f3ximo dia 30 de agosto, juntamente com outras distribuidoras de energia el\u00e9trica dos Estados de&#8230;<a class=\"more-link\" href=\"http:\/\/blogdalucianaoliveira.com.br\/blog\/2018\/08\/26\/eletrobras-omite-situacao-real-da-ceron-distorce-informacoes-da-sociedade-e-possivel-invesidores-mais-uma-condenacao-milionaria-em-acao-civil-publica\/\">Continue a leitura <span class=\"meta-nav\">&raquo;<\/span><\/a><\/p>\n","protected":false},"author":1,"featured_media":0,"comment_status":"closed","ping_status":"open","sticky":false,"template":"","format":"standard","meta":{"_exactmetrics_skip_tracking":false,"_exactmetrics_sitenote_active":false,"_exactmetrics_sitenote_note":"","_exactmetrics_sitenote_category":0,"jetpack_post_was_ever_published":false,"_jetpack_newsletter_access":"","_jetpack_dont_email_post_to_subs":false,"_jetpack_newsletter_tier_id":0,"_jetpack_memberships_contains_paywalled_content":false,"_jetpack_memberships_contains_paid_content":false,"footnotes":"","jetpack_publicize_message":"","jetpack_publicize_feature_enabled":true,"jetpack_social_post_already_shared":true,"jetpack_social_options":{"image_generator_settings":{"template":"highway","enabled":false},"version":2}},"categories":[1],"tags":[],"class_list":["post-18850","post","type-post","status-publish","format-standard","hentry","category-notas"],"jetpack_publicize_connections":[],"jetpack_sharing_enabled":true,"jetpack_featured_media_url":"","jetpack_shortlink":"https:\/\/wp.me\/p7wKYW-4U2","jetpack-related-posts":[],"_links":{"self":[{"href":"http:\/\/blogdalucianaoliveira.com.br\/blog\/wp-json\/wp\/v2\/posts\/18850","targetHints":{"allow":["GET"]}}],"collection":[{"href":"http:\/\/blogdalucianaoliveira.com.br\/blog\/wp-json\/wp\/v2\/posts"}],"about":[{"href":"http:\/\/blogdalucianaoliveira.com.br\/blog\/wp-json\/wp\/v2\/types\/post"}],"author":[{"embeddable":true,"href":"http:\/\/blogdalucianaoliveira.com.br\/blog\/wp-json\/wp\/v2\/users\/1"}],"replies":[{"embeddable":true,"href":"http:\/\/blogdalucianaoliveira.com.br\/blog\/wp-json\/wp\/v2\/comments?post=18850"}],"version-history":[{"count":1,"href":"http:\/\/blogdalucianaoliveira.com.br\/blog\/wp-json\/wp\/v2\/posts\/18850\/revisions"}],"predecessor-version":[{"id":18852,"href":"http:\/\/blogdalucianaoliveira.com.br\/blog\/wp-json\/wp\/v2\/posts\/18850\/revisions\/18852"}],"wp:attachment":[{"href":"http:\/\/blogdalucianaoliveira.com.br\/blog\/wp-json\/wp\/v2\/media?parent=18850"}],"wp:term":[{"taxonomy":"category","embeddable":true,"href":"http:\/\/blogdalucianaoliveira.com.br\/blog\/wp-json\/wp\/v2\/categories?post=18850"},{"taxonomy":"post_tag","embeddable":true,"href":"http:\/\/blogdalucianaoliveira.com.br\/blog\/wp-json\/wp\/v2\/tags?post=18850"}],"curies":[{"name":"wp","href":"https:\/\/api.w.org\/{rel}","templated":true}]}}