{"id":18856,"date":"2018-08-28T11:09:08","date_gmt":"2018-08-28T15:09:08","guid":{"rendered":"http:\/\/blogdalucianaoliveira.com.br\/blog\/?p=18856"},"modified":"2018-08-28T11:09:08","modified_gmt":"2018-08-28T15:09:08","slug":"propostas-de-candidatos-para-seguranca-seguem-modelo-que-nao-funciona-diz-sociologa","status":"publish","type":"post","link":"http:\/\/blogdalucianaoliveira.com.br\/blog\/2018\/08\/28\/propostas-de-candidatos-para-seguranca-seguem-modelo-que-nao-funciona-diz-sociologa\/","title":{"rendered":"Propostas de candidatos para seguran\u00e7a seguem modelo que n\u00e3o funciona, diz soci\u00f3loga"},"content":{"rendered":"<p><img data-recalc-dims=\"1\" loading=\"lazy\" decoding=\"async\" data-attachment-id=\"18857\" data-permalink=\"http:\/\/blogdalucianaoliveira.com.br\/blog\/2018\/08\/28\/propostas-de-candidatos-para-seguranca-seguem-modelo-que-nao-funciona-diz-sociologa\/segu\/\" data-orig-file=\"https:\/\/i0.wp.com\/blogdalucianaoliveira.com.br\/blog\/wp-content\/uploads\/2018\/08\/segu.jpg?fit=640%2C425\" data-orig-size=\"640,425\" data-comments-opened=\"0\" data-image-meta=\"{&quot;aperture&quot;:&quot;0&quot;,&quot;credit&quot;:&quot;&quot;,&quot;camera&quot;:&quot;&quot;,&quot;caption&quot;:&quot;&quot;,&quot;created_timestamp&quot;:&quot;0&quot;,&quot;copyright&quot;:&quot;&quot;,&quot;focal_length&quot;:&quot;0&quot;,&quot;iso&quot;:&quot;0&quot;,&quot;shutter_speed&quot;:&quot;0&quot;,&quot;title&quot;:&quot;&quot;,&quot;orientation&quot;:&quot;0&quot;}\" data-image-title=\"segu\" data-image-description=\"\" data-image-caption=\"\" data-medium-file=\"https:\/\/i0.wp.com\/blogdalucianaoliveira.com.br\/blog\/wp-content\/uploads\/2018\/08\/segu.jpg?fit=300%2C199\" data-large-file=\"https:\/\/i0.wp.com\/blogdalucianaoliveira.com.br\/blog\/wp-content\/uploads\/2018\/08\/segu.jpg?fit=600%2C398\" src=\"https:\/\/i0.wp.com\/blogdalucianaoliveira.com.br\/blog\/wp-content\/uploads\/2018\/08\/segu.jpg?resize=600%2C398\" alt=\"segu\" width=\"600\" height=\"398\" class=\"alignnone size-full wp-image-18857\" srcset=\"https:\/\/i0.wp.com\/blogdalucianaoliveira.com.br\/blog\/wp-content\/uploads\/2018\/08\/segu.jpg?w=640 640w, https:\/\/i0.wp.com\/blogdalucianaoliveira.com.br\/blog\/wp-content\/uploads\/2018\/08\/segu.jpg?resize=300%2C199 300w, https:\/\/i0.wp.com\/blogdalucianaoliveira.com.br\/blog\/wp-content\/uploads\/2018\/08\/segu.jpg?resize=452%2C300 452w\" sizes=\"auto, (max-width: 600px) 100vw, 600px\" \/><\/p>\n<p>Seguran\u00e7a p\u00fablica \u00e9 a maior preocupa\u00e7\u00e3o dos brasileiros nas elei\u00e7\u00f5es de 2018<\/p>\n<p>Katia Guimar\u00e3es<br \/>\nBrasil de Fato | Bras\u00edlia<\/p>\n<p>A seguran\u00e7a p\u00fablica \u00e9 a maior preocupa\u00e7\u00e3o dos brasileiros e tem sido um dos principais temas das elei\u00e7\u00f5es de 2018. Segundo levantamento feito pelo Instituto Paran\u00e1 Pesquisas, 27,2% dos entrevistados declararam que seu maior medo em rela\u00e7\u00e3o ao futuro \u00e9 a inseguran\u00e7a e o aumento da viol\u00eancia. As propostas dos candidatos a cargos p\u00fablicos no pleito desse ano s\u00e3o sempre as mesmas, aumentar o investimento na pol\u00edcia, armamento, tecnologia e intelig\u00eancia. Dados dos Anu\u00e1rios Brasileiros de Seguran\u00e7a P\u00fablica, no entanto, mostram que essas solu\u00e7\u00f5es s\u00f3 ampliaram a viol\u00eancia e feriram os direitos e garantias individuais. <\/p>\n<p>Para a coordenadora do grupo de trabalho de seguran\u00e7a p\u00fablica do Projeto Brasil Popular, elaborado pela Frente Brasil Popular, Vera Malaguti, o problema est\u00e1 justamente na falta de compreens\u00e3o sobre a quest\u00e3o criminal. Segundo ela, o Brasil nunca investiu tanto em seguran\u00e7a p\u00fablica e mesmo assim, a criminalidade continua. Atuar nas premissas que podem evitar a viol\u00eancia, como educa\u00e7\u00e3o, sa\u00fade e cultura \u00e9 parte da sa\u00edda para o problema. Ao avaliar os debates dos presidenci\u00e1veis sobre o tema, Vera diz que, no capitalismo, a quest\u00e3o criminal tem uma import\u00e2ncia central e, por isso, solu\u00e7\u00f5es f\u00e1ceis como o armamento policial e o aumento de investimento parecem ser a resposta. <\/p>\n<p>Soci\u00f3loga e professora de Criminologia da Faculdade de Direito da Universidade do Estado do Rio de Janeiro (UERJ), Vera diz que o Brasil ficou \u201cpolicizado\u201d, e os confrontos e a viol\u00eancia policial s\u00f3 aumentaram. \u201cQuando um pa\u00eds fica em um estado policial como o nosso, com uma matan\u00e7a t\u00e3o grande, com tanta gente presa, com tanta pol\u00edcia \u00e9 sinal de que alguma coisa est\u00e1 muito mal socialmente\u201d, afirma. \u201cO que uma for\u00e7a de esquerda teria que ser \u00e9 a ant\u00edtese do bolsonarismo, seria a ideia de reduzir o estado policial, n\u00e3o reformar, dar aula disso, dar aula daquilo, agora vai inventar a boa pol\u00edcia. N\u00e3o! \u00c9 a gente sair do estado de guerra e para isso \u00e9 preciso ter a compreens\u00e3o do papel que a quest\u00e3o criminal desempenha no capitalismo contempor\u00e2neo\u201d, ressalta.<\/p>\n<p>Como exemplo negativo de pol\u00edtica de seguran\u00e7a p\u00fablica, Vera Malaguti cita a fracassada interven\u00e7\u00e3o federal no Rio de Janeiro. \u201cAqui no Rio de Janeiro, as For\u00e7a Armadas entraram com plano estrat\u00e9gico, aqui est\u00e1 uma desgra\u00e7a. Se tivesse investido 1\/5 na sa\u00fade, na educa\u00e7\u00e3o, talvez a nossa seguran\u00e7a estivesse melhor\u201d, diz. <\/p>\n<p>Para a soci\u00f3loga, o pa\u00eds precisa rever de imediato a atua\u00e7\u00e3o do estado na seguran\u00e7a p\u00fablica sob pena de o caos aumentar. \u201cAs coisas s\u00f3 v\u00e3o piorar, vai ter mais gente presa, vai ter mais gente morta, vai ser uma sociedade cada vez mais violenta, mais raivosa, mais linchadora, tudo isso que a gente esta assistindo ao mesmo tempo em que se investe loucamente em seguran\u00e7a p\u00fablica como nunca se investiu. Ent\u00e3o, \u00e9 hora de pensar nunca se investiu tanto em seguran\u00e7a p\u00fablica nunca estivemos t\u00e3o mal. Ser\u00e1 que o problema n\u00e3o pode ser exatamente esse?<\/p>\n<p>Desde 2016, a Frente Brasil Popular, que re\u00fane diferentes for\u00e7as de esquerda e movimentos sociais, criou 30 grupos de trabalho para formular um projeto de desenvolvimento nacional em diversas \u00e1reas, entre elas, propostas para a seguran\u00e7a p\u00fablica. O caderno sobre o tema chama aten\u00e7\u00e3o para a quest\u00e3o das drogas il\u00edcitas e diz que a atual pol\u00edtica evidencia a criminaliza\u00e7\u00e3o da pobreza e a seletividade do sistema penal. Afirma ainda que a pol\u00edtica criminal b\u00e9lica \u00e9 respons\u00e1vel pela expans\u00e3o do sistema penitenci\u00e1rio e pelo aumento do encarceramento. <\/p>\n<p>Para enfrentar esse cen\u00e1rio, o grupo de seguran\u00e7a apresenta diversas propostas que passam, inclusive, pela n\u00e3o utiliza\u00e7\u00e3o de instrumentos b\u00e9licos e letais. Entre elas est\u00e3o: descriminaliza\u00e7\u00e3o das drogas, do aborto e de um grupo de crimes; despenaliza\u00e7\u00e3o; descarcerizac\u00e3o com aumento de aplica\u00e7\u00e3o de penas alternativas e substitui\u00e7\u00e3o de penas; reforma do sistema prisional e da pol\u00edtica criminal do Judici\u00e1rio; reformula\u00e7\u00e3o do trabalho policial com redu\u00e7\u00e3o do armamento b\u00e9lico e investimentos em pol\u00edticas sociais. <\/p>\n<p>Edi\u00e7\u00e3o: Tayguara Ribeiro<\/p>\n","protected":false},"excerpt":{"rendered":"<p>Seguran\u00e7a p\u00fablica \u00e9 a maior preocupa\u00e7\u00e3o dos brasileiros nas elei\u00e7\u00f5es de 2018 Katia Guimar\u00e3es Brasil de Fato | Bras\u00edlia A seguran\u00e7a p\u00fablica \u00e9 a maior preocupa\u00e7\u00e3o dos brasileiros e tem sido um dos principais temas das elei\u00e7\u00f5es de 2018. Segundo levantamento feito pelo Instituto Paran\u00e1 Pesquisas, 27,2% dos entrevistados declararam que seu maior medo em&#8230;<a class=\"more-link\" href=\"http:\/\/blogdalucianaoliveira.com.br\/blog\/2018\/08\/28\/propostas-de-candidatos-para-seguranca-seguem-modelo-que-nao-funciona-diz-sociologa\/\">Continue a leitura <span class=\"meta-nav\">&raquo;<\/span><\/a><\/p>\n","protected":false},"author":1,"featured_media":0,"comment_status":"closed","ping_status":"open","sticky":false,"template":"","format":"standard","meta":{"_exactmetrics_skip_tracking":false,"_exactmetrics_sitenote_active":false,"_exactmetrics_sitenote_note":"","_exactmetrics_sitenote_category":0,"jetpack_post_was_ever_published":false,"_jetpack_newsletter_access":"","_jetpack_dont_email_post_to_subs":false,"_jetpack_newsletter_tier_id":0,"_jetpack_memberships_contains_paywalled_content":false,"_jetpack_memberships_contains_paid_content":false,"footnotes":"","jetpack_publicize_message":"","jetpack_publicize_feature_enabled":true,"jetpack_social_post_already_shared":true,"jetpack_social_options":{"image_generator_settings":{"template":"highway","enabled":false},"version":2}},"categories":[1],"tags":[],"class_list":["post-18856","post","type-post","status-publish","format-standard","hentry","category-notas"],"jetpack_publicize_connections":[],"jetpack_sharing_enabled":true,"jetpack_featured_media_url":"","jetpack_shortlink":"https:\/\/wp.me\/p7wKYW-4U8","jetpack-related-posts":[],"_links":{"self":[{"href":"http:\/\/blogdalucianaoliveira.com.br\/blog\/wp-json\/wp\/v2\/posts\/18856","targetHints":{"allow":["GET"]}}],"collection":[{"href":"http:\/\/blogdalucianaoliveira.com.br\/blog\/wp-json\/wp\/v2\/posts"}],"about":[{"href":"http:\/\/blogdalucianaoliveira.com.br\/blog\/wp-json\/wp\/v2\/types\/post"}],"author":[{"embeddable":true,"href":"http:\/\/blogdalucianaoliveira.com.br\/blog\/wp-json\/wp\/v2\/users\/1"}],"replies":[{"embeddable":true,"href":"http:\/\/blogdalucianaoliveira.com.br\/blog\/wp-json\/wp\/v2\/comments?post=18856"}],"version-history":[{"count":1,"href":"http:\/\/blogdalucianaoliveira.com.br\/blog\/wp-json\/wp\/v2\/posts\/18856\/revisions"}],"predecessor-version":[{"id":18858,"href":"http:\/\/blogdalucianaoliveira.com.br\/blog\/wp-json\/wp\/v2\/posts\/18856\/revisions\/18858"}],"wp:attachment":[{"href":"http:\/\/blogdalucianaoliveira.com.br\/blog\/wp-json\/wp\/v2\/media?parent=18856"}],"wp:term":[{"taxonomy":"category","embeddable":true,"href":"http:\/\/blogdalucianaoliveira.com.br\/blog\/wp-json\/wp\/v2\/categories?post=18856"},{"taxonomy":"post_tag","embeddable":true,"href":"http:\/\/blogdalucianaoliveira.com.br\/blog\/wp-json\/wp\/v2\/tags?post=18856"}],"curies":[{"name":"wp","href":"https:\/\/api.w.org\/{rel}","templated":true}]}}