{"id":18860,"date":"2018-08-28T11:30:00","date_gmt":"2018-08-28T15:30:00","guid":{"rendered":"http:\/\/blogdalucianaoliveira.com.br\/blog\/?p=18860"},"modified":"2018-08-28T11:31:28","modified_gmt":"2018-08-28T15:31:28","slug":"comeca-nesta-terca-28-distribuidoras-do-sistema-eletrobras-paralisam-suas-atividades-por-72-horas","status":"publish","type":"post","link":"http:\/\/blogdalucianaoliveira.com.br\/blog\/2018\/08\/28\/comeca-nesta-terca-28-distribuidoras-do-sistema-eletrobras-paralisam-suas-atividades-por-72-horas\/","title":{"rendered":"Come\u00e7a nesta ter\u00e7a (28): distribuidoras do sistema Eletrobras paralisam suas atividades por 72 horas"},"content":{"rendered":"<p><img data-recalc-dims=\"1\" loading=\"lazy\" decoding=\"async\" data-attachment-id=\"18862\" data-permalink=\"http:\/\/blogdalucianaoliveira.com.br\/blog\/2018\/08\/28\/comeca-nesta-terca-28-distribuidoras-do-sistema-eletrobras-paralisam-suas-atividades-por-72-horas\/ceiii\/\" data-orig-file=\"https:\/\/i0.wp.com\/blogdalucianaoliveira.com.br\/blog\/wp-content\/uploads\/2018\/08\/ceiii.jpg?fit=960%2C466\" data-orig-size=\"960,466\" data-comments-opened=\"0\" data-image-meta=\"{&quot;aperture&quot;:&quot;0&quot;,&quot;credit&quot;:&quot;&quot;,&quot;camera&quot;:&quot;&quot;,&quot;caption&quot;:&quot;&quot;,&quot;created_timestamp&quot;:&quot;0&quot;,&quot;copyright&quot;:&quot;&quot;,&quot;focal_length&quot;:&quot;0&quot;,&quot;iso&quot;:&quot;0&quot;,&quot;shutter_speed&quot;:&quot;0&quot;,&quot;title&quot;:&quot;&quot;,&quot;orientation&quot;:&quot;0&quot;}\" data-image-title=\"ceiii\" data-image-description=\"\" data-image-caption=\"\" data-medium-file=\"https:\/\/i0.wp.com\/blogdalucianaoliveira.com.br\/blog\/wp-content\/uploads\/2018\/08\/ceiii.jpg?fit=300%2C146\" data-large-file=\"https:\/\/i0.wp.com\/blogdalucianaoliveira.com.br\/blog\/wp-content\/uploads\/2018\/08\/ceiii.jpg?fit=600%2C291\" src=\"https:\/\/i0.wp.com\/blogdalucianaoliveira.com.br\/blog\/wp-content\/uploads\/2018\/08\/ceiii.jpg?resize=600%2C291\" alt=\"ceiii\" width=\"600\" height=\"291\" class=\"alignnone size-full wp-image-18862\" srcset=\"https:\/\/i0.wp.com\/blogdalucianaoliveira.com.br\/blog\/wp-content\/uploads\/2018\/08\/ceiii.jpg?w=960 960w, https:\/\/i0.wp.com\/blogdalucianaoliveira.com.br\/blog\/wp-content\/uploads\/2018\/08\/ceiii.jpg?resize=300%2C146 300w, https:\/\/i0.wp.com\/blogdalucianaoliveira.com.br\/blog\/wp-content\/uploads\/2018\/08\/ceiii.jpg?resize=768%2C373 768w, https:\/\/i0.wp.com\/blogdalucianaoliveira.com.br\/blog\/wp-content\/uploads\/2018\/08\/ceiii.jpg?resize=618%2C300 618w\" sizes=\"auto, (max-width: 600px) 100vw, 600px\" \/><\/p>\n<p>Em Porto Velho, a concentra\u00e7\u00e3o \u00e9 em frente \u00e0 sede da empresa, a partir das 8 horas desta ter\u00e7a-feira, na avenida Imigrantes, em Porto Velho. <!--more--><\/p>\n<p>Da FNU<\/p>\n<p>A Intersindical de Distribui\u00e7\u00e3o formada pelos seis estados (Piau\u00ed, Alagoas, Amazonas, Acre, Roraima e Rond\u00f4nia) decidiu pela paralisa\u00e7\u00e3o de 72 horas nos dias 28, 29 e 30 de agosto contra a continuidade do processo de privatiza\u00e7\u00e3o e, principalmente, se for mantido o leil\u00e3o da Eletroacre, Ceron e Boa Vista Energia.<\/p>\n<p>A Federa\u00e7\u00e3o Nacional dos Urbanit\u00e1rios -FNU \u2013 est\u00e1 ao lado dos trabalhadores, pois est\u00e1 na luta contra a privatiza\u00e7\u00e3o do Sistema Eletrobras como um todo, especialmente das distribuidoras de energia, que t\u00eam um papel estrat\u00e9gico na nossa soberania energ\u00e9tica, sendo as indutoras do crescimento econ\u00f4mico e social nas regi\u00f5es Norte e Nordeste.<\/p>\n<p>A sociedade brasileira precisa ser alertada do profundo processo de desnacionaliza\u00e7\u00e3o do setor el\u00e9trico, a entrega deste patrim\u00f4nio a grupos estrangeiros da Espanha, It\u00e1lia e China causar\u00e3o impactos profundos na nossa economia atrav\u00e9s do aumento das tarifas, precariza\u00e7\u00e3o da m\u00e3o de obra, milhares de demiss\u00f5es, fim das tarifas sociais e programas de eletrifica\u00e7\u00e3o nas \u00e1reas interioranas. Portanto, essa paralisa\u00e7\u00e3o de 72 horas , aliada ao esfor\u00e7o conjunto na esfera pol\u00edtica e jur\u00eddica, ser\u00e1 fundamental nessa luta.<\/p>\n<p>\u00c9 importante destacar que no dia 30 de agosto ser\u00e1  realizado o Dia Nacional de Luta contra a privatiza\u00e7\u00e3o,<br \/>\ncom a participa\u00e7\u00e3o dos trabalhadores e trabalhadoras de todas as empresas do Sistema Eletrobras. Nesta data ser\u00e3o realizadas assembleias e atos pol\u00edticos e de protestos nos locais de trabalho.<\/p>\n<p>N\u00e3o \u00e0 privatiza\u00e7\u00e3o do sistema Eletrobras e a entrega do patrim\u00f4nio do povo brasileiro!<\/p>\n<p>Pressione os senadores contra a venda das distribuidoras Eletrobras e o Pr\u00e9-Sal<\/p>\n","protected":false},"excerpt":{"rendered":"<p>Em Porto Velho, a concentra\u00e7\u00e3o \u00e9 em frente \u00e0 sede da empresa, a partir das 8 horas desta ter\u00e7a-feira, na avenida Imigrantes, em Porto Velho.<\/p>\n","protected":false},"author":1,"featured_media":0,"comment_status":"closed","ping_status":"open","sticky":false,"template":"","format":"standard","meta":{"_exactmetrics_skip_tracking":false,"_exactmetrics_sitenote_active":false,"_exactmetrics_sitenote_note":"","_exactmetrics_sitenote_category":0,"jetpack_post_was_ever_published":false,"_jetpack_newsletter_access":"","_jetpack_dont_email_post_to_subs":false,"_jetpack_newsletter_tier_id":0,"_jetpack_memberships_contains_paywalled_content":false,"_jetpack_memberships_contains_paid_content":false,"footnotes":"","jetpack_publicize_message":"","jetpack_publicize_feature_enabled":true,"jetpack_social_post_already_shared":true,"jetpack_social_options":{"image_generator_settings":{"template":"highway","enabled":false},"version":2}},"categories":[1],"tags":[],"class_list":["post-18860","post","type-post","status-publish","format-standard","hentry","category-notas"],"jetpack_publicize_connections":[],"jetpack_sharing_enabled":true,"jetpack_featured_media_url":"","jetpack_shortlink":"https:\/\/wp.me\/p7wKYW-4Uc","jetpack-related-posts":[],"_links":{"self":[{"href":"http:\/\/blogdalucianaoliveira.com.br\/blog\/wp-json\/wp\/v2\/posts\/18860","targetHints":{"allow":["GET"]}}],"collection":[{"href":"http:\/\/blogdalucianaoliveira.com.br\/blog\/wp-json\/wp\/v2\/posts"}],"about":[{"href":"http:\/\/blogdalucianaoliveira.com.br\/blog\/wp-json\/wp\/v2\/types\/post"}],"author":[{"embeddable":true,"href":"http:\/\/blogdalucianaoliveira.com.br\/blog\/wp-json\/wp\/v2\/users\/1"}],"replies":[{"embeddable":true,"href":"http:\/\/blogdalucianaoliveira.com.br\/blog\/wp-json\/wp\/v2\/comments?post=18860"}],"version-history":[{"count":2,"href":"http:\/\/blogdalucianaoliveira.com.br\/blog\/wp-json\/wp\/v2\/posts\/18860\/revisions"}],"predecessor-version":[{"id":18864,"href":"http:\/\/blogdalucianaoliveira.com.br\/blog\/wp-json\/wp\/v2\/posts\/18860\/revisions\/18864"}],"wp:attachment":[{"href":"http:\/\/blogdalucianaoliveira.com.br\/blog\/wp-json\/wp\/v2\/media?parent=18860"}],"wp:term":[{"taxonomy":"category","embeddable":true,"href":"http:\/\/blogdalucianaoliveira.com.br\/blog\/wp-json\/wp\/v2\/categories?post=18860"},{"taxonomy":"post_tag","embeddable":true,"href":"http:\/\/blogdalucianaoliveira.com.br\/blog\/wp-json\/wp\/v2\/tags?post=18860"}],"curies":[{"name":"wp","href":"https:\/\/api.w.org\/{rel}","templated":true}]}}