{"id":18874,"date":"2018-08-30T12:08:12","date_gmt":"2018-08-30T16:08:12","guid":{"rendered":"http:\/\/blogdalucianaoliveira.com.br\/blog\/?p=18874"},"modified":"2018-08-30T12:08:12","modified_gmt":"2018-08-30T16:08:12","slug":"a-luta-das-mulheres-na-politica","status":"publish","type":"post","link":"http:\/\/blogdalucianaoliveira.com.br\/blog\/2018\/08\/30\/a-luta-das-mulheres-na-politica\/","title":{"rendered":"A luta das mulheres na pol\u00edtica"},"content":{"rendered":"<p><img data-recalc-dims=\"1\" loading=\"lazy\" decoding=\"async\" data-attachment-id=\"18875\" data-permalink=\"http:\/\/blogdalucianaoliveira.com.br\/blog\/2018\/08\/30\/a-luta-das-mulheres-na-politica\/luta-4\/\" data-orig-file=\"https:\/\/i0.wp.com\/blogdalucianaoliveira.com.br\/blog\/wp-content\/uploads\/2018\/08\/luta.jpg?fit=500%2C226\" data-orig-size=\"500,226\" data-comments-opened=\"0\" data-image-meta=\"{&quot;aperture&quot;:&quot;0&quot;,&quot;credit&quot;:&quot;&quot;,&quot;camera&quot;:&quot;&quot;,&quot;caption&quot;:&quot;&quot;,&quot;created_timestamp&quot;:&quot;0&quot;,&quot;copyright&quot;:&quot;&quot;,&quot;focal_length&quot;:&quot;0&quot;,&quot;iso&quot;:&quot;0&quot;,&quot;shutter_speed&quot;:&quot;0&quot;,&quot;title&quot;:&quot;&quot;,&quot;orientation&quot;:&quot;0&quot;}\" data-image-title=\"luta\" data-image-description=\"\" data-image-caption=\"\" data-medium-file=\"https:\/\/i0.wp.com\/blogdalucianaoliveira.com.br\/blog\/wp-content\/uploads\/2018\/08\/luta.jpg?fit=300%2C136\" data-large-file=\"https:\/\/i0.wp.com\/blogdalucianaoliveira.com.br\/blog\/wp-content\/uploads\/2018\/08\/luta.jpg?fit=500%2C226\" class=\"alignnone size-full wp-image-18875\" src=\"https:\/\/i0.wp.com\/blogdalucianaoliveira.com.br\/blog\/wp-content\/uploads\/2018\/08\/luta.jpg?resize=500%2C226\" alt=\"luta\" width=\"500\" height=\"226\" srcset=\"https:\/\/i0.wp.com\/blogdalucianaoliveira.com.br\/blog\/wp-content\/uploads\/2018\/08\/luta.jpg?w=500 500w, https:\/\/i0.wp.com\/blogdalucianaoliveira.com.br\/blog\/wp-content\/uploads\/2018\/08\/luta.jpg?resize=300%2C136 300w\" sizes=\"auto, (max-width: 500px) 100vw, 500px\" \/><\/p>\n<p>Dados mostram que representatividade feminina no Poder Legislativo \u00e9 baixa<!--more--><\/p>\n<p>No DM, por Marcus Vin\u00edcius Beck &#8211; Nos \u00faltimos anos, a socie\u00addade brasileira vem assis\u00adtindo o grito das mulheres que clamam por equiparar a desi\u00adgualdade de g\u00eanero. Em diferen\u00adtes esferas, do mundo esportivo ao corporativo, h\u00e1 uma luta pela reivindica\u00e7\u00e3o dos espa\u00e7os para que direitos conquistados ao lon\u00adgo desses \u00faltimos anos pelo movi\u00admento feminista sejam garantidos. Mesmo com todas as conquistas, a caminhada para que elas tenham de fato representatividade igual aos homens ainda ser\u00e1 longa.<\/p>\n<p>Levantamento feito pelo Di\u00e1rio da Manh\u00e3 revela que a presen\u00e7a fe\u00adminina no Poder Legislativo \u00e9 pe\u00adquena. Dos 513 deputados, apenas 54 s\u00e3o mulheres, ou seja, s\u00f3 12,5% do total. No Senado, das 81 cadei\u00adras, 13 s\u00e3o ocupadas por repre\u00adsentantes do sexo feminino, o que configura 16,4%. Enquanto isso, o Legislativo goiano conta com ape\u00adnas quatro mulheres entre os 41 deputados, cujo percentual atin\u00adge 8%. Para o pleito ao Pal\u00e1cio Pe\u00addro Ludovico, concorre K\u00e1tia Ma\u00adria (PT), Erenilda de Assis (PSol) vice de Wesley Garcia, Bruna Ven\u00adceslau (PCB) vice de Marcelo Lira e Raquel Teixeira (PSDB), vice de Jos\u00e9 Eliton. Ao Senado, disputam L\u00facia V\u00e2nia (PSB), Geli Sanches PT) e Magda Borges (PCB).<\/p>\n<p>Em mar\u00e7o, o Tribunal Superior Eleitoral (TSE) informou que 52% do eleitorado brasileiro \u00e9 formado por mulheres, representando mais de 77 milh\u00f5es de pessoas. Mas na pr\u00e1tica essa estat\u00edstica \u00e9 inexpres\u00adsiva. Isso porque o n\u00famero de can\u00addidatas \u00e9 desproporcional \u00e0 quan\u00adtidade de representantes do sexo feminino atuando na pol\u00edtica. So\u00admente em 2012 as candidaturas fe\u00admininas alcan\u00e7aram 30%. Para se ter uma ideia, nas elei\u00e7\u00f5es de 2016 31% dos concorrentes aos cargos legisla\u00adtivos e executivos eram mulheres.<\/p>\n<p>Anteontem, durante apresenta\u00ad\u00e7\u00e3o da Plataforma Mulheres na Po\u00adl\u00edtica, apresentada aos candidatos ao governo do estado pelo Conse\u00adlho Estadual da Mulher (Conem), a candidata ao governo de Goi\u00e1s pelo Partido dos Trabalhadores (PT) K\u00e1tia Maria disse que n\u00e3o enxerga a vida das mulheres apenas pelo vi\u00e9s do pa\u00adlanque eleitoral. Em sua fala, a petis\u00adta criticou a falta de estrutura das 22 Delegacias da Mulher existentes no Estado e lembrou o aumento de 15% no n\u00famero de feminic\u00eddio em Goi\u00e1s em rela\u00e7\u00e3o ao ano passado.<\/p>\n<p>\u201cGoi\u00e1s est\u00e1 em segundo lugar no ranking de feminic\u00eddios por estado e n\u00e3o se espantem se o estado pas\u00adsar para o primeiro lugar no ano que vem em fun\u00e7\u00e3o desta falta de estru\u00adtura e de pol\u00edticas p\u00fablicas efetivas e afirmativas para as mulheres\u201d, diz a candidata. K\u00e1tia afirmou que \u00e9 importante t\u00ea-las comprometidas em p\u00f4r em pr\u00e1tica pol\u00edticas p\u00fabli\u00adcas efetivas para reduzir essa esta\u00adt\u00edstica. \u201cN\u00f3s temos que emancipar nossas mulheres do ponto de vista psicol\u00f3gico, emocional, financeiro e social\u201d, declara a candidata, que estava acompanhada pela deputa\u00adda estadual Adriana Accorsi (PT).<\/p>\n<p>Candidata a deputada estadual pelo Avante, a soci\u00f3loga Aava Santia\u00adgo afirmou ao DM que o desafio en\u00adfrentado pelas mulheres na pol\u00edtica \u00e9 o mesmo que se v\u00ea em outros seto\u00adres da sociedade. Ela disse que, caso o parlamento contasse com maior presen\u00e7a feminina, os \u00edndices de cor\u00adrup\u00e7\u00e3o poderiam diminuir, al\u00e9m de gerar maior est\u00edmulo \u00e0s pol\u00edticas de inclus\u00e3o e justi\u00e7a social. Santiago ar\u00adgumentou ainda que essa realidade chegou a ser experimentada em al\u00adguns pa\u00edses da Europa, mas que no Brasil ainda \u00e9 uma realidade distante.<\/p>\n<p>\u201cAs mulheres precisam provar o tempo todo que tem compet\u00eancia, que mereceram, que s\u00e3o capazes de ocupar esses espa\u00e7os\u201d, diz San\u00adtiago, que foi presidente do Conse\u00adlho Estadual da Juventude (Con\u00adjuve-GO) na gest\u00e3o de Marconi Perillo (PSDB) \u00e0 frente do Pal\u00e1cio Pedro Ludovico Teixeira. \u201cPor\u00e9m, mais mulheres no parlamento re\u00adpresenta mais pol\u00edticas de inclus\u00e3o, mais pol\u00edticas p\u00fablicas e, at\u00e9 mes\u00admo, de acordo com alguns estu\u00addos, maior efetividade no comba\u00adte \u00e0 corrup\u00e7\u00e3o\u201d, conclui a soci\u00f3loga.<\/p>\n<p>&nbsp;<\/p>\n<p class=\"cf-tweet-this cf-tt-target cf-tt-enabled cf-tt-element-attached-center cf-tt-target-attached-center cf-tt-element-attached-top cf-tt-target-attached-bottom cf-tt-out-of-bounds cf-tt-out-of-bounds-top\">CARGOS ESTRAT\u00c9GICOS<\/p>\n<p>Para a cientista pol\u00edtica Lays Vieira, ocupar cargos estrat\u00e9gicos \u201cpor si s\u00f3\u201d n\u00e3o vai ser o fator de\u00adterminante para equiparar a desi\u00adgualdade entre homens e mulhe\u00adres. \u201cCreio que cargos eletivos n\u00e3o s\u00e3o a \u00fanica forma para atenuar esse problema, pois o machismo, o racismo e outros preconceitos est\u00e3o arraigados em nossa socie\u00addade\u201d, explica a estudiosa. \u201cA vis\u00e3o da pol\u00edtica como lugar de corrupto ajuda a popula\u00e7\u00e3o a n\u00e3o se preo\u00adcupar se mulheres ocupam deter\u00adminados cargos ou n\u00e3o\u201d.<\/p>\n<p>Vieira afirmou que, em termos estruturais e culturais, o sistema ca\u00adpitalista \u00e9 um dos fatores que acen\u00adtuam posturas e pr\u00e1ticas machis\u00adtas. Disse que a direita nos \u00faltimos anos de apropriou das pautas iden\u00adtit\u00e1rias para garantir mulheres ocu\u00adpando o posto de vice em cargos executivos nas \u00faltimas elei\u00e7\u00f5es. E lembrou que a Divis\u00e3o Sexual do Trabalho consolidou a vis\u00e3o discri\u00adminat\u00f3ria acerca da presen\u00e7a femi\u00adnina. \u201cN\u00e3o existem grandes incen\u00adtivos para que as mulheres entrem na pol\u00edtica\u201d, diz a cientista pol\u00edtica.<\/p>\n<p>Professor da Universidade Na\u00adcional de Bras\u00edlia (UnB), o cientis\u00adta pol\u00edtico Luis Felipe Miguel expli\u00adcou a pol\u00edtica ao longo da hist\u00f3ria foi \u201cum territ\u00f3rio masculino\u201d. No Brasil, argumentou o especialista, a pre\u00adsen\u00e7a das mulheres nos parlamen\u00adtos, nos gabinetes, nos minist\u00e9rios e em outros cargos ainda \u00e9 minoria. Assim, a aus\u00eancia delas sempre foi visto como algo natural e provoca\u00addo pela predile\u00e7\u00e3o \u201cpelo espa\u00e7o do\u00adm\u00e9stico, o desinteresse pelo neg\u00f3cio p\u00fablico ou a racionalidade inferior\u201d.<\/p>\n<p>\u201cA pol\u00edtica continuava sendo percebida, por homens e mulhe\u00adres, como um espa\u00e7o masculino, o que inibia a participa\u00e7\u00e3o delas. Al\u00e9m disso, as mulheres tinham \u2013 e t\u00eam \u2013 menos acesso aos recursos cruciais para a participa\u00e7\u00e3o na po\u00adl\u00edtica formal, notadamente o tempo livre, dada a divis\u00e3o com o trabalho dom\u00e9stico\u201d, finaliza o professor da UnB, em pesquisa sobre Determi\u00adnantes de G\u00eanero, Visibilidade Mi\u00addi\u00e1tica e Carreira Pol\u00edtica no Brasil.<\/p>\n<p>&nbsp;<\/p>\n<div id=\"attachment_356969\" class=\"wp-caption aligncenter\"><img data-recalc-dims=\"1\" loading=\"lazy\" decoding=\"async\" class=\"size-full wp-image-356969\" src=\"https:\/\/i0.wp.com\/imgs.dm.com.br\/resized\/800\/\/2018\/08\/8-1-21.jpg?resize=600%2C269&#038;ssl=1\" alt=\"\" width=\"600\" height=\"269\" \/><\/p>\n<p class=\"wp-caption-text\">Raquel Teixeira (PSDB) ,L\u00facia V\u00e2nia (PSB) ,Geli Sanches (PT)<\/p>\n<\/div>\n<div id=\"attachment_356970\" class=\"wp-caption aligncenter\"><img data-recalc-dims=\"1\" loading=\"lazy\" decoding=\"async\" class=\"size-full wp-image-356970\" src=\"https:\/\/i0.wp.com\/imgs.dm.com.br\/resized\/800\/\/2018\/08\/8-2-9.jpg?resize=600%2C271&#038;ssl=1\" alt=\"\" width=\"600\" height=\"271\" \/><\/p>\n<p class=\"wp-caption-text\">Magda Borges (PCB) , Adriana Accorsi (PT) , Aava Santiago (Avante)<\/p>\n<\/div>\n<blockquote><p><strong><em>A pol\u00edtica continuava sendo percebida, por homens e mulheres, como um espa\u00e7o masculino, o que inibia a participa\u00e7\u00e3o delas\u201d<\/em><\/strong><\/p>\n<p><strong>Luis Felipe Miguel<\/strong><\/p>\n<p>&nbsp;<\/p>\n<p>&nbsp;<\/p><\/blockquote>\n","protected":false},"excerpt":{"rendered":"<p>Dados mostram que representatividade feminina no Poder Legislativo \u00e9 baixa<\/p>\n","protected":false},"author":1,"featured_media":0,"comment_status":"closed","ping_status":"open","sticky":false,"template":"","format":"standard","meta":{"_exactmetrics_skip_tracking":false,"_exactmetrics_sitenote_active":false,"_exactmetrics_sitenote_note":"","_exactmetrics_sitenote_category":0,"jetpack_post_was_ever_published":false,"_jetpack_newsletter_access":"","_jetpack_dont_email_post_to_subs":false,"_jetpack_newsletter_tier_id":0,"_jetpack_memberships_contains_paywalled_content":false,"_jetpack_memberships_contains_paid_content":false,"footnotes":"","jetpack_publicize_message":"","jetpack_publicize_feature_enabled":true,"jetpack_social_post_already_shared":true,"jetpack_social_options":{"image_generator_settings":{"template":"highway","enabled":false},"version":2}},"categories":[1],"tags":[],"class_list":["post-18874","post","type-post","status-publish","format-standard","hentry","category-notas"],"jetpack_publicize_connections":[],"jetpack_sharing_enabled":true,"jetpack_featured_media_url":"","jetpack_shortlink":"https:\/\/wp.me\/p7wKYW-4Uq","jetpack-related-posts":[],"_links":{"self":[{"href":"http:\/\/blogdalucianaoliveira.com.br\/blog\/wp-json\/wp\/v2\/posts\/18874","targetHints":{"allow":["GET"]}}],"collection":[{"href":"http:\/\/blogdalucianaoliveira.com.br\/blog\/wp-json\/wp\/v2\/posts"}],"about":[{"href":"http:\/\/blogdalucianaoliveira.com.br\/blog\/wp-json\/wp\/v2\/types\/post"}],"author":[{"embeddable":true,"href":"http:\/\/blogdalucianaoliveira.com.br\/blog\/wp-json\/wp\/v2\/users\/1"}],"replies":[{"embeddable":true,"href":"http:\/\/blogdalucianaoliveira.com.br\/blog\/wp-json\/wp\/v2\/comments?post=18874"}],"version-history":[{"count":1,"href":"http:\/\/blogdalucianaoliveira.com.br\/blog\/wp-json\/wp\/v2\/posts\/18874\/revisions"}],"predecessor-version":[{"id":18876,"href":"http:\/\/blogdalucianaoliveira.com.br\/blog\/wp-json\/wp\/v2\/posts\/18874\/revisions\/18876"}],"wp:attachment":[{"href":"http:\/\/blogdalucianaoliveira.com.br\/blog\/wp-json\/wp\/v2\/media?parent=18874"}],"wp:term":[{"taxonomy":"category","embeddable":true,"href":"http:\/\/blogdalucianaoliveira.com.br\/blog\/wp-json\/wp\/v2\/categories?post=18874"},{"taxonomy":"post_tag","embeddable":true,"href":"http:\/\/blogdalucianaoliveira.com.br\/blog\/wp-json\/wp\/v2\/tags?post=18874"}],"curies":[{"name":"wp","href":"https:\/\/api.w.org\/{rel}","templated":true}]}}