{"id":18880,"date":"2018-09-02T20:44:06","date_gmt":"2018-09-03T00:44:06","guid":{"rendered":"http:\/\/blogdalucianaoliveira.com.br\/blog\/?p=18880"},"modified":"2018-09-02T20:44:06","modified_gmt":"2018-09-03T00:44:06","slug":"jose-mujica-depois-da-pena-de-morte-a-solidao-e-um-dos-castigos-mais-duros","status":"publish","type":"post","link":"http:\/\/blogdalucianaoliveira.com.br\/blog\/2018\/09\/02\/jose-mujica-depois-da-pena-de-morte-a-solidao-e-um-dos-castigos-mais-duros\/","title":{"rendered":"Jos\u00e9 Mujica: \u201cDepois da pena de morte, a solid\u00e3o \u00e9 um dos castigos mais duros\u201d"},"content":{"rendered":"<p><img data-recalc-dims=\"1\" loading=\"lazy\" decoding=\"async\" data-attachment-id=\"18881\" data-permalink=\"http:\/\/blogdalucianaoliveira.com.br\/blog\/2018\/09\/02\/jose-mujica-depois-da-pena-de-morte-a-solidao-e-um-dos-castigos-mais-duros\/muji\/\" data-orig-file=\"https:\/\/i0.wp.com\/blogdalucianaoliveira.com.br\/blog\/wp-content\/uploads\/2018\/09\/muji.jpg?fit=1960%2C1099\" data-orig-size=\"1960,1099\" data-comments-opened=\"0\" data-image-meta=\"{&quot;aperture&quot;:&quot;0&quot;,&quot;credit&quot;:&quot;&quot;,&quot;camera&quot;:&quot;&quot;,&quot;caption&quot;:&quot;&quot;,&quot;created_timestamp&quot;:&quot;0&quot;,&quot;copyright&quot;:&quot;&quot;,&quot;focal_length&quot;:&quot;0&quot;,&quot;iso&quot;:&quot;0&quot;,&quot;shutter_speed&quot;:&quot;0&quot;,&quot;title&quot;:&quot;&quot;,&quot;orientation&quot;:&quot;0&quot;}\" data-image-title=\"muji\" data-image-description=\"\" data-image-caption=\"\" data-medium-file=\"https:\/\/i0.wp.com\/blogdalucianaoliveira.com.br\/blog\/wp-content\/uploads\/2018\/09\/muji.jpg?fit=300%2C168\" data-large-file=\"https:\/\/i0.wp.com\/blogdalucianaoliveira.com.br\/blog\/wp-content\/uploads\/2018\/09\/muji.jpg?fit=600%2C336\" src=\"https:\/\/i0.wp.com\/blogdalucianaoliveira.com.br\/blog\/wp-content\/uploads\/2018\/09\/muji.jpg?resize=600%2C336\" alt=\"muji\" width=\"600\" height=\"336\" class=\"alignnone size-full wp-image-18881\" srcset=\"https:\/\/i0.wp.com\/blogdalucianaoliveira.com.br\/blog\/wp-content\/uploads\/2018\/09\/muji.jpg?w=1960 1960w, https:\/\/i0.wp.com\/blogdalucianaoliveira.com.br\/blog\/wp-content\/uploads\/2018\/09\/muji.jpg?resize=300%2C168 300w, https:\/\/i0.wp.com\/blogdalucianaoliveira.com.br\/blog\/wp-content\/uploads\/2018\/09\/muji.jpg?resize=768%2C431 768w, https:\/\/i0.wp.com\/blogdalucianaoliveira.com.br\/blog\/wp-content\/uploads\/2018\/09\/muji.jpg?resize=1024%2C574 1024w, https:\/\/i0.wp.com\/blogdalucianaoliveira.com.br\/blog\/wp-content\/uploads\/2018\/09\/muji.jpg?resize=535%2C300 535w, https:\/\/i0.wp.com\/blogdalucianaoliveira.com.br\/blog\/wp-content\/uploads\/2018\/09\/muji.jpg?w=1200 1200w, https:\/\/i0.wp.com\/blogdalucianaoliveira.com.br\/blog\/wp-content\/uploads\/2018\/09\/muji.jpg?w=1800 1800w\" sizes=\"auto, (max-width: 600px) 100vw, 600px\" \/><\/p>\n<p>Ex-presidente do Uruguai protagoniza no festival de Veneza um document\u00e1rio e um filme sobre seu longo per\u00edodo na cadeia<!--more--><\/p>\n<p>No El Pa\u00eds &#8211; Os ratos sempre chegavam na mesma hora, por volta de uma da madrugada. Visitavam a cela todas as noites, com miss\u00e3o id\u00eantica: ca\u00e7ar migalhas. Mesmo que servisse para o prisioneiro Jos\u00e9 Mujica se sentir menos sozinho. E se agarrar ao contato com a realidade. \u201cEra uma refer\u00eancia. Outra era a troca da guarda. Voc\u00ea vai criando o of\u00edcio de ser preso\u201d, diz Mujica (Montevid\u00e9u, 1935), sentado no elegante sof\u00e1 de um hotel e de um festival em que parece um intruso e, entretanto, \u00e9 protagonista.<\/p>\n<p>Diz que n\u00e3o apresenta \u201cnada\u201d, mas o certo \u00e9 que dois filmes da Mostra falam dele: Uma Noite de 12 anos, do uruguaio \u00c1lvaro Brechner \u2014na sess\u00e3o Horizontes, e com coprodu\u00e7\u00e3o espanhola\u2014, recria sua odisseia como preso pol\u00edtico, detido em 1972 por pertencer \u00e0 guerrilha dos Tupamaros, e libertado somente em 1985. El Pepe, Uma Vida Suprema, de Emir Kusturica, \u00e9 um document\u00e1rio sobre o ex-presidente do Uruguai e sobre a maneira de ser e pensar que conquistou seu pa\u00eds e o mundo inteiro. Veneza tamb\u00e9m o coroou como uma de suas estrelas. Ainda que ele diga que na verdade \u00e9 \u201cestrelado\u201d.<\/p>\n<p>O diretor s\u00e9rvio deve conhecer bem seu amigo. De modo que o chantageou: \u2018Se n\u00e3o vier a Veneza para uma entrevista coletiva, eu tamb\u00e9m n\u00e3o vou\u201d. Mujica diz que para n\u00e3o ofend\u00ea-lo, e como agradecimento pelos dois filmes, fez uma longa viagem que \u00e9 cada vez mais dif\u00edcil e da qual gosta cada vez menos. Em um encontro com a imprensa espanhola, olha para frente e para tr\u00e1s, \u00e0 pol\u00edtica e ao cinema, \u00e0 Europa e \u00e0 Am\u00e9rica Latina. Com humor \u2014\u201cuma arma defensiva brutal\u201d\u2014, citando poetas e sempre matizando no final, como se desse pouca import\u00e2ncia. \u201cBom, \u00e9 como eu vejo\u201d. Ao modo de Mujica.<\/p>\n<p>\u201cDepois da pena de morte, a solid\u00e3o \u00e9 um dos castigos mais duros\u201d, defende. Esteve com ela dos 37 aos 50, sofreu torturas, comeu sab\u00e3o, perdeu os dentes pelas surras, e frequentemente a lucidez. Agora chama tudo aquilo de \u201cperip\u00e9cia\u201d. \u201cIsso que aconteceu conosco \u00e9 pouco. Existem muitos outros que ficaram pelo caminho\u201d, acrescenta. N\u00e3o sabe muito bem como sobreviveu, mas tem algumas hip\u00f3teses: \u201cCada um se agarra no que pode. Quando era muito jovem, li muito. E nesses anos de solid\u00e3o refleti. Repensar e reconsiderar coisas n\u00e3o \u00e9 o mesmo que ler, \u00e9 reconstruir. Acho que o homem aprende mais na adversidade, sempre que n\u00e3o o destrua, do que na bonan\u00e7a\u201d.<\/p>\n<p>Entre outras li\u00e7\u00f5es, Mujica concluiu que a vingan\u00e7a n\u00e3o serve para nada: \u201cN\u00e3o sei se perdoo. Mas a natureza nos colocou os olhos na parte da frente, e existem contas que ningu\u00e9m paga e n\u00e3o devem ser cobradas\u201d. Fiel a isso, s\u00f3 viu Uma Noite de 12 Anos uma vez \u2014n\u00e3o participou da estreia no festival, onde foi muito aplaudido\u2014. Melhor n\u00e3o \u201cremexer os sentimentos\u201d que traz sobre sua m\u00e3e, os soldados, seus outros colegas presos e aqueles que j\u00e1 n\u00e3o est\u00e3o.<\/p>\n<p>Tanto isolamento tamb\u00e9m forjou parte de quem ele \u00e9 hoje. \u201cQuando tinha um colch\u00e3o estava contente. Ou um copo de \u00e1gua. Ou se podia urinar. Descobri que brigamos muito por nada\u201d, diz. E cita um estudo que sustenta que, a partir de certos n\u00edveis, os aumentos do PIB j\u00e1 n\u00e3o aumentam a felicidade: \u201cAcho que a sentimos quando resolvemos quest\u00f5es b\u00e1sicas; depois, nem sinal\u201d.<\/p>\n<p>O poder e o estilo<br \/>\n\u201cQuando era jovem pensava que a luta era pelo poder. Agora vejo que a hist\u00f3ria dos lutadores sociais e pol\u00edticos \u00e9 um monte de vidros quebrados, dos quais v\u00e3o ficando pedacinhos: as oito horas de trabalho por dia, os direitos trabalhistas, a aposentadoria&#8230; eu me sinto irm\u00e3o de tudo isso\u201d, diz Mujica. Durante sua presid\u00eancia, entre outras coisas, legalizou o casamento homossexual e a maconha, descriminalizou o aborto, e declarou guerra \u00e0 pobreza e \u00e0 indig\u00eancia. Mesmo que a oposi\u00e7\u00e3o tenha lhe acusado algumas vezes de esvaziar suas palavras ecologistas e anticapitalistas com decis\u00f5es no sentido contr\u00e1rio. De seus mandatos, ele destaca \u201cfuros\u201d e sonhos n\u00e3o cumpridos. \u201cSeria preciso nomear o chefe dos bombeiros. O presidente \u00e9 um apagador de inc\u00eandios\u201d, afirma.<\/p>\n<p>Tamb\u00e9m renunciou \u00e0 mans\u00e3o presidencial e a 90% de seu sal\u00e1rio. E ficou na casa em que sempre morou, com sua mulher, a pol\u00edtica e ex-guerrilheira Luc\u00eda Topolansky, e sua adorada cachorra Manuela. O recente falecimento do animal o fez refletir sobre a morte. E talvez da\u00ed venha o adeus a sua cadeira no Senado: \u201c\u00c0s vezes voc\u00ea sente que est\u00e1 desempenhando um papel que j\u00e1 n\u00e3o te motiva. Voc\u00ea est\u00e1 atrapalhando, como uma \u00e1rvore velha que n\u00e3o deixa ver o que est\u00e1 por baixo\u201d.<\/p>\n<p>Se deixou a pol\u00edtica ativa para tr\u00e1s, falar dela ainda acende sua paix\u00e3o. Perguntado pela crise na Venezuela e na Nicar\u00e1gua, responde: \u201cNa Am\u00e9rica acontecem coisas que tamb\u00e9m se d\u00e3o na Europa. Mas aqui s\u00e3o bem dissimuladas. A Volkswagen recebe uma multa de 7 bilh\u00f5es de d\u00f3lares (28 bilh\u00f5es de reais) e ningu\u00e9m \u00e9 preso, continuam como se nada houvesse. N\u00e3o venham me dizer que a Am\u00e9rica est\u00e1 cheia de defeitos e a Europa \u00e9 corret\u00edssima. N\u00e3o estou defendendo a deforma\u00e7\u00e3o que temos, digo que est\u00e1 presente no mundo em que vivemos\u201d. E diante de uma pergunta sobre o auge do populismo, coloca a pr\u00f3pria quest\u00e3o em d\u00favida: \u201cN\u00e3o utilizo essa palavra porque a usam a torto e direito. S\u00e3o populistas na Nicar\u00e1gua, e os que votam na direita na Alemanha meio neonazistas. Ent\u00e3o, \u00e9 qualquer coisa. Eu tiro essa conclus\u00e3o: tudo o que incomoda, com o que n\u00e3o se est\u00e1 de acordo, \u00e9 populista\u201d.<\/p>\n<p>Partid\u00e1rio da UE<br \/>\nMujica apoia com convic\u00e7\u00e3o o projeto da Uni\u00e3o Europeia, apesar de seus \u201cdefeitos\u201d: \u201cO ser humano \u00e9 o \u00fanico animal que trope\u00e7a nas mesmas pedras. Nos \u00faltimos mil anos a Europa viveu em guerra e agora parecem se esquecer disso. Eu gostaria de ter algo assim na Am\u00e9rica Latina\u201d. E sobre a Espanha afirma que tem \u201cv\u00e1rios problemas com a mem\u00f3ria\u201d, e que sobrevive sua eterna contradi\u00e7\u00e3o entre o pa\u00eds de \u201cfesta e alegria\u201d e o da \u201craiva e \u00f3dio\u201d. \u201cA Espanha feudal ainda \u00e9 muito forte\u201d, diz. E em rela\u00e7\u00e3o \u00e0s turbul\u00eancias com a Catalunha, afirma: \u201cO nacionalismo dos jovens \u00e9 algo bom porque serve para moldar car\u00e1ter e identidade. Mas quando se exacerba se transforma em algo perigoso. Mas aten\u00e7\u00e3o: uma coisa \u00e9 o nacionalismo de um pa\u00eds pequeno e outra o de um grande e de terror para os vizinhos\u201d.<\/p>\n<p>A \u00faltima pergunta recai sobre a marca de Mujica, aos seus 83 anos. Ele n\u00e3o d\u00e1 muita import\u00e2ncia. \u201cO que \u00e9 o legado de uma pessoa no universo? Somos menos do que um piolho. O legado \u00e9 ter vivido intensamente, com acertos e erros. Vencer n\u00e3o \u00e9 ter dinheiro, \u00e9 se levantar sempre que se cai\u201d. A poucos quil\u00f4metros, o carpete vermelho de Veneza prepara outro desfile de estrelas. Resta saber quantas est\u00e3o de acordo com o estrelado.<\/p>\n","protected":false},"excerpt":{"rendered":"<p>Ex-presidente do Uruguai protagoniza no festival de Veneza um document\u00e1rio e um filme sobre seu longo per\u00edodo na cadeia<\/p>\n","protected":false},"author":1,"featured_media":0,"comment_status":"closed","ping_status":"open","sticky":false,"template":"","format":"standard","meta":{"_exactmetrics_skip_tracking":false,"_exactmetrics_sitenote_active":false,"_exactmetrics_sitenote_note":"","_exactmetrics_sitenote_category":0,"jetpack_post_was_ever_published":false,"_jetpack_newsletter_access":"","_jetpack_dont_email_post_to_subs":false,"_jetpack_newsletter_tier_id":0,"_jetpack_memberships_contains_paywalled_content":false,"_jetpack_memberships_contains_paid_content":false,"footnotes":"","jetpack_publicize_message":"","jetpack_publicize_feature_enabled":true,"jetpack_social_post_already_shared":true,"jetpack_social_options":{"image_generator_settings":{"template":"highway","enabled":false},"version":2}},"categories":[1],"tags":[],"class_list":["post-18880","post","type-post","status-publish","format-standard","hentry","category-notas"],"jetpack_publicize_connections":[],"jetpack_sharing_enabled":true,"jetpack_featured_media_url":"","jetpack_shortlink":"https:\/\/wp.me\/p7wKYW-4Uw","jetpack-related-posts":[],"_links":{"self":[{"href":"http:\/\/blogdalucianaoliveira.com.br\/blog\/wp-json\/wp\/v2\/posts\/18880","targetHints":{"allow":["GET"]}}],"collection":[{"href":"http:\/\/blogdalucianaoliveira.com.br\/blog\/wp-json\/wp\/v2\/posts"}],"about":[{"href":"http:\/\/blogdalucianaoliveira.com.br\/blog\/wp-json\/wp\/v2\/types\/post"}],"author":[{"embeddable":true,"href":"http:\/\/blogdalucianaoliveira.com.br\/blog\/wp-json\/wp\/v2\/users\/1"}],"replies":[{"embeddable":true,"href":"http:\/\/blogdalucianaoliveira.com.br\/blog\/wp-json\/wp\/v2\/comments?post=18880"}],"version-history":[{"count":1,"href":"http:\/\/blogdalucianaoliveira.com.br\/blog\/wp-json\/wp\/v2\/posts\/18880\/revisions"}],"predecessor-version":[{"id":18882,"href":"http:\/\/blogdalucianaoliveira.com.br\/blog\/wp-json\/wp\/v2\/posts\/18880\/revisions\/18882"}],"wp:attachment":[{"href":"http:\/\/blogdalucianaoliveira.com.br\/blog\/wp-json\/wp\/v2\/media?parent=18880"}],"wp:term":[{"taxonomy":"category","embeddable":true,"href":"http:\/\/blogdalucianaoliveira.com.br\/blog\/wp-json\/wp\/v2\/categories?post=18880"},{"taxonomy":"post_tag","embeddable":true,"href":"http:\/\/blogdalucianaoliveira.com.br\/blog\/wp-json\/wp\/v2\/tags?post=18880"}],"curies":[{"name":"wp","href":"https:\/\/api.w.org\/{rel}","templated":true}]}}