{"id":18883,"date":"2018-09-03T07:11:53","date_gmt":"2018-09-03T11:11:53","guid":{"rendered":"http:\/\/blogdalucianaoliveira.com.br\/blog\/?p=18883"},"modified":"2018-09-03T07:11:53","modified_gmt":"2018-09-03T11:11:53","slug":"incendio-causa-dano-irreparavel-ao-acervo-e-pesquisa-diz-diretor-de-museu-nacional","status":"publish","type":"post","link":"http:\/\/blogdalucianaoliveira.com.br\/blog\/2018\/09\/03\/incendio-causa-dano-irreparavel-ao-acervo-e-pesquisa-diz-diretor-de-museu-nacional\/","title":{"rendered":"Inc\u00eandio causa \u201cdano irrepar\u00e1vel\u201d ao acervo e pesquisa, diz diretor de Museu Nacional"},"content":{"rendered":"<p><img data-recalc-dims=\"1\" loading=\"lazy\" decoding=\"async\" data-attachment-id=\"18884\" data-permalink=\"http:\/\/blogdalucianaoliveira.com.br\/blog\/2018\/09\/03\/incendio-causa-dano-irreparavel-ao-acervo-e-pesquisa-diz-diretor-de-museu-nacional\/dc5c593f-b3c8-48b8-a1df-f019536d32fc\/\" data-orig-file=\"https:\/\/i0.wp.com\/blogdalucianaoliveira.com.br\/blog\/wp-content\/uploads\/2018\/09\/DC5C593F-B3C8-48B8-A1DF-F019536D32FC.jpeg?fit=640%2C480\" data-orig-size=\"640,480\" data-comments-opened=\"0\" data-image-meta=\"{&quot;aperture&quot;:&quot;0&quot;,&quot;credit&quot;:&quot;&quot;,&quot;camera&quot;:&quot;&quot;,&quot;caption&quot;:&quot;&quot;,&quot;created_timestamp&quot;:&quot;0&quot;,&quot;copyright&quot;:&quot;&quot;,&quot;focal_length&quot;:&quot;0&quot;,&quot;iso&quot;:&quot;0&quot;,&quot;shutter_speed&quot;:&quot;0&quot;,&quot;title&quot;:&quot;&quot;,&quot;orientation&quot;:&quot;0&quot;}\" data-image-title=\"DC5C593F-B3C8-48B8-A1DF-F019536D32FC\" data-image-description=\"\" data-image-caption=\"\" data-medium-file=\"https:\/\/i0.wp.com\/blogdalucianaoliveira.com.br\/blog\/wp-content\/uploads\/2018\/09\/DC5C593F-B3C8-48B8-A1DF-F019536D32FC.jpeg?fit=300%2C225\" data-large-file=\"https:\/\/i0.wp.com\/blogdalucianaoliveira.com.br\/blog\/wp-content\/uploads\/2018\/09\/DC5C593F-B3C8-48B8-A1DF-F019536D32FC.jpeg?fit=600%2C450\" src=\"https:\/\/i0.wp.com\/blogdalucianaoliveira.com.br\/blog\/wp-content\/uploads\/2018\/09\/DC5C593F-B3C8-48B8-A1DF-F019536D32FC.jpeg?resize=600%2C450\" alt=\"DC5C593F-B3C8-48B8-A1DF-F019536D32FC\" width=\"600\" height=\"450\" class=\"alignnone size-full wp-image-18884\" srcset=\"https:\/\/i0.wp.com\/blogdalucianaoliveira.com.br\/blog\/wp-content\/uploads\/2018\/09\/DC5C593F-B3C8-48B8-A1DF-F019536D32FC.jpeg?w=640 640w, https:\/\/i0.wp.com\/blogdalucianaoliveira.com.br\/blog\/wp-content\/uploads\/2018\/09\/DC5C593F-B3C8-48B8-A1DF-F019536D32FC.jpeg?resize=300%2C225 300w, https:\/\/i0.wp.com\/blogdalucianaoliveira.com.br\/blog\/wp-content\/uploads\/2018\/09\/DC5C593F-B3C8-48B8-A1DF-F019536D32FC.jpeg?resize=400%2C300 400w\" sizes=\"auto, (max-width: 600px) 100vw, 600px\" \/><\/p>\n<p>Institui\u00e7\u00e3o \u00e9 vinculada \u00e0 UFRJ e sofre impactos dos cortes de or\u00e7amentos nas universidades<!--more--><\/p>\n<p>Da Reda\u00e7\u00e3o*<br \/>\nBrasil de Fato <\/p>\n<p>O diretor de Preserva\u00e7\u00e3o do Museu Nacional, no Rio de Janeiro, Jo\u00e3o Carlos Nara, afirmou \u00e0 Ag\u00eancia Brasil que o inc\u00eandio causa um \u201cdano irrepar\u00e1vel\u201d ao acervo e \u00e0s pesquisa nacionais. Inconformado com o inc\u00eandio, ele lamentou que os investimentos sejam destinados a outras causas no pa\u00eds. \u201cGastam milh\u00f5es em outros projetos\u201d, reagiu. O inc\u00eandio come\u00e7ou ontem (2) por volta das 19h30. <\/p>\n<p>O Museu Nacional do Rio reunia um acervo de mais de 20 milh\u00f5es de itens de geologia, paleontologia, bot\u00e2nica, zoologia e arqueologia. No local, estava a maior cole\u00e7\u00e3o de m\u00famias eg\u00edpcias das Am\u00e9ricas, havia ainda esqueletos de dinossauros e v\u00e1rias pe\u00e7as de arte. Nara disse que \u201cpouco restar\u00e1\u201d, ap\u00f3s o controle das chamas e que ser\u00e1 necess\u00e1rio \u201cesperar o fim do trabalho dos bombeiros para verificar realmente a dimens\u00e3o de tudo\u201d.<\/p>\n<p>Homens e viaturas de 21 quart\u00e9is trabalharam na opera\u00e7\u00e3o. Segundo o comandante, \u00e0s 23h30 eram 80 homens e tr\u00eas escadas magirus na \u00e1rea. As dificuldades eram o abastecimento de \u00e1gua, acesso ao local e a elevada quantidade de material inflam\u00e1vel. \u201cEstamos trabalhando para evitar mais perdas, para que o fogo n\u00e3o v\u00e1 para \u00e1reas que ainda est\u00e3o intacta\u201d, disse o comandante do Corpo de Bombeiros do Rio de Janeiro, coronel Roberto Robadey Costa J\u00fanior. <\/p>\n<p>De acordo com Jo\u00e3o Carlos Nara, a equipe de administra\u00e7\u00e3o do Museu Nacional aguardava o fim do per\u00edodo eleitoral para iniciar as obras de preserva\u00e7\u00e3o da infraestrutura do pr\u00e9dio. \u201c\u00c9 tudo muito antigo. O sistema de \u00e1gua e o material, tudo tem muitos anos. Havia uma trinca nas laterais. Isso \u00e9 amea\u00e7a constante\u201d, disse o diretor.<\/p>\n<p>O reitor da Universidade Federal do Rio de Janeiro (UFRJ), Roberto Leher, declarou \u00e0 ABr que, por ser um pr\u00e9dio centen\u00e1rio, a sede do museu n\u00e3o atendia totalmente \u00e0s exig\u00eancias contra inc\u00eandio. Segundo Leher, o museu sofreu com cortes no or\u00e7amento porque a UFRJ est\u00e1 sob restri\u00e7\u00e3o or\u00e7ament\u00e1ria, assim como outras universidades p\u00fablicas brasileiras. \u201cNum contexto como esse, todas as unidades [da universidade] s\u00e3o afetadas\u201d.<\/p>\n<p>Levantamento da Folha de S. Paulo mostra a queda vertiginosa de investimentos no Museu. Em 2013, foram aplicados R$ 513 mih\u00f5es na institui\u00e7\u00e3o. Em 2016, o valor chegou a R$ 415 milh\u00f5es e, no ano passado, R$ 346 milh\u00f5es.<\/p>\n<p>\u201cPara o pa\u00eds, \u00e9 uma perda imensa. Aqui temos a nossa mem\u00f3ria. Grande parte do processo de constitui\u00e7\u00e3o da hist\u00f3ria moderna do Brasil passa pelo Museu Nacional. Este inc\u00eandio sangra o cora\u00e7\u00e3o do pa\u00eds. A \u00fanica forma que temos neste momento de trabalhar essa brutal perda \u00e9 reconstruir. Creio que o Brasil tem que forjar um compromisso com a sociedade pol\u00edtica, o governo federal, que tem meios para isso, para que haja or\u00e7amento, para que a universidade possa de fato reconstruir essa edifica\u00e7\u00e3o e recuperar, dentro do que for poss\u00edvel, seu extraordin\u00e1rio acervo\u201d, disse.<\/p>\n<p>Recentemente, a universidade fechou com o BNDES um acordo para viabilizar mudan\u00e7as estruturais no pr\u00e9dio hist\u00f3rico e a mudan\u00e7a de laborat\u00f3rios e do setor administrativo para pr\u00e9dios anexos, a fim de minimizar o uso de energia el\u00e9trica no pr\u00e9dio, deixando-o apenas destinado a exposi\u00e7\u00f5es. \u201cA primeira parcela seria de R$ 21 milh\u00f5es. Grande parte desses recursos estava destinada justamente para um sistema de preven\u00e7\u00e3o de inc\u00eandio\u201d, disse.<\/p>\n<p>O Museu<\/p>\n<p>O Museu Nacional da Quinta da Boa Vista, como \u00e9 conhecido, fica instalado no bairro imperial de S\u00e3o Cristov\u00e3o e \u00e9 a mais antiga institui\u00e7\u00e3o hist\u00f3rica do pa\u00eds. O local foi fundado por dom Jo\u00e3o VI, em 1818. A institui\u00e7\u00e3o \u00e9 vinculada \u00e0 Universidade Federal do Rio de Janeiro (UFRJ), com perfil acad\u00eamico e cient\u00edfico. Tem nota elevada nos institutos por reunir pesquisas diferenciadas, como esqueletos de animais pr\u00e9-hist\u00f3ricos e livros raros.<\/p>\n<p>Formado ao longo de mais de dois s\u00e9culos por meio de coletas, escava\u00e7\u00f5es, permutas, aquisi\u00e7\u00f5es e doa\u00e7\u00f5es, o acervo \u00e9 subdividido em diversas cole\u00e7\u00f5es. \u00c9 a principal base para as pesquisas desenvolvidas m todas as regi\u00f5es do pa\u00eds e em outras partes do mundo, incluindo o continente ant\u00e1rtico. Possui uma das maiores bibliotecas especializadas em ci\u00eancias naturais do Brasil, com mais de 470.000 volumes e 2.400 obras raras.<\/p>\n<p>Conhe\u00e7a alguns itens:<\/p>\n<p>&#8211; Um dos mais importantes itens era um f\u00f3ssil humano, achado em Lagoa Santa, em Minas Gerais, em 1974. Batizado de Luzia, fazia parte da cole\u00e7\u00e3o de antropologia. Trata-se do f\u00f3ssil de uma mulher que morreu entre 20 e 25 anos e seria a habitante mais atinga das Am\u00e9ricas.<\/p>\n<p>&#8211; Outra preciosidade era o maior meteorito j\u00e1 encontrado no Brasil, chamado de Bendeg\u00f3 e pesa 5,36 toneladas. A pedra \u00e9 de uma regi\u00e3o do sistema solar entre os planetas Marte e J\u00fapiter e tem mais de 4 bilh\u00f5es de anos. O meteorito foi achado em 1784, no sert\u00e3o da Bahia, na localidade de Monte Santo. Quando foi encontrado era o segundo maior do mundo. A pedra integra a cole\u00e7\u00e3o do Museu Nacional desde 1888.<\/p>\n<p>&#8211; Dom Pedro arrematou em 1826 a maior cole\u00e7\u00e3o de m\u00famias eg\u00edpcias da Am\u00e9rica Latina. S\u00e3o m\u00famias de adultos, crian\u00e7as e tamb\u00e9m de animais, como gatos e crocodilos. A maioria das pe\u00e7as veio da regi\u00e3o de Tebas.<\/p>\n<p>(*) Com informa\u00e7\u00f5es da Ag\u00eancia Brasil.<\/p>\n<p>Edi\u00e7\u00e3o: Beatriz Pasqualino<\/p>\n","protected":false},"excerpt":{"rendered":"<p>Institui\u00e7\u00e3o \u00e9 vinculada \u00e0 UFRJ e sofre impactos dos cortes de or\u00e7amentos nas universidades<\/p>\n","protected":false},"author":1,"featured_media":0,"comment_status":"closed","ping_status":"open","sticky":false,"template":"","format":"standard","meta":{"_exactmetrics_skip_tracking":false,"_exactmetrics_sitenote_active":false,"_exactmetrics_sitenote_note":"","_exactmetrics_sitenote_category":0,"jetpack_post_was_ever_published":false,"_jetpack_newsletter_access":"","_jetpack_dont_email_post_to_subs":false,"_jetpack_newsletter_tier_id":0,"_jetpack_memberships_contains_paywalled_content":false,"_jetpack_memberships_contains_paid_content":false,"footnotes":"","jetpack_publicize_message":"","jetpack_publicize_feature_enabled":true,"jetpack_social_post_already_shared":true,"jetpack_social_options":{"image_generator_settings":{"template":"highway","enabled":false},"version":2}},"categories":[1],"tags":[],"class_list":["post-18883","post","type-post","status-publish","format-standard","hentry","category-notas"],"jetpack_publicize_connections":[],"jetpack_sharing_enabled":true,"jetpack_featured_media_url":"","jetpack_shortlink":"https:\/\/wp.me\/p7wKYW-4Uz","jetpack-related-posts":[],"_links":{"self":[{"href":"http:\/\/blogdalucianaoliveira.com.br\/blog\/wp-json\/wp\/v2\/posts\/18883","targetHints":{"allow":["GET"]}}],"collection":[{"href":"http:\/\/blogdalucianaoliveira.com.br\/blog\/wp-json\/wp\/v2\/posts"}],"about":[{"href":"http:\/\/blogdalucianaoliveira.com.br\/blog\/wp-json\/wp\/v2\/types\/post"}],"author":[{"embeddable":true,"href":"http:\/\/blogdalucianaoliveira.com.br\/blog\/wp-json\/wp\/v2\/users\/1"}],"replies":[{"embeddable":true,"href":"http:\/\/blogdalucianaoliveira.com.br\/blog\/wp-json\/wp\/v2\/comments?post=18883"}],"version-history":[{"count":1,"href":"http:\/\/blogdalucianaoliveira.com.br\/blog\/wp-json\/wp\/v2\/posts\/18883\/revisions"}],"predecessor-version":[{"id":18885,"href":"http:\/\/blogdalucianaoliveira.com.br\/blog\/wp-json\/wp\/v2\/posts\/18883\/revisions\/18885"}],"wp:attachment":[{"href":"http:\/\/blogdalucianaoliveira.com.br\/blog\/wp-json\/wp\/v2\/media?parent=18883"}],"wp:term":[{"taxonomy":"category","embeddable":true,"href":"http:\/\/blogdalucianaoliveira.com.br\/blog\/wp-json\/wp\/v2\/categories?post=18883"},{"taxonomy":"post_tag","embeddable":true,"href":"http:\/\/blogdalucianaoliveira.com.br\/blog\/wp-json\/wp\/v2\/tags?post=18883"}],"curies":[{"name":"wp","href":"https:\/\/api.w.org\/{rel}","templated":true}]}}