{"id":18886,"date":"2018-09-03T07:13:29","date_gmt":"2018-09-03T11:13:29","guid":{"rendered":"http:\/\/blogdalucianaoliveira.com.br\/blog\/?p=18886"},"modified":"2018-09-03T07:13:29","modified_gmt":"2018-09-03T11:13:29","slug":"perda-irreparavel-de-memoria","status":"publish","type":"post","link":"http:\/\/blogdalucianaoliveira.com.br\/blog\/2018\/09\/03\/perda-irreparavel-de-memoria\/","title":{"rendered":"Perda irrepar\u00e1vel de mem\u00f3ria"},"content":{"rendered":"<p><img data-recalc-dims=\"1\" loading=\"lazy\" decoding=\"async\" data-attachment-id=\"18887\" data-permalink=\"http:\/\/blogdalucianaoliveira.com.br\/blog\/2018\/09\/03\/perda-irreparavel-de-memoria\/670ebcb6-c054-46fd-a513-0f6a5de1a8d8\/\" data-orig-file=\"https:\/\/i0.wp.com\/blogdalucianaoliveira.com.br\/blog\/wp-content\/uploads\/2018\/09\/670EBCB6-C054-46FD-A513-0F6A5DE1A8D8.jpeg?fit=1080%2C608\" data-orig-size=\"1080,608\" data-comments-opened=\"0\" data-image-meta=\"{&quot;aperture&quot;:&quot;0&quot;,&quot;credit&quot;:&quot;&quot;,&quot;camera&quot;:&quot;&quot;,&quot;caption&quot;:&quot;&quot;,&quot;created_timestamp&quot;:&quot;0&quot;,&quot;copyright&quot;:&quot;&quot;,&quot;focal_length&quot;:&quot;0&quot;,&quot;iso&quot;:&quot;0&quot;,&quot;shutter_speed&quot;:&quot;0&quot;,&quot;title&quot;:&quot;&quot;,&quot;orientation&quot;:&quot;0&quot;}\" data-image-title=\"670EBCB6-C054-46FD-A513-0F6A5DE1A8D8\" data-image-description=\"\" data-image-caption=\"\" data-medium-file=\"https:\/\/i0.wp.com\/blogdalucianaoliveira.com.br\/blog\/wp-content\/uploads\/2018\/09\/670EBCB6-C054-46FD-A513-0F6A5DE1A8D8.jpeg?fit=300%2C169\" data-large-file=\"https:\/\/i0.wp.com\/blogdalucianaoliveira.com.br\/blog\/wp-content\/uploads\/2018\/09\/670EBCB6-C054-46FD-A513-0F6A5DE1A8D8.jpeg?fit=600%2C338\" src=\"https:\/\/i0.wp.com\/blogdalucianaoliveira.com.br\/blog\/wp-content\/uploads\/2018\/09\/670EBCB6-C054-46FD-A513-0F6A5DE1A8D8.jpeg?resize=600%2C338\" alt=\"670EBCB6-C054-46FD-A513-0F6A5DE1A8D8\" width=\"600\" height=\"338\" class=\"alignnone size-full wp-image-18887\" srcset=\"https:\/\/i0.wp.com\/blogdalucianaoliveira.com.br\/blog\/wp-content\/uploads\/2018\/09\/670EBCB6-C054-46FD-A513-0F6A5DE1A8D8.jpeg?w=1080 1080w, https:\/\/i0.wp.com\/blogdalucianaoliveira.com.br\/blog\/wp-content\/uploads\/2018\/09\/670EBCB6-C054-46FD-A513-0F6A5DE1A8D8.jpeg?resize=300%2C169 300w, https:\/\/i0.wp.com\/blogdalucianaoliveira.com.br\/blog\/wp-content\/uploads\/2018\/09\/670EBCB6-C054-46FD-A513-0F6A5DE1A8D8.jpeg?resize=768%2C432 768w, https:\/\/i0.wp.com\/blogdalucianaoliveira.com.br\/blog\/wp-content\/uploads\/2018\/09\/670EBCB6-C054-46FD-A513-0F6A5DE1A8D8.jpeg?resize=1024%2C576 1024w, https:\/\/i0.wp.com\/blogdalucianaoliveira.com.br\/blog\/wp-content\/uploads\/2018\/09\/670EBCB6-C054-46FD-A513-0F6A5DE1A8D8.jpeg?resize=533%2C300 533w\" sizes=\"auto, (max-width: 600px) 100vw, 600px\" \/><\/p>\n<p>\u00c9 emblem\u00e1tico demais o inc\u00eandio que destruiu o  Museu Nacional, na Quinta da Boa Vista, no Rio.<\/p>\n<p>20 milh\u00f5es de itens foram perdidos.<\/p>\n<p>Incalcul\u00e1vel a perda de mem\u00f3ria. <\/p>\n<p>Com perfil acad\u00eamico e cient\u00edfico, como n\u00e3o sofrer ainda mais por lembrar o que o golpe j\u00e1 queimou de investimentos na educa\u00e7\u00e3o e na ci\u00eancia?<\/p>\n<p>\u201cO or\u00e7amento do Minist\u00e9rio da Educa\u00e7\u00e3o (MEC) sofreu cortes de R$ 7,7 bilh\u00f5es em 2015 e de R$ 10,7 bilh\u00f5es em 2016, segundo dados da pr\u00f3pria pasta. No Minist\u00e9rio da Ci\u00eancia, Tecnologia, Inova\u00e7\u00f5es e Comunica\u00e7\u00f5es (MCTIC) 44% (R$ 2,5 bilh\u00f5es) foram congelados em 2017, de acordo com n\u00fameros do governo.\u201d<\/p>\n<p>O Brasil vai ter que renascer das cinzas.<\/p>\n","protected":false},"excerpt":{"rendered":"<p>\u00c9 emblem\u00e1tico demais o inc\u00eandio que destruiu o Museu Nacional, na Quinta da Boa Vista, no Rio. 20 milh\u00f5es de itens foram perdidos. Incalcul\u00e1vel a perda de mem\u00f3ria. Com perfil acad\u00eamico e cient\u00edfico, como n\u00e3o sofrer ainda mais por lembrar o que o golpe j\u00e1 queimou de investimentos na educa\u00e7\u00e3o e na ci\u00eancia? \u201cO or\u00e7amento&#8230;<a class=\"more-link\" href=\"http:\/\/blogdalucianaoliveira.com.br\/blog\/2018\/09\/03\/perda-irreparavel-de-memoria\/\">Continue a leitura <span class=\"meta-nav\">&raquo;<\/span><\/a><\/p>\n","protected":false},"author":1,"featured_media":0,"comment_status":"closed","ping_status":"open","sticky":false,"template":"","format":"standard","meta":{"_exactmetrics_skip_tracking":false,"_exactmetrics_sitenote_active":false,"_exactmetrics_sitenote_note":"","_exactmetrics_sitenote_category":0,"jetpack_post_was_ever_published":false,"_jetpack_newsletter_access":"","_jetpack_dont_email_post_to_subs":false,"_jetpack_newsletter_tier_id":0,"_jetpack_memberships_contains_paywalled_content":false,"_jetpack_memberships_contains_paid_content":false,"footnotes":"","jetpack_publicize_message":"","jetpack_publicize_feature_enabled":true,"jetpack_social_post_already_shared":true,"jetpack_social_options":{"image_generator_settings":{"template":"highway","enabled":false},"version":2}},"categories":[1],"tags":[],"class_list":["post-18886","post","type-post","status-publish","format-standard","hentry","category-notas"],"jetpack_publicize_connections":[],"jetpack_sharing_enabled":true,"jetpack_featured_media_url":"","jetpack_shortlink":"https:\/\/wp.me\/p7wKYW-4UC","jetpack-related-posts":[],"_links":{"self":[{"href":"http:\/\/blogdalucianaoliveira.com.br\/blog\/wp-json\/wp\/v2\/posts\/18886","targetHints":{"allow":["GET"]}}],"collection":[{"href":"http:\/\/blogdalucianaoliveira.com.br\/blog\/wp-json\/wp\/v2\/posts"}],"about":[{"href":"http:\/\/blogdalucianaoliveira.com.br\/blog\/wp-json\/wp\/v2\/types\/post"}],"author":[{"embeddable":true,"href":"http:\/\/blogdalucianaoliveira.com.br\/blog\/wp-json\/wp\/v2\/users\/1"}],"replies":[{"embeddable":true,"href":"http:\/\/blogdalucianaoliveira.com.br\/blog\/wp-json\/wp\/v2\/comments?post=18886"}],"version-history":[{"count":1,"href":"http:\/\/blogdalucianaoliveira.com.br\/blog\/wp-json\/wp\/v2\/posts\/18886\/revisions"}],"predecessor-version":[{"id":18888,"href":"http:\/\/blogdalucianaoliveira.com.br\/blog\/wp-json\/wp\/v2\/posts\/18886\/revisions\/18888"}],"wp:attachment":[{"href":"http:\/\/blogdalucianaoliveira.com.br\/blog\/wp-json\/wp\/v2\/media?parent=18886"}],"wp:term":[{"taxonomy":"category","embeddable":true,"href":"http:\/\/blogdalucianaoliveira.com.br\/blog\/wp-json\/wp\/v2\/categories?post=18886"},{"taxonomy":"post_tag","embeddable":true,"href":"http:\/\/blogdalucianaoliveira.com.br\/blog\/wp-json\/wp\/v2\/tags?post=18886"}],"curies":[{"name":"wp","href":"https:\/\/api.w.org\/{rel}","templated":true}]}}