{"id":18892,"date":"2018-09-03T16:32:53","date_gmt":"2018-09-03T20:32:53","guid":{"rendered":"http:\/\/blogdalucianaoliveira.com.br\/blog\/?p=18892"},"modified":"2018-09-03T16:32:53","modified_gmt":"2018-09-03T20:32:53","slug":"para-lembrar-que-avisei-o-que-aconteceria-com-a-privatizacao-da-ceron","status":"publish","type":"post","link":"http:\/\/blogdalucianaoliveira.com.br\/blog\/2018\/09\/03\/para-lembrar-que-avisei-o-que-aconteceria-com-a-privatizacao-da-ceron\/","title":{"rendered":"Para lembrar que avisei o que aconteceria com a privatiza\u00e7\u00e3o da Ceron"},"content":{"rendered":"<p><img data-recalc-dims=\"1\" loading=\"lazy\" decoding=\"async\" data-attachment-id=\"18890\" data-permalink=\"http:\/\/blogdalucianaoliveira.com.br\/blog\/766904a9-cf36-4eb7-9cb6-42d3d0520d8d\/\" data-orig-file=\"https:\/\/i0.wp.com\/blogdalucianaoliveira.com.br\/blog\/wp-content\/uploads\/2018\/09\/766904A9-CF36-4EB7-9CB6-42D3D0520D8D.jpeg?fit=744%2C414\" data-orig-size=\"744,414\" data-comments-opened=\"0\" data-image-meta=\"{&quot;aperture&quot;:&quot;0&quot;,&quot;credit&quot;:&quot;&quot;,&quot;camera&quot;:&quot;&quot;,&quot;caption&quot;:&quot;&quot;,&quot;created_timestamp&quot;:&quot;0&quot;,&quot;copyright&quot;:&quot;&quot;,&quot;focal_length&quot;:&quot;0&quot;,&quot;iso&quot;:&quot;0&quot;,&quot;shutter_speed&quot;:&quot;0&quot;,&quot;title&quot;:&quot;&quot;,&quot;orientation&quot;:&quot;0&quot;}\" data-image-title=\"766904A9-CF36-4EB7-9CB6-42D3D0520D8D\" data-image-description=\"\" data-image-caption=\"\" data-medium-file=\"https:\/\/i0.wp.com\/blogdalucianaoliveira.com.br\/blog\/wp-content\/uploads\/2018\/09\/766904A9-CF36-4EB7-9CB6-42D3D0520D8D.jpeg?fit=300%2C167\" data-large-file=\"https:\/\/i0.wp.com\/blogdalucianaoliveira.com.br\/blog\/wp-content\/uploads\/2018\/09\/766904A9-CF36-4EB7-9CB6-42D3D0520D8D.jpeg?fit=600%2C334\" src=\"https:\/\/i0.wp.com\/blogdalucianaoliveira.com.br\/blog\/wp-content\/uploads\/2018\/09\/766904A9-CF36-4EB7-9CB6-42D3D0520D8D.jpeg?resize=600%2C334\" alt=\"766904A9-CF36-4EB7-9CB6-42D3D0520D8D\" width=\"600\" height=\"334\" class=\"alignnone size-full wp-image-18890\" srcset=\"https:\/\/i0.wp.com\/blogdalucianaoliveira.com.br\/blog\/wp-content\/uploads\/2018\/09\/766904A9-CF36-4EB7-9CB6-42D3D0520D8D.jpeg?w=744 744w, https:\/\/i0.wp.com\/blogdalucianaoliveira.com.br\/blog\/wp-content\/uploads\/2018\/09\/766904A9-CF36-4EB7-9CB6-42D3D0520D8D.jpeg?resize=300%2C167 300w, https:\/\/i0.wp.com\/blogdalucianaoliveira.com.br\/blog\/wp-content\/uploads\/2018\/09\/766904A9-CF36-4EB7-9CB6-42D3D0520D8D.jpeg?resize=539%2C300 539w\" sizes=\"auto, (max-width: 600px) 100vw, 600px\" \/><\/p>\n<p>Em artigos anteriores publicados nesse blog,  afirmei antecipadamente e categoricamente, que o grupo de investimentos que seria consagrado vencedor do certame licitat\u00f3rio Leil\u00e3o 02\/2018 do BNDES realizado dia 30 de agosto passado, que privatizou as distribuidoras de energia el\u00e9tricas dos Estados de Rond\u00f4nia e Acre, ou seja, a nossa Ceron \u2013 Centrais El\u00e9tricas de Rond\u00f4nia e a Eletroacre \u2013 Centrais El\u00e9tricas do Acre, seria o Grupo Energisa, que hoje j\u00e1 atua no Sul-Suldeste, nos Estados de Sergipe;  Para\u00edba; Minas Gerais; Tocantins; Mato Grosso do Sul e Mato Grosso. N\u00e3o deu outra \u201cacertei na mosca\u201d, mesmo sem ser nenhuma vidente.<!--more--><\/p>\n<p>A segunda quest\u00e3o que anunciei, tamb\u00e9m antecipadamente, foi de que o pre\u00e7o da energia, el\u00e9trica sob o controla dessa empresa privada, iria subir de imediato. N\u00e3o deu outra, no \u201cEstad\u00e3o Conte\u00fado\u201d do dia seguinte ao leil\u00e3o (31.08.2018) j\u00e1 estava estampado a seguinte not\u00edcia \u201cEnergisa  ingressar\u00e1 com revis\u00e3o tarif\u00e1ria em Ceron e Eletroacre imediatamente\u2019\u201d. A mesma not\u00edcia j\u00e1 foi veiculada pela uol.economia, Isto\u00c9 e outros \u00f3rg\u00e3os de imprensa. Ou seja, aquela \u201credu\u00e7\u00e3o do pre\u00e7o da tarifa\u201d de 1,75%, t\u00e3o explorado como resultado do processo de privatiza\u00e7\u00e3o, n\u00e3o vai nem ser sentida  com as duas revis\u00f5es tarif\u00e1rias que a Energisa deve pedir, sendo uma t\u00e3o logo assine o contrato de concess\u00e3 ;o, previsto para at\u00e9 final de novembro\/2018 e outra nos primeiros cinco anos de concess\u00e3o, isso sem contar os reajustes que s\u00e3o realizados anualmente. Coitados de n\u00f3s consumidores.<\/p>\n<p>Esse processo de privatiza\u00e7\u00e3o, que avan\u00e7ou em mais uma fase, sem que quest\u00f5es de extrema relev\u00e2ncia sejam equacionadas, como, por exemplo, quem ser\u00e1 respons\u00e1vel pelos passivos dessas empresas, onde num dos caso, na Ceron, existe um de elevado passivo com o Estado de Rond\u00f4nia, decorrente de autos de ICMS \u2013 Imposto sobre Circula\u00e7\u00e3o de Mercadoria e Servi\u00e7os, que somente de valores j\u00e1 autuados ultrapassam mais de um bilh\u00e3o de reais. Ss \u00f3rg\u00e3os de fiscaliza\u00e7\u00e3o estadual quanto os federais precisa ter uma lupa nesse processo, para evitar que Rond\u00f4nia n\u00e3o tenha que suportar preju\u00edzos imensos como no caso do ex  BERON \u2013 Banco do Estado de Rond\u00f4nia ou a Uni\u00e3o n\u00e3o tenha que assumir um passivo elevad\u00edssimo, somente para \u201cviabilizar\u201d a entrega desse patrim\u00f4nio p\u00fablico que contribuiu  para o desenvolvimento do Estado de Rond\u00f4nia  por d\u00e9cadas,  seja vendido por um valor simb\u00f3lico de cinquenta mil reais.<\/p>\n<p>Por enquanto, os reflexos mais imediatos est\u00e3o sendo suportados pelos (as) trabalhadores (as), da Ceron e Eletroacre, a maioria com mais de trinta anos de servi\u00e7os prestados na empresa, que apesar de se tratar de uma m\u00e3o de obra qualificada, dificilmente encontrar\u00e3o uma recoloca\u00e7\u00e3o no mercado de trabalho em decorr\u00eancia de poss\u00edveis e temerosas demiss\u00f5es de boa parte deles, principalmente diante da crise econ\u00f4mica por que passa o pais. Como amiga de muitos deles, me solidarizo a esse momento de afli\u00e7\u00e3o e inseguran\u00e7a de todos e digo  esperar das autoridades locais de nacionais, que n\u00e3o permitam que na fase final de atividade laboral dessas pessoas, n\u00e3o venham receber como \u201cpr\u00eamio\u201d suas demiss\u00f5es.<\/p>\n","protected":false},"excerpt":{"rendered":"<p>Em artigos anteriores publicados nesse blog, afirmei antecipadamente e categoricamente, que o grupo de investimentos que seria consagrado vencedor do certame licitat\u00f3rio Leil\u00e3o 02\/2018 do BNDES realizado dia 30 de agosto passado, que privatizou as distribuidoras de energia el\u00e9tricas dos Estados de Rond\u00f4nia e Acre, ou seja, a nossa Ceron \u2013 Centrais El\u00e9tricas de Rond\u00f4nia&#8230;<a class=\"more-link\" href=\"http:\/\/blogdalucianaoliveira.com.br\/blog\/2018\/09\/03\/para-lembrar-que-avisei-o-que-aconteceria-com-a-privatizacao-da-ceron\/\">Continue a leitura <span class=\"meta-nav\">&raquo;<\/span><\/a><\/p>\n","protected":false},"author":1,"featured_media":0,"comment_status":"closed","ping_status":"open","sticky":false,"template":"","format":"standard","meta":{"_exactmetrics_skip_tracking":false,"_exactmetrics_sitenote_active":false,"_exactmetrics_sitenote_note":"","_exactmetrics_sitenote_category":0,"jetpack_post_was_ever_published":false,"_jetpack_newsletter_access":"","_jetpack_dont_email_post_to_subs":false,"_jetpack_newsletter_tier_id":0,"_jetpack_memberships_contains_paywalled_content":false,"_jetpack_memberships_contains_paid_content":false,"footnotes":"","jetpack_publicize_message":"","jetpack_publicize_feature_enabled":true,"jetpack_social_post_already_shared":true,"jetpack_social_options":{"image_generator_settings":{"template":"highway","enabled":false},"version":2}},"categories":[1],"tags":[],"class_list":["post-18892","post","type-post","status-publish","format-standard","hentry","category-notas"],"jetpack_publicize_connections":[],"jetpack_sharing_enabled":true,"jetpack_featured_media_url":"","jetpack_shortlink":"https:\/\/wp.me\/p7wKYW-4UI","jetpack-related-posts":[],"_links":{"self":[{"href":"http:\/\/blogdalucianaoliveira.com.br\/blog\/wp-json\/wp\/v2\/posts\/18892","targetHints":{"allow":["GET"]}}],"collection":[{"href":"http:\/\/blogdalucianaoliveira.com.br\/blog\/wp-json\/wp\/v2\/posts"}],"about":[{"href":"http:\/\/blogdalucianaoliveira.com.br\/blog\/wp-json\/wp\/v2\/types\/post"}],"author":[{"embeddable":true,"href":"http:\/\/blogdalucianaoliveira.com.br\/blog\/wp-json\/wp\/v2\/users\/1"}],"replies":[{"embeddable":true,"href":"http:\/\/blogdalucianaoliveira.com.br\/blog\/wp-json\/wp\/v2\/comments?post=18892"}],"version-history":[{"count":1,"href":"http:\/\/blogdalucianaoliveira.com.br\/blog\/wp-json\/wp\/v2\/posts\/18892\/revisions"}],"predecessor-version":[{"id":18893,"href":"http:\/\/blogdalucianaoliveira.com.br\/blog\/wp-json\/wp\/v2\/posts\/18892\/revisions\/18893"}],"wp:attachment":[{"href":"http:\/\/blogdalucianaoliveira.com.br\/blog\/wp-json\/wp\/v2\/media?parent=18892"}],"wp:term":[{"taxonomy":"category","embeddable":true,"href":"http:\/\/blogdalucianaoliveira.com.br\/blog\/wp-json\/wp\/v2\/categories?post=18892"},{"taxonomy":"post_tag","embeddable":true,"href":"http:\/\/blogdalucianaoliveira.com.br\/blog\/wp-json\/wp\/v2\/tags?post=18892"}],"curies":[{"name":"wp","href":"https:\/\/api.w.org\/{rel}","templated":true}]}}