{"id":18898,"date":"2018-09-09T22:51:22","date_gmt":"2018-09-10T02:51:22","guid":{"rendered":"http:\/\/blogdalucianaoliveira.com.br\/blog\/?p=18898"},"modified":"2018-09-09T22:54:36","modified_gmt":"2018-09-10T02:54:36","slug":"eleicoes-tem-mais-de-50-candidaturas-trans-diz-associacao","status":"publish","type":"post","link":"http:\/\/blogdalucianaoliveira.com.br\/blog\/2018\/09\/09\/eleicoes-tem-mais-de-50-candidaturas-trans-diz-associacao\/","title":{"rendered":"Elei\u00e7\u00f5es t\u00eam mais de 50 candidaturas trans, diz associa\u00e7\u00e3o"},"content":{"rendered":"<p><img data-recalc-dims=\"1\" loading=\"lazy\" decoding=\"async\" data-attachment-id=\"18899\" data-permalink=\"http:\/\/blogdalucianaoliveira.com.br\/blog\/2018\/09\/09\/eleicoes-tem-mais-de-50-candidaturas-trans-diz-associacao\/tran-4\/\" data-orig-file=\"https:\/\/i0.wp.com\/blogdalucianaoliveira.com.br\/blog\/wp-content\/uploads\/2018\/09\/tran.jpg?fit=700%2C394\" data-orig-size=\"700,394\" data-comments-opened=\"0\" data-image-meta=\"{&quot;aperture&quot;:&quot;0&quot;,&quot;credit&quot;:&quot;&quot;,&quot;camera&quot;:&quot;&quot;,&quot;caption&quot;:&quot;&quot;,&quot;created_timestamp&quot;:&quot;0&quot;,&quot;copyright&quot;:&quot;&quot;,&quot;focal_length&quot;:&quot;0&quot;,&quot;iso&quot;:&quot;0&quot;,&quot;shutter_speed&quot;:&quot;0&quot;,&quot;title&quot;:&quot;&quot;,&quot;orientation&quot;:&quot;0&quot;}\" data-image-title=\"tran\" data-image-description=\"\" data-image-caption=\"\" data-medium-file=\"https:\/\/i0.wp.com\/blogdalucianaoliveira.com.br\/blog\/wp-content\/uploads\/2018\/09\/tran.jpg?fit=300%2C169\" data-large-file=\"https:\/\/i0.wp.com\/blogdalucianaoliveira.com.br\/blog\/wp-content\/uploads\/2018\/09\/tran.jpg?fit=600%2C338\" src=\"https:\/\/i0.wp.com\/blogdalucianaoliveira.com.br\/blog\/wp-content\/uploads\/2018\/09\/tran.jpg?resize=600%2C338\" alt=\"tran\" width=\"600\" height=\"338\" class=\"alignnone size-full wp-image-18899\" srcset=\"https:\/\/i0.wp.com\/blogdalucianaoliveira.com.br\/blog\/wp-content\/uploads\/2018\/09\/tran.jpg?w=700 700w, https:\/\/i0.wp.com\/blogdalucianaoliveira.com.br\/blog\/wp-content\/uploads\/2018\/09\/tran.jpg?resize=300%2C169 300w, https:\/\/i0.wp.com\/blogdalucianaoliveira.com.br\/blog\/wp-content\/uploads\/2018\/09\/tran.jpg?resize=533%2C300 533w\" sizes=\"auto, (max-width: 600px) 100vw, 600px\" \/><\/p>\n<p>No Deutsche Welle &#8211; N\u00famero de travestis e transexuais concorrendo no pleito de 2018 \u00e9 dez vezes maior que em 2014. Tamb\u00e9m nos EUA, participa\u00e7\u00e3o de transg\u00eaneros nas elei\u00e7\u00f5es de meio mandato \u00e9 a maior da hist\u00f3ria.<!--more--><\/p>\n<p>Segundo a Associa\u00e7\u00e3o Nacional de Travestis e Transexuais (Antra), as elei\u00e7\u00f5es deste ano ter\u00e3o ao menos 53 candidaturas de pessoas trans. A associa\u00e7\u00e3o aponta que o n\u00famero \u00e9 dez vezes maior que o do pleito de 2014, quando houve apenas 5 candidaturas.<\/p>\n<p>&#8220;Pela primeira vez no pa\u00eds teremos uma candidata ao Senado Federal; duas candidatas a deputada distrital pelo DF; 17 a deputada federal; e 33 a deputada estadual&#8221;, informa a Antra. A associa\u00e7\u00e3o lista candidaturas em 19 estados da federa\u00e7\u00e3o mais o Distrito Federal.<\/p>\n<p>A associa\u00e7\u00e3o ressalta que o levantamento foi feito por campanha pr\u00f3pria, sem apoio e sem fins lucrativos, com o objetivo de incentivar e dar visibilidade a travestis e transexuais candidatos em 2018.<\/p>\n<p>Os n\u00fameros podem sofrer altera\u00e7\u00f5es, pois os requerimentos das candidaturas ainda est\u00e3o sendo julgados pela Justi\u00e7a Eleitoral.<\/p>\n<p>De acordo com o levantamento, o PSOL \u00e9 o partido com maior n\u00famero de candidaturas trans (20), seguido do PT (5) e do PCdoB (5). O PSB traz quatro representantes para a disputa eleitoral e o PMB, tr\u00eas. PSDB, Rede, MDB e PCB t\u00eam duas candidaturas cada. J\u00e1 o PDT, DEM, Avante, PPS, PP, PTB, PSD e PHS contam com uma candidata trans cada.<\/p>\n<p>O levantamento da Antra inclui tanto as candidaturas de pessoas trans que j\u00e1 retificaram o nome em cart\u00f3rio, como aquelas que registraram o nome social \u2013 forma como transexuais e travestis querem ser reconhecidos socialmente.<\/p>\n<p>O Tribunal Superior Eleitoral (TSE) aprovou, em mar\u00e7o, o uso do nome social na urna para candidatos trans, registrando 28 candidaturas com o nome de escolha no pleito de 2018. Al\u00e9m disso, a Antra informa que o TSE determinou que pessoas trans passem a concorrer na cota destinada ao g\u00eanero feminino nas legendas.<\/p>\n<p>Primeira candidata ao Senado<\/p>\n<p>A travesti Duda Salabert, de 36 anos, concorre ao Senado por Minas Gerais com seu nome social. Ela destacou que n\u00e3o quer que sua candidatura seja reduzida apenas ao debate da transexualidade.<\/p>\n<p>&#8220;A pauta central da minha candidatura \u00e9 educa\u00e7\u00e3o j\u00e1 que sou professora h\u00e1 18 anos. Defendo o ensino p\u00fablico, as universidades p\u00fablicas, a pesquisa e trago a proposta de perd\u00e3o da d\u00edvida do Fies [Fundo de Financiamento Estudantil] para os estudantes desempregados&#8221;, disse. &#8220;Investir em educa\u00e7\u00e3o \u00e9 investir no combate \u00e0 LGBTfobia&#8221;.  <\/p>\n<p>Educadora popular, presidente da ONG Tranvest em Belo Horizonte, que oferece cursos gratuitos para travestis e transexuais e tem uma casa de acolhimento para a popula\u00e7\u00e3o transg\u00eanera em situa\u00e7\u00e3o de rua, Duda conta que concorre ao Senado para mudar o status quo que, historicamente, exclui a pauta transexual.<\/p>\n<p>Pautas plurais<\/p>\n<p>&#8220;O Brasil \u00e9 o pa\u00eds que mais mata travestis e transexuais do mundo&#8221;, diz a associa\u00e7\u00e3o. Somente em 2018, houve mais de 100 assassinatos de pessoas trans no pa\u00eds. No ano passado foram 179.<\/p>\n<p>&#8220;A nossa principal demanda \u00e9 esta: erradicar a viol\u00eancia e os assassinatos da nossa comunidade&#8221;, afirma Keila Simpson, presidente da Antra.<\/p>\n<p>Simpson destacou que uma pauta priorit\u00e1ria \u00e9 a quest\u00e3o da viol\u00eancia, mas que isso n\u00e3o significa que o candidato ou a candidata vai responder apenas pela comunidade LGBT. &#8220;S\u00e3o candidaturas plurais, n\u00e3o \u00e9 uma candidatura de uma pauta s\u00f3&#8221;, acrescentou.<\/p>\n<p>Participa\u00e7\u00e3o de trans nas elei\u00e7\u00f5es dos EUA \u00e9 maior da hist\u00f3ria<\/p>\n<p>Tamb\u00e9m nos EUA, a participa\u00e7\u00e3o de candidaturas trans \u00e9 a maior da hist\u00f3ria americana nas elei\u00e7\u00f5es de meio mandato que ser\u00e3o realizadas em novembro . Pelo menos 43 candidatos apresentaram-se na fase das prim\u00e1rias dos partidos para vagas em n\u00edvel municipal, estadual e federal.<\/p>\n<p>At\u00e9 agora quatro venceram e h\u00e1 ainda pelo menos 22 na disputa para confirmar as candidaturas. O melhor desempenho at\u00e9 ent\u00e3o para candidatos transg\u00eaneros havia sido em 2010, quando dez disputaram cargos estaduais e municipais.<\/p>\n<p>CA\/abr\/ots<\/p>\n","protected":false},"excerpt":{"rendered":"<p>No Deutsche Welle &#8211; N\u00famero de travestis e transexuais concorrendo no pleito de 2018 \u00e9 dez vezes maior que em 2014. Tamb\u00e9m nos EUA, participa\u00e7\u00e3o de transg\u00eaneros nas elei\u00e7\u00f5es de meio mandato \u00e9 a maior da hist\u00f3ria.<\/p>\n","protected":false},"author":1,"featured_media":0,"comment_status":"closed","ping_status":"open","sticky":false,"template":"","format":"standard","meta":{"_exactmetrics_skip_tracking":false,"_exactmetrics_sitenote_active":false,"_exactmetrics_sitenote_note":"","_exactmetrics_sitenote_category":0,"jetpack_post_was_ever_published":false,"_jetpack_newsletter_access":"","_jetpack_dont_email_post_to_subs":false,"_jetpack_newsletter_tier_id":0,"_jetpack_memberships_contains_paywalled_content":false,"_jetpack_memberships_contains_paid_content":false,"footnotes":"","jetpack_publicize_message":"","jetpack_publicize_feature_enabled":true,"jetpack_social_post_already_shared":true,"jetpack_social_options":{"image_generator_settings":{"template":"highway","enabled":false},"version":2}},"categories":[1],"tags":[],"class_list":["post-18898","post","type-post","status-publish","format-standard","hentry","category-notas"],"jetpack_publicize_connections":[],"jetpack_sharing_enabled":true,"jetpack_featured_media_url":"","jetpack_shortlink":"https:\/\/wp.me\/p7wKYW-4UO","jetpack-related-posts":[],"_links":{"self":[{"href":"http:\/\/blogdalucianaoliveira.com.br\/blog\/wp-json\/wp\/v2\/posts\/18898","targetHints":{"allow":["GET"]}}],"collection":[{"href":"http:\/\/blogdalucianaoliveira.com.br\/blog\/wp-json\/wp\/v2\/posts"}],"about":[{"href":"http:\/\/blogdalucianaoliveira.com.br\/blog\/wp-json\/wp\/v2\/types\/post"}],"author":[{"embeddable":true,"href":"http:\/\/blogdalucianaoliveira.com.br\/blog\/wp-json\/wp\/v2\/users\/1"}],"replies":[{"embeddable":true,"href":"http:\/\/blogdalucianaoliveira.com.br\/blog\/wp-json\/wp\/v2\/comments?post=18898"}],"version-history":[{"count":2,"href":"http:\/\/blogdalucianaoliveira.com.br\/blog\/wp-json\/wp\/v2\/posts\/18898\/revisions"}],"predecessor-version":[{"id":18901,"href":"http:\/\/blogdalucianaoliveira.com.br\/blog\/wp-json\/wp\/v2\/posts\/18898\/revisions\/18901"}],"wp:attachment":[{"href":"http:\/\/blogdalucianaoliveira.com.br\/blog\/wp-json\/wp\/v2\/media?parent=18898"}],"wp:term":[{"taxonomy":"category","embeddable":true,"href":"http:\/\/blogdalucianaoliveira.com.br\/blog\/wp-json\/wp\/v2\/categories?post=18898"},{"taxonomy":"post_tag","embeddable":true,"href":"http:\/\/blogdalucianaoliveira.com.br\/blog\/wp-json\/wp\/v2\/tags?post=18898"}],"curies":[{"name":"wp","href":"https:\/\/api.w.org\/{rel}","templated":true}]}}