{"id":18908,"date":"2018-09-11T10:30:59","date_gmt":"2018-09-11T14:30:59","guid":{"rendered":"http:\/\/blogdalucianaoliveira.com.br\/blog\/?p=18908"},"modified":"2018-09-11T11:58:38","modified_gmt":"2018-09-11T15:58:38","slug":"mas-que-falta-de-educacao","status":"publish","type":"post","link":"http:\/\/blogdalucianaoliveira.com.br\/blog\/2018\/09\/11\/mas-que-falta-de-educacao\/","title":{"rendered":"Mas que falta de educa\u00e7\u00e3o&#8230;"},"content":{"rendered":"<p><img data-recalc-dims=\"1\" decoding=\"async\" class=\"entry-thumb\" src=\"https:\/\/i0.wp.com\/www.rondoniadinamica.com\/uploads\/especto.jpg?w=600\" alt=\"\" \/><\/p>\n<p><span style=\"font-size: 18px;\"><span style=\"font-family: Georgia,serif;\"><strong>POR VINICIUS CANOVA<\/strong><\/span><\/span><!--more--><\/p>\n<p><em>\u2018O Espectador\u2019 analisou nuances paralelas ao debate entre candidatos realizado no campus UNIR na \u00faltima segunda-feira, 10<\/em><strong><br \/>\n<\/strong><\/p>\n<p><span style=\"font-size: 18px;\"><span style=\"font-family: Georgia,serif;\"><strong>Porto Velho, RO \u2013 <\/strong>A imagem diz tudo. Expedito J\u00fanior (PSDB), Acir Gurgacz (PDT) e Maur\u00e3o de Carvalho (MDB), como costuma dizer a juventude, arregaram<em>.<\/em><\/span><\/span><\/p>\n<p><span style=\"font-size: 18px;\"><span style=\"font-family: Georgia,serif;\">Al\u00e9m deles, o coronel Marcos Rocha, do PSL, retrataria muito bem o linguajar policialesco, tamb\u00e9m deu o <em>pinote<\/em>.<\/span><\/span><\/p>\n<p><span style=\"font-size: 18px;\"><span style=\"font-family: Georgia,serif;\">Do lado de fora do audit\u00f3rio Paulo Freire, lotad\u00edssimo por dentro, um grupelho acad\u00eamico metido a revolucion\u00e1rio revezava o megafone para entoar palavras de ordem contra o processo democr\u00e1tico \u2013 ao qual se referia reiteradamente como farsa. \u00a0<\/span><\/span><\/p>\n<p><iframe loading=\"lazy\" class=\"entry-thumb\" src=\"https:\/\/www.youtube.com\/embed\/qtLNR8A3DMo\" width=\"700\" height=\"467\" frameborder=\"0\" scrolling=\"no\"><\/iframe><\/p>\n<p><span style=\"font-size: 18px;\"><span style=\"font-family: Georgia,serif;\">Eis a UNIR: o ambiente universit\u00e1rio que, entre magnetismos atrativos de ideias e repulsas desvairadas em pontos e contrapontos, denota de maneira discricion\u00e1ria o que h\u00e1 de melhor na democracia e sua pluralidade. No caso, \u00e9 preciso tirar o chap\u00e9u e louvar aos realizadores do evento. As devidas l\u00e1ureas a Paulo Henrique Lora, do Centro Acad\u00eamico de Direito (CAD5), Ta\u00eds Leite, do Diret\u00f3rio Central dos Estudantes (DCE) e Raildo Sales, apoiador do Movimento Estudantil.<\/span><\/span><\/p>\n<p><span style=\"font-size: 18px;\"><span style=\"font-family: Georgia,serif;\"><img data-recalc-dims=\"1\" decoding=\"async\" class=\"entry-thumb\" style=\"border-style: solid; border-width: 3px;\" src=\"https:\/\/i0.wp.com\/www.rondoniadinamica.com\/uploads\/FALTA-EDUC.jpg?w=600\" alt=\"\" \/><\/span><\/span><\/p>\n<p><span style=\"font-size: 18px;\"><span style=\"font-family: Georgia,serif;\">Pois \u00e9&#8230;<\/span><\/span><\/p>\n<p><span style=\"font-size: 18px;\"><span style=\"font-family: Georgia,serif;\">Vin\u00edcius Miguel (Rede), Pedro Nazareno (PSTU), Pimenta de Rond\u00f4nia (PSOL), Coronel Charlon (PRTB) e o Comendador Valclei Queiroz (PMB) aceiteram o convite da institui\u00e7\u00e3o e&#8230; aparecem l\u00e1, incr\u00edvel!<\/span><\/span><\/p>\n<p><span style=\"font-size: 18px;\"><span style=\"font-family: Georgia,serif;\">A despeito de &#8220;jogar em casa&#8221;, digamos assim, Vin\u00edcius Miguel saiu da fidalguia convencional sem abrir m\u00e3o da fineza que rege os seus discursos.<\/span><\/span><\/p>\n<p><span style=\"font-size: 18px;\"><span style=\"font-family: Georgia,serif;\">Ignorou o \u00edmplicito compadrio pol\u00edtico entre postulantes e, subliminarmente, deu um recado fort\u00edssimo logo de cara.<\/span><\/span><\/p>\n<p><span style=\"font-size: 18px;\"><span style=\"font-family: Georgia,serif;\">Aproveitou o ambiente acad\u00eamico para refor\u00e7ar a cr\u00edtica voltada a \u2018gazeteiros\u2019 e, de forma alusiva, envolveu os faltosos que correram do debate.<\/span><\/span><\/p>\n<p><span style=\"font-size: 18px;\"><span style=\"font-family: Georgia,serif;\">Quem aceita um compromisso, como o nome j\u00e1 diz, n\u00e3o tem o direito de faltar sem atestado m\u00e9dico. Acir talvez tenha, vez que <a href=\"http:\/\/www.rondoniadinamica.com\/arquivo\/video-acir-gurgacz-descobre-ao-vivo-que-tre-ro-negou-seu-registro-de-candidatura-veja-a-reacao-do-pedetista-ao-receber-a-noticia,32114.shtml\" target=\"_blank\"><span style=\"color: #0000cd;\"><u><strong>provavelmente abalroado por pesad\u00edssimo epis\u00f3dio de transtorno depressivo<\/strong><\/u><\/span><\/a>, creio.<\/span><\/span><\/p>\n<p><span style=\"font-size: 18px;\"><span style=\"font-family: Georgia,serif;\">O resto, n\u00e3o.<\/span><\/span><\/p>\n<p><span style=\"font-size: 18px;\"><span style=\"font-family: Georgia,serif;\">J\u00e1 no caso de Expedito, enviar Maur\u00edcio Carvalho para passar vergonha, sejamos honestos, foi o \u00e1pice da covardia; por outro lado, n\u00e3o se sabe o que passou na cabe\u00e7a do presidente da C\u00e2mara. \u00cdmpeto narcisista ou ingenuidade pura?<\/span><\/span><\/p>\n<p><span style=\"font-size: 18px;\"><span style=\"font-family: Georgia,serif;\">N\u00e3o \u00e9 qualquer um que aceita o papel de bobo com toda essa pompa de autoridade, embora h\u00e1 quem tenha compreendido a postura como ato de coragem e destemor pol\u00edtico. Nesse caso, cada um na sua&#8230;<\/span><\/span><\/p>\n<p><span style=\"font-size: 18px;\"><span style=\"font-family: Georgia,serif;\">A verdade \u00e9 que Expedito, goste dele ou n\u00e3o, sabe jogar e, convenhamos, n\u00e3o est\u00e1 entre os maiores f\u00e3s dos Carvalho. Logo, lan\u00e7ar o irm\u00e3o de Mariana na \u2018fogueira\u2019, longe de ser uma estrat\u00e9gia pol\u00edtica, soa mais como a satisfa\u00e7\u00e3o de uma vendeta tucana: foi pluma pra tudo quanto \u00e9 canto.<\/span><\/span><\/p>\n<p><span style=\"font-size: 18px;\"><span style=\"font-family: Georgia,serif;\">Tirando tudo isso e esquecendo rapidamente a <em>marmotagem <\/em>dos faltosos, houve as tradicionais pinceladas pitorescas, como a pol\u00edtica de Charlon para combater a viol\u00eancia contra a mulher: treinar delegadas para que sejam \u2018escrotas\u2019 com homens eventualmente detidos por agress\u00e3o \u00e0s suas companheiras, enfim, descer o cacete sem d\u00f3 nem piedade.<\/span><\/span><\/p>\n<p><span style=\"font-size: 18px;\"><span style=\"font-family: Georgia,serif;\">Mesmo sendo uma grande idiotice \u00e9 preciso frisar: pelo menos ele estava l\u00e1, ainda que pra dizer essa besteira monumental.<\/span><\/span><\/p>\n<p><span style=\"font-size: 18px;\"><span style=\"font-family: Georgia,serif;\">Por fim, \u00e9 de se contorcer e agonizar em descr\u00e9dito quando os tr\u00eas primeiros colocados nas pesquisas ignoram de forma deliberada um embate ret\u00f3rico exclusivamente sobre educa\u00e7\u00e3o.<\/span><\/span><\/p>\n<p><span style=\"font-size: 18px;\"><span style=\"font-family: Georgia,serif;\">Sem holofotes, n\u00e3o h\u00e1 espa\u00e7o para pav\u00f5es e suas parvo\u00edces.<br \/>\n____<\/span><\/span><\/p>\n<p><span style=\"font-size: 18px;\"><span style=\"font-family: Georgia,serif;\">A \u00edntegra do debate voc\u00ea acessa no link\u00a0disponibilizado pelo Painel Pol\u00edtico <a href=\"http:\/\/painelpolitico.com\/politico\/assista-o-debate-entre-candidatos-ao-governo-na-unir\/\" target=\"_blank\"><span style=\"color: #0000cd;\"><u><strong>clicando aqui<\/strong><\/u><\/span><\/a><\/span><\/span><\/p>\n","protected":false},"excerpt":{"rendered":"<p>POR VINICIUS CANOVA<\/p>\n","protected":false},"author":1,"featured_media":18909,"comment_status":"closed","ping_status":"open","sticky":false,"template":"","format":"standard","meta":{"_exactmetrics_skip_tracking":false,"_exactmetrics_sitenote_active":false,"_exactmetrics_sitenote_note":"","_exactmetrics_sitenote_category":0,"jetpack_post_was_ever_published":false,"_jetpack_newsletter_access":"","_jetpack_dont_email_post_to_subs":false,"_jetpack_newsletter_tier_id":0,"_jetpack_memberships_contains_paywalled_content":false,"_jetpack_memberships_contains_paid_content":false,"footnotes":"","jetpack_publicize_message":"","jetpack_publicize_feature_enabled":true,"jetpack_social_post_already_shared":true,"jetpack_social_options":{"image_generator_settings":{"template":"highway","enabled":false},"version":2}},"categories":[1],"tags":[],"class_list":["post-18908","post","type-post","status-publish","format-standard","has-post-thumbnail","hentry","category-notas"],"jetpack_publicize_connections":[],"jetpack_sharing_enabled":true,"jetpack_featured_media_url":"https:\/\/i0.wp.com\/blogdalucianaoliveira.com.br\/blog\/wp-content\/uploads\/2018\/09\/FALTA-EDUC.jpg?fit=700%2C572","jetpack_shortlink":"https:\/\/wp.me\/p7wKYW-4UY","jetpack-related-posts":[],"_links":{"self":[{"href":"http:\/\/blogdalucianaoliveira.com.br\/blog\/wp-json\/wp\/v2\/posts\/18908","targetHints":{"allow":["GET"]}}],"collection":[{"href":"http:\/\/blogdalucianaoliveira.com.br\/blog\/wp-json\/wp\/v2\/posts"}],"about":[{"href":"http:\/\/blogdalucianaoliveira.com.br\/blog\/wp-json\/wp\/v2\/types\/post"}],"author":[{"embeddable":true,"href":"http:\/\/blogdalucianaoliveira.com.br\/blog\/wp-json\/wp\/v2\/users\/1"}],"replies":[{"embeddable":true,"href":"http:\/\/blogdalucianaoliveira.com.br\/blog\/wp-json\/wp\/v2\/comments?post=18908"}],"version-history":[{"count":2,"href":"http:\/\/blogdalucianaoliveira.com.br\/blog\/wp-json\/wp\/v2\/posts\/18908\/revisions"}],"predecessor-version":[{"id":18911,"href":"http:\/\/blogdalucianaoliveira.com.br\/blog\/wp-json\/wp\/v2\/posts\/18908\/revisions\/18911"}],"wp:featuredmedia":[{"embeddable":true,"href":"http:\/\/blogdalucianaoliveira.com.br\/blog\/wp-json\/wp\/v2\/media\/18909"}],"wp:attachment":[{"href":"http:\/\/blogdalucianaoliveira.com.br\/blog\/wp-json\/wp\/v2\/media?parent=18908"}],"wp:term":[{"taxonomy":"category","embeddable":true,"href":"http:\/\/blogdalucianaoliveira.com.br\/blog\/wp-json\/wp\/v2\/categories?post=18908"},{"taxonomy":"post_tag","embeddable":true,"href":"http:\/\/blogdalucianaoliveira.com.br\/blog\/wp-json\/wp\/v2\/tags?post=18908"}],"curies":[{"name":"wp","href":"https:\/\/api.w.org\/{rel}","templated":true}]}}