{"id":18912,"date":"2018-09-15T11:04:18","date_gmt":"2018-09-15T15:04:18","guid":{"rendered":"http:\/\/blogdalucianaoliveira.com.br\/blog\/?p=18912"},"modified":"2018-09-15T11:04:18","modified_gmt":"2018-09-15T15:04:18","slug":"chomsky-crescimento-da-extrema-direita-e-consequencia-do-neoliberalismo","status":"publish","type":"post","link":"http:\/\/blogdalucianaoliveira.com.br\/blog\/2018\/09\/15\/chomsky-crescimento-da-extrema-direita-e-consequencia-do-neoliberalismo\/","title":{"rendered":"Chomsky: \u201cCrescimento da extrema-direita \u00e9 consequ\u00eancia do neoliberalismo\u201d"},"content":{"rendered":"<p><img data-recalc-dims=\"1\" loading=\"lazy\" decoding=\"async\" data-attachment-id=\"18913\" data-permalink=\"http:\/\/blogdalucianaoliveira.com.br\/blog\/2018\/09\/15\/chomsky-crescimento-da-extrema-direita-e-consequencia-do-neoliberalismo\/chom\/\" data-orig-file=\"https:\/\/i0.wp.com\/blogdalucianaoliveira.com.br\/blog\/wp-content\/uploads\/2018\/09\/chom.jpg?fit=640%2C427\" data-orig-size=\"640,427\" data-comments-opened=\"0\" data-image-meta=\"{&quot;aperture&quot;:&quot;0&quot;,&quot;credit&quot;:&quot;&quot;,&quot;camera&quot;:&quot;&quot;,&quot;caption&quot;:&quot;&quot;,&quot;created_timestamp&quot;:&quot;0&quot;,&quot;copyright&quot;:&quot;&quot;,&quot;focal_length&quot;:&quot;0&quot;,&quot;iso&quot;:&quot;0&quot;,&quot;shutter_speed&quot;:&quot;0&quot;,&quot;title&quot;:&quot;&quot;,&quot;orientation&quot;:&quot;0&quot;}\" data-image-title=\"chom\" data-image-description=\"\" data-image-caption=\"\" data-medium-file=\"https:\/\/i0.wp.com\/blogdalucianaoliveira.com.br\/blog\/wp-content\/uploads\/2018\/09\/chom.jpg?fit=300%2C200\" data-large-file=\"https:\/\/i0.wp.com\/blogdalucianaoliveira.com.br\/blog\/wp-content\/uploads\/2018\/09\/chom.jpg?fit=600%2C400\" src=\"https:\/\/i0.wp.com\/blogdalucianaoliveira.com.br\/blog\/wp-content\/uploads\/2018\/09\/chom.jpg?resize=600%2C400\" alt=\"chom\" width=\"600\" height=\"400\" class=\"alignnone size-full wp-image-18913\" srcset=\"https:\/\/i0.wp.com\/blogdalucianaoliveira.com.br\/blog\/wp-content\/uploads\/2018\/09\/chom.jpg?w=640 640w, https:\/\/i0.wp.com\/blogdalucianaoliveira.com.br\/blog\/wp-content\/uploads\/2018\/09\/chom.jpg?resize=300%2C200 300w, https:\/\/i0.wp.com\/blogdalucianaoliveira.com.br\/blog\/wp-content\/uploads\/2018\/09\/chom.jpg?resize=450%2C300 450w\" sizes=\"auto, (max-width: 600px) 100vw, 600px\" \/><\/p>\n<p>Em semin\u00e1rio realizado em SP, filos\u00f3fo estadunidense alerta: a democracia declina diante do poder corporativo<br \/>\nLeonardo Fernandes e Pedro Ribeiro Nogueira<!--more--><\/p>\n<p>Brasil de Fato | S\u00e3o Paulo (SP)<\/p>\n<p>Na Su\u00e9cia, pa\u00eds-estandarte da social democracia europeia, a extrema-direita xen\u00f3foba conquistou 17,5% dos votos em elei\u00e7\u00f5es realizadas nesta semana. Associando sua raiva aos imigrantes, como acontece em diversas partes da Europa, dos EUA e at\u00e9 no Brasil, a raz\u00e3o do crescimento da direita radical pode n\u00e3o estar t\u00e3o associada ao \u00f3dio irracional contra popula\u00e7\u00f5es vulner\u00e1veis, mas ao sentimento de abandono diante da aplica\u00e7\u00e3o de pol\u00edticas neoliberais, como aconteceram nos \u00faltimos anos na Su\u00e9cia.<\/p>\n<p>Essa \u00e9 a opini\u00e3o do renomado linguista, cientista pol\u00edtico e fil\u00f3sofo Noam Chomsky, apoiado por um estudo de cinco economistas suecos que mostrava a liga\u00e7\u00e3o entre o corte de gastos em pol\u00edticas sociais e o crescimento do \u00f3dio. \u201cOs eleitores da extrema-direita xen\u00f3foba t\u00eam pouco contato com imigrantes, mas sofreram com as pol\u00edticas neoliberais do governo sueco em anos recentes. S\u00e3o pessoas deixadas de fora conforme a desigualdade cresceu e que se sentiram abandonadas pelas institui\u00e7\u00f5es pol\u00edticas\u201d, relatou Chomsky, presente ao Semin\u00e1rio Internacional Amea\u00e7as \u00e0 Democracia e a Ordem Multipolar, e respons\u00e1vel por abrir a segunda mesa do evento, \u201cO progressismo e o neoliberalismo em um mundo em desenvolvimento\u201d.<\/p>\n<p>Ele explicou tamb\u00e9m que o neoliberalismo surgiu durante uma crise da democracia, nas d\u00e9cada de 1970, quando as mentes pensantes do capitalismo central se sentiram amea\u00e7adas pelo crescimento de grupos organizados de minorias, mulheres, negros e LGBT, que buscam reivindicar seus direitos.<\/p>\n<p>Contra esse movimento, as elites precisaram desenhar um novo modelo social que combatesse as greves e as lutas dos trabalhadores. \u201cEles diziam: &#8216;s\u00e3o marginais que devem ser colocados em seus lugares&#8217; \u2013 ou seja, como espectadores, n\u00e3o participantes do processo pol\u00edtico, enquanto a minoria de homens respons\u00e1veis comandam em nome de todo mundo\u201d. Desde ent\u00e3o, os lucros do mercado financeiro cresceram mais de 1000%, enquanto os sal\u00e1rios reais declinaram.<\/p>\n<p>Essa mudan\u00e7a de paradigma, que tamb\u00e9m demandou mudan\u00e7as na educa\u00e7\u00e3o para formar cidad\u00e3os mais \u201cd\u00f3ceis e obedientes\u201d, preconizadas pelas reformas do Fundo Monet\u00e1rio Internacional e pelo Banco Mundial, geram \u201cfrustra\u00e7\u00e3o, raiva e tristeza\u201d na classe trabalhadora, que ir\u00e1 se voltar contra alvos mais vulner\u00e1veis. E, desde os anos 1970, quando aconteceu o &#8220;assalto neoliberal de Margaret Thatcher e Ronald Reagan [Primeira ministra do Reino Unido e o presidente dos EUA nos anos 1980]&#8221;, que preconizava a inexist\u00eancia da sociedade \u2013 \u201cexistem apenas indiv\u00edduos\u201d\u2013, o modelo teve que ser renovado. <\/p>\n<p>Cria\u00e7\u00e3o de precariedades<\/p>\n<p>Com a crise imobili\u00e1ria de 2008 e as revoltas que se seguiram em todo o mundo, o sistema financeiro teve que buscar novas formas de garantir seus lucros. \u201cA economia est\u00e1 desenhada para criar precariados\u201d, diz Chomsky, ao lembrar de um estudo importante do economista Alan Krueger, que mostra \u201cque 95% do crescimento do emprego nos EUA entre 2005 e 2015 aconteceu em arranjos alternativos, tempor\u00e1rios, de meio per\u00edodo, transformando a sociedade em um saco de batatas e criando uma mistura t\u00f3xica que pode irromper de formas perigosas, como vemos hoje pelo mundo\u201d.<\/p>\n<p>Al\u00e9m disso, avan\u00e7ou o que ele qualifica de \u201ccapitalismo corporativo\u201d. \u201cO poder corporativo se traduz em decl\u00ednio da democracia\u201d, analisa Chomsky. \u201cA grande maioria da popula\u00e7\u00e3o \u00e9 abandonada e os representantes apenas defendem os interesses dos doadores de campanha. A Amazon, a segunda empresa de US$ 1 trilh\u00e3o de d\u00f3lares dos EUA, que consome 2% da energia el\u00e9trica do pa\u00eds, tem muitos subs\u00eddios, enquanto se cortam benef\u00edcios sociais. S\u00f3 quem ganha \u00e9 o agroneg\u00f3cio, as finan\u00e7as, as grandes ind\u00fastrias\u201d.<\/p>\n<p>Com a democracia sob ataque, um processo que, apesar do exemplo estadunidense, pode ser visto tamb\u00e9m no Brasil e em diversas partes do globo, quais s\u00e3o as sa\u00eddas? Mesmo reconhecendo que a situa\u00e7\u00e3o do pa\u00eds \u00e9 grave, Chomsky apresenta um exemplo generoso:<\/p>\n<p>\u201cH\u00e1 um s\u00e9culo, o Brasil era reconhecido como poss\u00edvel colosso e esse objetivo parecia \u00e0 vista h\u00e1 alguns anos, quando se tornou talvez o pa\u00eds mais respeitado do mundo, sob a lideran\u00e7a de Lula e de seu ministro Celso Amorim, com seus impressionantes feitos. E isso \u00e9 uma indica\u00e7\u00e3o do que pode ser alcan\u00e7ado pelo pa\u00eds. Nunca subestime os obst\u00e1culos \u00e0 frente e tampouco a capacidade do esp\u00edrito humano de super\u00e1-los e prevalecer\u201d.<\/p>\n<p>Resist\u00eancias<\/p>\n<figure id=\"attachment_18914\" aria-describedby=\"caption-attachment-18914\" style=\"width: 3000px\" class=\"wp-caption alignnone\"><img data-recalc-dims=\"1\" loading=\"lazy\" decoding=\"async\" data-attachment-id=\"18914\" data-permalink=\"http:\/\/blogdalucianaoliveira.com.br\/blog\/2018\/09\/15\/chomsky-crescimento-da-extrema-direita-e-consequencia-do-neoliberalismo\/seminario-initernacional-ameacas-a-democracia-e-a-ordem-multipolar\/\" data-orig-file=\"https:\/\/i0.wp.com\/blogdalucianaoliveira.com.br\/blog\/wp-content\/uploads\/2018\/09\/democ.jpg?fit=3000%2C2000\" data-orig-size=\"3000,2000\" data-comments-opened=\"0\" data-image-meta=\"{&quot;aperture&quot;:&quot;2.8&quot;,&quot;credit&quot;:&quot;Sergio Silva&quot;,&quot;camera&quot;:&quot;Canon EOS 6D&quot;,&quot;caption&quot;:&quot;Mesa 2 \\u2013 O progressismo e o neoliberalismo em um mundo em desenvolvimento. DATA: 14\\\/06\\\/2018. LOCAL: SP. FOTO POR S\\u00c9RGIO SILVA - AG\\u00caNCIA FPA&quot;,&quot;created_timestamp&quot;:&quot;1536918273&quot;,&quot;copyright&quot;:&quot;Funda\\u00e7\\u00e3o Perseu Abramo&quot;,&quot;focal_length&quot;:&quot;110&quot;,&quot;iso&quot;:&quot;6400&quot;,&quot;shutter_speed&quot;:&quot;0.005&quot;,&quot;title&quot;:&quot;SEMIN\\u00c1RIO INITERNACIONAL AMEA\\u00c7AS \\u00c0 DEMOCRACIA E A ORDEM MULTIPOLAR&quot;,&quot;orientation&quot;:&quot;0&quot;}\" data-image-title=\"SEMIN\u00c1RIO INITERNACIONAL AMEA\u00c7AS \u00c0 DEMOCRACIA E A ORDEM MULTIPOLAR\" data-image-description=\"\" data-image-caption=\"&lt;p&gt;Mesa 2 \u2013 O progressismo e o neoliberalismo em um mundo em desenvolvimento. DATA: 14\/06\/2018. LOCAL: SP. FOTO POR S\u00c9RGIO SILVA &amp;#8211; AG\u00caNCIA FPA&lt;\/p&gt;\n\" data-medium-file=\"https:\/\/i0.wp.com\/blogdalucianaoliveira.com.br\/blog\/wp-content\/uploads\/2018\/09\/democ.jpg?fit=300%2C200\" data-large-file=\"https:\/\/i0.wp.com\/blogdalucianaoliveira.com.br\/blog\/wp-content\/uploads\/2018\/09\/democ.jpg?fit=600%2C400\" src=\"https:\/\/i0.wp.com\/blogdalucianaoliveira.com.br\/blog\/wp-content\/uploads\/2018\/09\/democ.jpg?resize=600%2C400\" alt=\"Mesa 2 \u2013 O progressismo e o neoliberalismo em um mundo em desenvolvimento. DATA: 14\/06\/2018. LOCAL: SP. FOTO POR S\u00c9RGIO SILVA - AG\u00caNCIA FPA\" width=\"600\" height=\"400\" class=\"size-full wp-image-18914\" srcset=\"https:\/\/i0.wp.com\/blogdalucianaoliveira.com.br\/blog\/wp-content\/uploads\/2018\/09\/democ.jpg?w=3000 3000w, https:\/\/i0.wp.com\/blogdalucianaoliveira.com.br\/blog\/wp-content\/uploads\/2018\/09\/democ.jpg?resize=300%2C200 300w, https:\/\/i0.wp.com\/blogdalucianaoliveira.com.br\/blog\/wp-content\/uploads\/2018\/09\/democ.jpg?resize=768%2C512 768w, https:\/\/i0.wp.com\/blogdalucianaoliveira.com.br\/blog\/wp-content\/uploads\/2018\/09\/democ.jpg?resize=1024%2C683 1024w, https:\/\/i0.wp.com\/blogdalucianaoliveira.com.br\/blog\/wp-content\/uploads\/2018\/09\/democ.jpg?resize=450%2C300 450w, https:\/\/i0.wp.com\/blogdalucianaoliveira.com.br\/blog\/wp-content\/uploads\/2018\/09\/democ.jpg?w=1200 1200w, https:\/\/i0.wp.com\/blogdalucianaoliveira.com.br\/blog\/wp-content\/uploads\/2018\/09\/democ.jpg?w=1800 1800w\" sizes=\"auto, (max-width: 600px) 100vw, 600px\" \/><figcaption id=\"caption-attachment-18914\" class=\"wp-caption-text\">Mesa 2 \u2013 O progressismo e o neoliberalismo em um mundo em desenvolvimento. DATA: 14\/06\/2018. LOCAL: SP. FOTO POR S\u00c9RGIO SILVA &#8211; AG\u00caNCIA FPA<\/figcaption><\/figure>\n<p>Autoridades pol\u00edticas de todo mundo saudaram o papel da democracia brasileira no mundo. (Foto: S\u00e9rgio Silva | Funda\u00e7\u00e3o Perseu Abramo)<\/p>\n<p>Na sequ\u00eancia, antes de come\u00e7ar sua exposi\u00e7\u00e3o, Cuauht\u00e9moc C\u00e1rdenas, presidente do Centro L\u00e1zaro C\u00e1rdenas, do M\u00e9xico, e ex-governador do Distrito Federal daquele pa\u00eds, destacou a satisfa\u00e7\u00e3o de encontrar o ex-presidente Lula na superintend\u00eancia da Pol\u00edcia Federal em Curitiba, na tarde da \u00faltima quinta-feira (13). \u201cEncontramos uma pessoa que nos levantou o \u00e2nimo, nos fez ver que ele segue combativo e disposto a seguir na luta\u201d. <\/p>\n<p>C\u00e1rdenas fez uma explana\u00e7\u00e3o sobre a realidade atual do M\u00e9xico, recordou a aplica\u00e7\u00e3o de pol\u00edticas neoliberais nas \u00faltimas d\u00e9cadas e a recente elei\u00e7\u00e3o do esquerdista Andr\u00e9s Manuel L\u00f3pez Obrador como um marco para a hist\u00f3ria recente dos mexicanos, no sentido de superar problemas gerados ou aprofundados pelo per\u00edodo neoliberal. \u201cN\u00f3s acreditamos que a \u00fanica forma de resolver os nossos problemas \u00e9 mudar o modelo, o sistema de desenvolvimento pol\u00edtico, econ\u00f4mico e social que temos\u201d. <\/p>\n<p>\u201cEstamos propondo uma mudan\u00e7a na forma como vivemos. E que finalmente possamos superar isso que ficou conhecido como pol\u00edticas neoliberais\u201d, ressaltou.<\/p>\n<p>Em seguida, Luiz Carlos Bresser Pereira, economista, cientista pol\u00edtico, ex-ministro nos governos de Jos\u00e9 Sarney (PMDB, 1985-1990) e Fernando Henrique Cardoso (PSDB, 1994-2002) fez uma fala com foco no desenvolvimento da economia capitalista at\u00e9 a ado\u00e7\u00e3o das pol\u00edticas neoliberais, mais fortemente aplicadas a partir da d\u00e9cada de 80 na Am\u00e9rica Latina. E fez uma cr\u00edtica aos projetos pol\u00edticos de esquerda, pela aus\u00eancia de uma alternativa. \u201cO neoliberalismo, que esteve vigente no mundo desde a d\u00e9cada de 80, fracassou. Mas a centro-esquerda n\u00e3o conseguiu formular o seu projeto econ\u00f4mico\u201d.<\/p>\n<p>J\u00e1 Carlos Ominami, ex-senador chileno e diretor da Fundaci\u00f3n Chile 21, homenageou o ex-presidente Lula. \u201cEu diria que Lula \u00e9 o principal l\u00edder, a figura mais destacada do progressismo a n\u00edvel global. Em uma \u00e9poca existiam dois: Nelson Mandela e Lula. Mandela se foi e Lula ficou. Por isso, por sua lideran\u00e7a no Brasil e no mundo, podemos dizer que tentaram acabar com ele, mas n\u00e3o conseguiram. Hoje Lula \u00e9 maior do que antes\u201d.<\/p>\n<p>E comparou o golpe de estado no Brasil, em 2016, ao golpe vivido por Salvador Allende no Chile, na d\u00e9cada de 70. \u201cAs amea\u00e7as \u00e0 democracia existem e s\u00e3o muito s\u00e9rias. E o Brasil \u00e9 um exemplo disso. O golpe de estado em 2016 contra Dilma \u00e9, talvez, o fato mais grave da pol\u00edtica latino-americana desde o golpe contra Salvador Allende\u201d.<\/p>\n<p>Brasil da esperan\u00e7a<\/p>\n<p>O ex-primeiro ministro espanhol Jos\u00e9 Lu\u00eds Rodrigues Zapatero, lembrou, em tempos de crise migrat\u00f3ria, como o Brasil foi capaz de receber ao longo de sua hist\u00f3rias, ondas de imigrantes europeus, acolhendo, dando ref\u00fagio e oferecendo uma nova vida e constru\u00e7\u00e3o do pa\u00eds. E que isso se seguiu at\u00e9 o presente, com os \u00faltimos governos progressistas do pa\u00eds.<\/p>\n<p>\u201cO Brasil \u00e9 uma refer\u00eancia decisiva para a Am\u00e9rica Latina. O Brasil de Lula, da democracia, da esperan\u00e7a. Nunca se havia empenhado tanto na luta contra a pobreza e a mis\u00e9ria no mundo. Temos que reconhecer o seu compromisso em erradicar a pobreza extrema e a morte por fome. Minha gera\u00e7\u00e3o pode ser a primeira que conhece o fim da mortalidade pela fome no mundo\u201d, disse.<\/p>\n<p>Zapatero, ao fim, pediu que o campo progressista n\u00e3o perca a esperan\u00e7a e a capacidade de pensar sa\u00eddas para o neoliberalismo. \u201cTodos os petistas, lulistas, todo o Brasil progressista, temos que demonstrar que n\u00e3o permitem que a democracia seja a superioridade dos mais poderosos. N\u00e3o podemos perder a confian\u00e7a em n\u00f3s mesmos, no que representamos nos valores da esquerda, nos ideais, e saber que a democracia \u00e9 sempre uma luta pela democracia.\u201d, finalizou.<\/p>\n<p>Edi\u00e7\u00e3o: Diego Sartorato<\/p>\n","protected":false},"excerpt":{"rendered":"<p>Em semin\u00e1rio realizado em SP, filos\u00f3fo estadunidense alerta: a democracia declina diante do poder corporativo Leonardo Fernandes e Pedro Ribeiro Nogueira<\/p>\n","protected":false},"author":1,"featured_media":0,"comment_status":"closed","ping_status":"open","sticky":false,"template":"","format":"standard","meta":{"_exactmetrics_skip_tracking":false,"_exactmetrics_sitenote_active":false,"_exactmetrics_sitenote_note":"","_exactmetrics_sitenote_category":0,"jetpack_post_was_ever_published":false,"_jetpack_newsletter_access":"","_jetpack_dont_email_post_to_subs":false,"_jetpack_newsletter_tier_id":0,"_jetpack_memberships_contains_paywalled_content":false,"_jetpack_memberships_contains_paid_content":false,"footnotes":"","jetpack_publicize_message":"","jetpack_publicize_feature_enabled":true,"jetpack_social_post_already_shared":true,"jetpack_social_options":{"image_generator_settings":{"template":"highway","enabled":false},"version":2}},"categories":[1],"tags":[],"class_list":["post-18912","post","type-post","status-publish","format-standard","hentry","category-notas"],"jetpack_publicize_connections":[],"jetpack_sharing_enabled":true,"jetpack_featured_media_url":"","jetpack_shortlink":"https:\/\/wp.me\/p7wKYW-4V2","jetpack-related-posts":[],"_links":{"self":[{"href":"http:\/\/blogdalucianaoliveira.com.br\/blog\/wp-json\/wp\/v2\/posts\/18912","targetHints":{"allow":["GET"]}}],"collection":[{"href":"http:\/\/blogdalucianaoliveira.com.br\/blog\/wp-json\/wp\/v2\/posts"}],"about":[{"href":"http:\/\/blogdalucianaoliveira.com.br\/blog\/wp-json\/wp\/v2\/types\/post"}],"author":[{"embeddable":true,"href":"http:\/\/blogdalucianaoliveira.com.br\/blog\/wp-json\/wp\/v2\/users\/1"}],"replies":[{"embeddable":true,"href":"http:\/\/blogdalucianaoliveira.com.br\/blog\/wp-json\/wp\/v2\/comments?post=18912"}],"version-history":[{"count":1,"href":"http:\/\/blogdalucianaoliveira.com.br\/blog\/wp-json\/wp\/v2\/posts\/18912\/revisions"}],"predecessor-version":[{"id":18915,"href":"http:\/\/blogdalucianaoliveira.com.br\/blog\/wp-json\/wp\/v2\/posts\/18912\/revisions\/18915"}],"wp:attachment":[{"href":"http:\/\/blogdalucianaoliveira.com.br\/blog\/wp-json\/wp\/v2\/media?parent=18912"}],"wp:term":[{"taxonomy":"category","embeddable":true,"href":"http:\/\/blogdalucianaoliveira.com.br\/blog\/wp-json\/wp\/v2\/categories?post=18912"},{"taxonomy":"post_tag","embeddable":true,"href":"http:\/\/blogdalucianaoliveira.com.br\/blog\/wp-json\/wp\/v2\/tags?post=18912"}],"curies":[{"name":"wp","href":"https:\/\/api.w.org\/{rel}","templated":true}]}}