{"id":18916,"date":"2018-09-15T11:12:56","date_gmt":"2018-09-15T15:12:56","guid":{"rendered":"http:\/\/blogdalucianaoliveira.com.br\/blog\/?p=18916"},"modified":"2018-09-15T11:12:56","modified_gmt":"2018-09-15T15:12:56","slug":"assassinato-de-marielle-completa-seis-meses-e-o-mundo-pergunta-quem-a-matou","status":"publish","type":"post","link":"http:\/\/blogdalucianaoliveira.com.br\/blog\/2018\/09\/15\/assassinato-de-marielle-completa-seis-meses-e-o-mundo-pergunta-quem-a-matou\/","title":{"rendered":"Assassinato de Marielle completa seis meses e o mundo pergunta: quem a matou?"},"content":{"rendered":"<p><img data-recalc-dims=\"1\" loading=\"lazy\" decoding=\"async\" data-attachment-id=\"18917\" data-permalink=\"http:\/\/blogdalucianaoliveira.com.br\/blog\/2018\/09\/15\/assassinato-de-marielle-completa-seis-meses-e-o-mundo-pergunta-quem-a-matou\/marie\/\" data-orig-file=\"https:\/\/i0.wp.com\/blogdalucianaoliveira.com.br\/blog\/wp-content\/uploads\/2018\/09\/marie.jpg?fit=1960%2C1099\" data-orig-size=\"1960,1099\" data-comments-opened=\"0\" data-image-meta=\"{&quot;aperture&quot;:&quot;0&quot;,&quot;credit&quot;:&quot;&quot;,&quot;camera&quot;:&quot;&quot;,&quot;caption&quot;:&quot;&quot;,&quot;created_timestamp&quot;:&quot;0&quot;,&quot;copyright&quot;:&quot;&quot;,&quot;focal_length&quot;:&quot;0&quot;,&quot;iso&quot;:&quot;0&quot;,&quot;shutter_speed&quot;:&quot;0&quot;,&quot;title&quot;:&quot;&quot;,&quot;orientation&quot;:&quot;0&quot;}\" data-image-title=\"marie\" data-image-description=\"\" data-image-caption=\"\" data-medium-file=\"https:\/\/i0.wp.com\/blogdalucianaoliveira.com.br\/blog\/wp-content\/uploads\/2018\/09\/marie.jpg?fit=300%2C168\" data-large-file=\"https:\/\/i0.wp.com\/blogdalucianaoliveira.com.br\/blog\/wp-content\/uploads\/2018\/09\/marie.jpg?fit=600%2C336\" src=\"https:\/\/i0.wp.com\/blogdalucianaoliveira.com.br\/blog\/wp-content\/uploads\/2018\/09\/marie.jpg?resize=600%2C336\" alt=\"marie\" width=\"600\" height=\"336\" class=\"alignnone size-full wp-image-18917\" srcset=\"https:\/\/i0.wp.com\/blogdalucianaoliveira.com.br\/blog\/wp-content\/uploads\/2018\/09\/marie.jpg?w=1960 1960w, https:\/\/i0.wp.com\/blogdalucianaoliveira.com.br\/blog\/wp-content\/uploads\/2018\/09\/marie.jpg?resize=300%2C168 300w, https:\/\/i0.wp.com\/blogdalucianaoliveira.com.br\/blog\/wp-content\/uploads\/2018\/09\/marie.jpg?resize=768%2C431 768w, https:\/\/i0.wp.com\/blogdalucianaoliveira.com.br\/blog\/wp-content\/uploads\/2018\/09\/marie.jpg?resize=1024%2C574 1024w, https:\/\/i0.wp.com\/blogdalucianaoliveira.com.br\/blog\/wp-content\/uploads\/2018\/09\/marie.jpg?resize=535%2C300 535w, https:\/\/i0.wp.com\/blogdalucianaoliveira.com.br\/blog\/wp-content\/uploads\/2018\/09\/marie.jpg?w=1200 1200w, https:\/\/i0.wp.com\/blogdalucianaoliveira.com.br\/blog\/wp-content\/uploads\/2018\/09\/marie.jpg?w=1800 1800w\" sizes=\"auto, (max-width: 600px) 100vw, 600px\" \/><\/p>\n<p>No El Pa\u00eds, por ARTHUR STABILE E OLAVO BARROS- O assassinato da vereadora carioca Marielle Franco (PSOL) e do motorista Anderson Gomes completou seis meses nesta sexta-feira, 14. A morosidade de autoridades e da justi\u00e7a brasileira em dar respostas sobre as execu\u00e7\u00f5es moveu ativistas de direitos humanos em diferentes partes do mundo. Do Rio de Janeiro at\u00e9 Buenos Aires, na Argentina, a cobran\u00e7a era por respostas: quem matou e quem mandou matar Marielle?<!--more--><\/p>\n<p>S\u00e3o exatos 184 dias de impunidade, sem o Governo do presidente Michel Temer (MDB) ou o l\u00edder da interven\u00e7\u00e3o na seguran\u00e7a p\u00fablica, general Braga Netto, darem respostas sobre os assassinos e os mandantes do crime. A Anistia Internacional liderou um movimento para pressionar os respons\u00e1veis pelas investiga\u00e7\u00f5es.<\/p>\n<p>\u201cA press\u00e3o faz com que alguns passos sejam dados, sem press\u00e3o, tudo poderia ser diferente. Como movimento global, continuamos pressionando, seja no Twitter, nas redes sociais como um todo e com caminh\u00e3o na rua, como hoje\u201d, explica \u00e0 Ponte Jurema Werneck, diretora executiva da Anistia Internacional no Brasil. \u201cFazemos isso para as autoridades receberem o recado: o Rio de Janeiro, o Brasil e mundo est\u00e3o de olho e n\u00e3o v\u00e3o aceitar a impunidade como resposta\u201d, completa.<\/p>\n<p>A entidade usou um caminh\u00e3o com painel exigindo respostas sobre as mortes. O ve\u00edculo como equipamento percorreu a cidade, inclusive na sede da interven\u00e7\u00e3o, onde fica o general interventor. Segundo Jurema, a press\u00e3o constante possibilita avan\u00e7os, nem que seja a presta\u00e7\u00e3o de contas por parte das autoridades.<\/p>\n<p>\u201cFomos com a fam\u00edlia da Marielle at\u00e9 o procurador-geral de justi\u00e7a do RJ, levamos recomenda\u00e7\u00f5es. A mesma coisa aconteceu com o secret\u00e1rio estadual de seguran\u00e7a, o general Richard Nunes. Com press\u00e3o, ele recebeu os familiares e n\u00f3s da Anistia\u201d, exemplifica. \u201cA morte de uma defensora dos direitos humanos impacta em todo o mundo, impacta toda a sociedade. O Brasil est\u00e1 entre aqueles pa\u00edses com maiores assassinatos de defensores e defensoras\u201d, completa.<\/p>\n<p>No Twitter, a Anistia mobilizou o tuita\u00e7o (s\u00e9rie de mensagens sobre um tema espec\u00edfico) com a hashtag #MariellePresente. A diretora explica que a a\u00e7\u00e3o incentiva pessoas de todo o mundo a cobrarem respostas. \u201cTemos mais de 170 mil pessoas de v\u00e1rios pa\u00edses com mensagens enviadas \u00e0s autoridades, Jap\u00e3o, Noruega, Canad\u00e1, B\u00e9lgica, Cor\u00e9ia do Sul\u2026 v\u00e1rios pa\u00edses e a mobiliza\u00e7\u00e3o s\u00f3 cresce\u201d, diz.<\/p>\n<p>A\u00e7\u00e3o internacional<br \/>\nAl\u00e9m do Rio de Janeiro e das redes sociais, as cobran\u00e7as aconteceram em outros pa\u00edses, como a Argentina. Em Buenos Aires, militantes se reuniram em frente \u00e0 embaixada do Brasil. Eles carregaram flores e pregaram cartazes com os dizeres \u201cQuem Matou Marielle?\u201d, em portugu\u00eas e castelhano.<\/p>\n<p>\u201c\u00c9 muito importante e simb\u00f3lico estarmos na embaixada, diante das autoridades brasileiras, lembrando que n\u00e3o esquecemos, n\u00e3o vamos esquecer\u201d, conta Mariana Marques, diretora de Pol\u00edtica e Justi\u00e7a Internacional da Anistia Internacional da Argentina. \u201cHoje \u00e9 uma data importante. Seis meses \u00e9 muita coisa para n\u00e3o termos uma resposta ainda. Precisamos saber quem matou a Marielle. O Brasil precisa se comprometer a dar essa resposta\u201d, continua.<\/p>\n<p>Mariana tamb\u00e9m reflete sobre o que chama de \u201ctransversalidade de lutas\u201d de Marielle e a sensibiliza\u00e7\u00e3o internacional em torno do caso. \u201c\u00c9 muito emblem\u00e1tica a luta porque ela convoca muitas lutas. Ela [Marielle] se caracteriza pela transversalidade de lutas: convoca ativistas e militantes pelas causas LGBT, pelos direitos das pessoas afrodescendentes, pelas mulheres e pelas pessoas das favelas\u201d, explica.<\/p>\n<p>De acordo com a ativista, as vozes representadas por Marielle ecoaram com sua morte. \u201cTentaram silenci\u00e1-la, mas, na verdade, o que conseguiram foi promover sua luta no mundo inteiro e fazer com que muitas outras pessoas se sensibilizem e se somem\u201d, argumenta.<\/p>\n<p>Na semana passada, o senado argentino homenageou a vereadora morta entregando um diploma de honra, um \u201creconhecimento por sua extraordin\u00e1ria valentia e compromisso na luta pelos direitos humanos\u201d, \u00e0 vi\u00fava de Marielle, M\u00f4nica Ben\u00edcio. \u201cUm dos meus pedidos [para vir a Argentina] foi ter forma\u00e7\u00e3o pol\u00edtica com voc\u00eas, porque voc\u00eas, muito melhor do que o Brasil, t\u00eam n\u00e3o s\u00f3 o conhecimento da dor, mas da resist\u00eancia. Estou aqui para que a gente n\u00e3o tenha outras Marielles no sentido da barb\u00e1rie, mas tenha muitas outras Marielles no sentido da luta e da resist\u00eancia\u201d, falou M\u00f4nica, na oportunidade.<\/p>\n","protected":false},"excerpt":{"rendered":"<p>No El Pa\u00eds, por ARTHUR STABILE E OLAVO BARROS- O assassinato da vereadora carioca Marielle Franco (PSOL) e do motorista Anderson Gomes completou seis meses nesta sexta-feira, 14. A morosidade de autoridades e da justi\u00e7a brasileira em dar respostas sobre as execu\u00e7\u00f5es moveu ativistas de direitos humanos em diferentes partes do mundo. Do Rio de&#8230;<a class=\"more-link\" href=\"http:\/\/blogdalucianaoliveira.com.br\/blog\/2018\/09\/15\/assassinato-de-marielle-completa-seis-meses-e-o-mundo-pergunta-quem-a-matou\/\">Continue a leitura <span class=\"meta-nav\">&raquo;<\/span><\/a><\/p>\n","protected":false},"author":1,"featured_media":0,"comment_status":"closed","ping_status":"open","sticky":false,"template":"","format":"standard","meta":{"_exactmetrics_skip_tracking":false,"_exactmetrics_sitenote_active":false,"_exactmetrics_sitenote_note":"","_exactmetrics_sitenote_category":0,"jetpack_post_was_ever_published":false,"_jetpack_newsletter_access":"","_jetpack_dont_email_post_to_subs":false,"_jetpack_newsletter_tier_id":0,"_jetpack_memberships_contains_paywalled_content":false,"_jetpack_memberships_contains_paid_content":false,"footnotes":"","jetpack_publicize_message":"","jetpack_publicize_feature_enabled":true,"jetpack_social_post_already_shared":true,"jetpack_social_options":{"image_generator_settings":{"template":"highway","enabled":false},"version":2}},"categories":[1],"tags":[],"class_list":["post-18916","post","type-post","status-publish","format-standard","hentry","category-notas"],"jetpack_publicize_connections":[],"jetpack_sharing_enabled":true,"jetpack_featured_media_url":"","jetpack_shortlink":"https:\/\/wp.me\/p7wKYW-4V6","jetpack-related-posts":[],"_links":{"self":[{"href":"http:\/\/blogdalucianaoliveira.com.br\/blog\/wp-json\/wp\/v2\/posts\/18916","targetHints":{"allow":["GET"]}}],"collection":[{"href":"http:\/\/blogdalucianaoliveira.com.br\/blog\/wp-json\/wp\/v2\/posts"}],"about":[{"href":"http:\/\/blogdalucianaoliveira.com.br\/blog\/wp-json\/wp\/v2\/types\/post"}],"author":[{"embeddable":true,"href":"http:\/\/blogdalucianaoliveira.com.br\/blog\/wp-json\/wp\/v2\/users\/1"}],"replies":[{"embeddable":true,"href":"http:\/\/blogdalucianaoliveira.com.br\/blog\/wp-json\/wp\/v2\/comments?post=18916"}],"version-history":[{"count":1,"href":"http:\/\/blogdalucianaoliveira.com.br\/blog\/wp-json\/wp\/v2\/posts\/18916\/revisions"}],"predecessor-version":[{"id":18918,"href":"http:\/\/blogdalucianaoliveira.com.br\/blog\/wp-json\/wp\/v2\/posts\/18916\/revisions\/18918"}],"wp:attachment":[{"href":"http:\/\/blogdalucianaoliveira.com.br\/blog\/wp-json\/wp\/v2\/media?parent=18916"}],"wp:term":[{"taxonomy":"category","embeddable":true,"href":"http:\/\/blogdalucianaoliveira.com.br\/blog\/wp-json\/wp\/v2\/categories?post=18916"},{"taxonomy":"post_tag","embeddable":true,"href":"http:\/\/blogdalucianaoliveira.com.br\/blog\/wp-json\/wp\/v2\/tags?post=18916"}],"curies":[{"name":"wp","href":"https:\/\/api.w.org\/{rel}","templated":true}]}}