{"id":18919,"date":"2018-09-15T11:23:47","date_gmt":"2018-09-15T15:23:47","guid":{"rendered":"http:\/\/blogdalucianaoliveira.com.br\/blog\/?p=18919"},"modified":"2018-09-15T11:23:47","modified_gmt":"2018-09-15T15:23:47","slug":"votenelas-campanha-de-candidatas-incentiva-eleitores-a-votarem-em-mulheres","status":"publish","type":"post","link":"http:\/\/blogdalucianaoliveira.com.br\/blog\/2018\/09\/15\/votenelas-campanha-de-candidatas-incentiva-eleitores-a-votarem-em-mulheres\/","title":{"rendered":"#VoteNelas: Campanha de candidatas incentiva eleitores a votarem em mulheres"},"content":{"rendered":"<p><img data-recalc-dims=\"1\" loading=\"lazy\" decoding=\"async\" data-attachment-id=\"18920\" data-permalink=\"http:\/\/blogdalucianaoliveira.com.br\/blog\/2018\/09\/15\/votenelas-campanha-de-candidatas-incentiva-eleitores-a-votarem-em-mulheres\/vote\/\" data-orig-file=\"https:\/\/i0.wp.com\/blogdalucianaoliveira.com.br\/blog\/wp-content\/uploads\/2018\/09\/vote.png?fit=700%2C420\" data-orig-size=\"700,420\" data-comments-opened=\"0\" data-image-meta=\"{&quot;aperture&quot;:&quot;0&quot;,&quot;credit&quot;:&quot;&quot;,&quot;camera&quot;:&quot;&quot;,&quot;caption&quot;:&quot;&quot;,&quot;created_timestamp&quot;:&quot;0&quot;,&quot;copyright&quot;:&quot;&quot;,&quot;focal_length&quot;:&quot;0&quot;,&quot;iso&quot;:&quot;0&quot;,&quot;shutter_speed&quot;:&quot;0&quot;,&quot;title&quot;:&quot;&quot;,&quot;orientation&quot;:&quot;0&quot;}\" data-image-title=\"vote\" data-image-description=\"\" data-image-caption=\"\" data-medium-file=\"https:\/\/i0.wp.com\/blogdalucianaoliveira.com.br\/blog\/wp-content\/uploads\/2018\/09\/vote.png?fit=300%2C180\" data-large-file=\"https:\/\/i0.wp.com\/blogdalucianaoliveira.com.br\/blog\/wp-content\/uploads\/2018\/09\/vote.png?fit=600%2C360\" class=\"alignnone size-full wp-image-18920\" src=\"https:\/\/i0.wp.com\/blogdalucianaoliveira.com.br\/blog\/wp-content\/uploads\/2018\/09\/vote.png?resize=600%2C360\" alt=\"vote\" width=\"600\" height=\"360\" srcset=\"https:\/\/i0.wp.com\/blogdalucianaoliveira.com.br\/blog\/wp-content\/uploads\/2018\/09\/vote.png?w=700 700w, https:\/\/i0.wp.com\/blogdalucianaoliveira.com.br\/blog\/wp-content\/uploads\/2018\/09\/vote.png?resize=300%2C180 300w, https:\/\/i0.wp.com\/blogdalucianaoliveira.com.br\/blog\/wp-content\/uploads\/2018\/09\/vote.png?resize=500%2C300 500w\" sizes=\"auto, (max-width: 600px) 100vw, 600px\" \/><\/p>\n<p>\u201cN\u00e3o faz mais sentido um pa\u00eds como o Brasil ser governado quase somente por homens\u201d, afirma o movimento.<\/p>\n<p>Na Revista F\u00f3rum &#8211; O Brasil ocupa a posi\u00e7\u00e3o 152 de 190 pa\u00edses quando o assunto \u00e9 mulheres no parlamento. O dado foi divulgado em mar\u00e7o de 2018 pelo IBGE (Instituto Brasileiro de Geografia e Estat\u00edstica) e foi monitorado pela Inter-Parliamentary Union, com sede na Su\u00ed\u00e7a.<!--more--><\/p>\n<p>Depois de notarem essa assustadora disparidade, candidatas brasileiras decidiram se unir para fazer uma campanha que incentiva eleitores a votarem em mulheres. O grupo, que \u00e9 suprapartid\u00e1rio, engloba v\u00e1rias candidatas, de diferentes correntes pol\u00edticas, mas que acreditam que o Brasil precisa de mais representatividade feminina.<\/p>\n<p>Foi assim que nasceu o\u00a0<a href=\"https:\/\/www.facebook.com\/votenelas2018\/\" target=\"_blank\" rel=\"noopener\">#VoteNelas. Na p\u00e1gina do Facebook<\/a>, o movimento diz que as mulheres foram afastadas da pol\u00edtica e caladas at\u00e9 hoje, mas que a hora de mudar essa realidade chegou. \u201cN\u00e3o faz mais sentido um pa\u00eds como o Brasil ser governado quase somente por homens\u201d, afirma o texto.<\/p>\n<p><img data-recalc-dims=\"1\" loading=\"lazy\" decoding=\"async\" class=\"aligncenter wp-image-140263\" src=\"https:\/\/i0.wp.com\/controle.revistaforum.com.br\/wp-content\/uploads\/2018\/09\/vote-nelas-1.jpg?resize=600%2C600&#038;ssl=1\" sizes=\"auto, (max-width: 600px) 100vw, 600px\" srcset=\"https:\/\/www.revistaforum.com.br\/wp-content\/uploads\/2018\/09\/vote-nelas-1.jpg 800w, https:\/\/www.revistaforum.com.br\/wp-content\/uploads\/2018\/09\/vote-nelas-1-150x150.jpg 150w, https:\/\/www.revistaforum.com.br\/wp-content\/uploads\/2018\/09\/vote-nelas-1-300x300.jpg 300w, https:\/\/www.revistaforum.com.br\/wp-content\/uploads\/2018\/09\/vote-nelas-1-768x768.jpg 768w\" alt=\"\" width=\"600\" height=\"600\" \/><\/p>\n<p>Na p\u00e1gina s\u00e3o compartilhados informa\u00e7\u00f5es e v\u00eddeos que ilustram a import\u00e2ncia de se ter mulheres fazendo pol\u00edtica. Al\u00e9m disso, traz dados que mostram como essa \u00e1rea ainda precisa ser mais conquistada por candidaturas femininas.<\/p>\n<p>De acordo com Duda Alc\u00e2ntara (Rede), que \u00e9 candidata \u00e0 deputada federal e uma das criadoras do projeto, foi notado por elas que existiam v\u00e1rios movimentos para a renova\u00e7\u00e3o da pol\u00edtica, mas que era essencial tamb\u00e9m pautar a import\u00e2ncia das mulheres na pol\u00edtica.<\/p>\n<div class=\"text\">\n<p>Ela afirma que, para o grupo, \u00e9 importante n\u00e3o s\u00f3 serem candidatas, mas tamb\u00e9m motivar outras mulheres que est\u00e3o na corrida eleitoral. Assim veio a ideia de fazer uma campanha com dados e informa\u00e7\u00f5es para \u201ctentar colocar essa cultura das pessoas votarem mais em quem temos menos no Congresso\u201d.<\/p>\n<p><img data-recalc-dims=\"1\" loading=\"lazy\" decoding=\"async\" class=\"aligncenter size-full wp-image-140264\" src=\"https:\/\/i0.wp.com\/controle.revistaforum.com.br\/wp-content\/uploads\/2018\/09\/vote-nelas-3-e1537020822664.jpg?resize=600%2C686&#038;ssl=1\" alt=\"\" width=\"600\" height=\"686\" \/><\/p>\n<div class=\"code-block code-block-8\"><\/div>\n<p>Duda tamb\u00e9m lembra da import\u00e2ncia de eleger mulheres negras para os cargos no parlamento brasileiro. Um exemplo de que \u00e9 importante falar sobre essa intersec\u00e7\u00e3o de g\u00eanero e ra\u00e7a \u00e9 que apenas 3% das pessoas que assumiram as prefeituras nas \u00faltimas elei\u00e7\u00f5es s\u00e3o mulheres negras. O dado \u00e9 da CNM (Confedera\u00e7\u00e3o Nacional de Munic\u00edpios).<\/p>\n<\/div>\n<div><\/div>\n","protected":false},"excerpt":{"rendered":"<p>\u201cN\u00e3o faz mais sentido um pa\u00eds como o Brasil ser governado quase somente por homens\u201d, afirma o movimento. Na Revista F\u00f3rum &#8211; O Brasil ocupa a posi\u00e7\u00e3o 152 de 190 pa\u00edses quando o assunto \u00e9 mulheres no parlamento. O dado foi divulgado em mar\u00e7o de 2018 pelo IBGE (Instituto Brasileiro de Geografia e Estat\u00edstica) e&#8230;<a class=\"more-link\" href=\"http:\/\/blogdalucianaoliveira.com.br\/blog\/2018\/09\/15\/votenelas-campanha-de-candidatas-incentiva-eleitores-a-votarem-em-mulheres\/\">Continue a leitura <span class=\"meta-nav\">&raquo;<\/span><\/a><\/p>\n","protected":false},"author":1,"featured_media":0,"comment_status":"closed","ping_status":"open","sticky":false,"template":"","format":"standard","meta":{"_exactmetrics_skip_tracking":false,"_exactmetrics_sitenote_active":false,"_exactmetrics_sitenote_note":"","_exactmetrics_sitenote_category":0,"jetpack_post_was_ever_published":false,"_jetpack_newsletter_access":"","_jetpack_dont_email_post_to_subs":false,"_jetpack_newsletter_tier_id":0,"_jetpack_memberships_contains_paywalled_content":false,"_jetpack_memberships_contains_paid_content":false,"footnotes":"","jetpack_publicize_message":"","jetpack_publicize_feature_enabled":true,"jetpack_social_post_already_shared":true,"jetpack_social_options":{"image_generator_settings":{"template":"highway","enabled":false},"version":2}},"categories":[1],"tags":[],"class_list":["post-18919","post","type-post","status-publish","format-standard","hentry","category-notas"],"jetpack_publicize_connections":[],"jetpack_sharing_enabled":true,"jetpack_featured_media_url":"","jetpack_shortlink":"https:\/\/wp.me\/p7wKYW-4V9","jetpack-related-posts":[],"_links":{"self":[{"href":"http:\/\/blogdalucianaoliveira.com.br\/blog\/wp-json\/wp\/v2\/posts\/18919","targetHints":{"allow":["GET"]}}],"collection":[{"href":"http:\/\/blogdalucianaoliveira.com.br\/blog\/wp-json\/wp\/v2\/posts"}],"about":[{"href":"http:\/\/blogdalucianaoliveira.com.br\/blog\/wp-json\/wp\/v2\/types\/post"}],"author":[{"embeddable":true,"href":"http:\/\/blogdalucianaoliveira.com.br\/blog\/wp-json\/wp\/v2\/users\/1"}],"replies":[{"embeddable":true,"href":"http:\/\/blogdalucianaoliveira.com.br\/blog\/wp-json\/wp\/v2\/comments?post=18919"}],"version-history":[{"count":1,"href":"http:\/\/blogdalucianaoliveira.com.br\/blog\/wp-json\/wp\/v2\/posts\/18919\/revisions"}],"predecessor-version":[{"id":18921,"href":"http:\/\/blogdalucianaoliveira.com.br\/blog\/wp-json\/wp\/v2\/posts\/18919\/revisions\/18921"}],"wp:attachment":[{"href":"http:\/\/blogdalucianaoliveira.com.br\/blog\/wp-json\/wp\/v2\/media?parent=18919"}],"wp:term":[{"taxonomy":"category","embeddable":true,"href":"http:\/\/blogdalucianaoliveira.com.br\/blog\/wp-json\/wp\/v2\/categories?post=18919"},{"taxonomy":"post_tag","embeddable":true,"href":"http:\/\/blogdalucianaoliveira.com.br\/blog\/wp-json\/wp\/v2\/tags?post=18919"}],"curies":[{"name":"wp","href":"https:\/\/api.w.org\/{rel}","templated":true}]}}