{"id":18928,"date":"2018-09-20T16:24:15","date_gmt":"2018-09-20T20:24:15","guid":{"rendered":"http:\/\/blogdalucianaoliveira.com.br\/blog\/?p=18928"},"modified":"2018-09-20T16:24:15","modified_gmt":"2018-09-20T20:24:15","slug":"proibicao-de-doacoes-empresariais-nao-blindam-politica-dos-interesses-privados","status":"publish","type":"post","link":"http:\/\/blogdalucianaoliveira.com.br\/blog\/2018\/09\/20\/proibicao-de-doacoes-empresariais-nao-blindam-politica-dos-interesses-privados\/","title":{"rendered":"Proibi\u00e7\u00e3o de doa\u00e7\u00f5es empresariais n\u00e3o blindam pol\u00edtica dos interesses privados"},"content":{"rendered":"<p><img data-recalc-dims=\"1\" loading=\"lazy\" decoding=\"async\" data-attachment-id=\"18929\" data-permalink=\"http:\/\/blogdalucianaoliveira.com.br\/blog\/2018\/09\/20\/proibicao-de-doacoes-empresariais-nao-blindam-politica-dos-interesses-privados\/elei\/\" data-orig-file=\"https:\/\/i0.wp.com\/blogdalucianaoliveira.com.br\/blog\/wp-content\/uploads\/2018\/09\/elei.jpg?fit=640%2C426\" data-orig-size=\"640,426\" data-comments-opened=\"0\" data-image-meta=\"{&quot;aperture&quot;:&quot;0&quot;,&quot;credit&quot;:&quot;&quot;,&quot;camera&quot;:&quot;&quot;,&quot;caption&quot;:&quot;&quot;,&quot;created_timestamp&quot;:&quot;0&quot;,&quot;copyright&quot;:&quot;&quot;,&quot;focal_length&quot;:&quot;0&quot;,&quot;iso&quot;:&quot;0&quot;,&quot;shutter_speed&quot;:&quot;0&quot;,&quot;title&quot;:&quot;&quot;,&quot;orientation&quot;:&quot;0&quot;}\" data-image-title=\"elei\" data-image-description=\"\" data-image-caption=\"\" data-medium-file=\"https:\/\/i0.wp.com\/blogdalucianaoliveira.com.br\/blog\/wp-content\/uploads\/2018\/09\/elei.jpg?fit=300%2C200\" data-large-file=\"https:\/\/i0.wp.com\/blogdalucianaoliveira.com.br\/blog\/wp-content\/uploads\/2018\/09\/elei.jpg?fit=600%2C399\" src=\"https:\/\/i0.wp.com\/blogdalucianaoliveira.com.br\/blog\/wp-content\/uploads\/2018\/09\/elei.jpg?resize=600%2C399\" alt=\"elei\" width=\"600\" height=\"399\" class=\"alignnone size-full wp-image-18929\" srcset=\"https:\/\/i0.wp.com\/blogdalucianaoliveira.com.br\/blog\/wp-content\/uploads\/2018\/09\/elei.jpg?w=640 640w, https:\/\/i0.wp.com\/blogdalucianaoliveira.com.br\/blog\/wp-content\/uploads\/2018\/09\/elei.jpg?resize=300%2C200 300w, https:\/\/i0.wp.com\/blogdalucianaoliveira.com.br\/blog\/wp-content\/uploads\/2018\/09\/elei.jpg?resize=451%2C300 451w\" sizes=\"auto, (max-width: 600px) 100vw, 600px\" \/><\/p>\n<p>Via pessoa f\u00edsica, empres\u00e1rios seguem financiando candidaturas afins aos seus prop\u00f3sitos e impedem renova\u00e7\u00e3o<!--more--><\/p>\n<p>Brasil de Fato | Bras\u00edlia (DF)<br \/>\nCristiane Sampaio<\/p>\n<p>Apesar da proibi\u00e7\u00e3o do financiamento empresarial de campanhas, que vigora no pa\u00eds desde 2015 por for\u00e7a de uma decis\u00e3o do Supremo Tribunal Federal (STF), a classe empresarial continua engajada em diferentes candidaturas.<\/p>\n<p>Se, por um lado, a cria\u00e7\u00e3o do Fundo Especial de Financiamento de Campanha (FEFC), ligado \u00e0 tentativa de redu\u00e7\u00e3o da corrup\u00e7\u00e3o, retira oficialmente as empresas do cen\u00e1rio e faz com que as chapas tenham gastos mais modestos, por outro, a presen\u00e7a de atores do poder econ\u00f4mico segue garantida por meio de doa\u00e7\u00f5es pessoais, via CPF (Cadastro de Pessoa F\u00edsica).<\/p>\n<p>Pelas normas, as doa\u00e7\u00f5es t\u00eam como limite 10% do rendimento bruto total do doador no ano anterior ao da elei\u00e7\u00e3o.<\/p>\n<p>Entre os candidatos que participam da corrida rumo ao Pal\u00e1cio do Planalto, por exemplo, os destaques em termos de financiamento vindo de empres\u00e1rios s\u00e3o as campanhas de \u00c1lvaro Dias (Podemos), Jo\u00e3o Amo\u00eado (Partido Novo) e Marina Silva (Rede).<\/p>\n<p>Segundo dados do Tribunal Superior Eleitoral (TSE), Dias tem 33,5% da sua verba de campanha doados pelo empres\u00e1rio Oriovisto Guimar\u00e3es, um dos fundadores do Grupo Positivo, que atua no ramo educacional no estado do Paran\u00e1 e canalizou um montante de R$ 1,7 milh\u00e3o para a chapa.<\/p>\n<p>Amo\u00eado recebeu, por exemplo, R$ 100 mil de Walter Schalka, presidente de uma produtora de papel e celulose que est\u00e1 entre as maiores do mundo no ramo. Outros R$ 100 mil vieram de C\u00e9lio Pinto de Almeida, empres\u00e1rio do segmento de constru\u00e7\u00e3o civil.<\/p>\n<p>J\u00e1 Marina Silva (Rede) recebeu, entre outros montantes, R$ 100 mil de Carlos Bracher e ainda R$ 50 mil de Fern\u00e3o Bracher, ambos da fam\u00edlia que est\u00e1 \u00e0 frente do banco Ita\u00fa.<\/p>\n<p>Os valores n\u00e3o s\u00e3o finais, dado que as doa\u00e7\u00f5es s\u00e3o permitidas at\u00e9 o ultimo dia de campanha \u2013 7 de outubro para o primeiro turno e 28 de outubro para a segunda fase da disputa \u2013, mas j\u00e1 despertam leituras cr\u00edticas por parte daqueles que acompanham de perto o cen\u00e1rio pol\u00edtico-eleitoral.<\/p>\n<p>O cientista pol\u00edtico Michel Neil destaca que, apesar do montante de doa\u00e7\u00f5es ser mais magro que em anos anteriores, n\u00e3o \u00e9 poss\u00edvel imaginar que a nova regra seja capaz de impedir uma captura dos interesses p\u00fablicos e sociais pelo interesse empresarial de quem ajuda a financiar as diferentes campanhas. A an\u00e1lise de Neil vale tanto para o futuro mandato presidencial quanto para aqueles de  governadores, senadores e deputados.<\/p>\n<p>\u201cA gente precisa ter claro que o empres\u00e1rio \u00e9 um cidad\u00e3o com os mesmos direitos de qualquer outro cidad\u00e3o, mas, do ponto de vista pr\u00e1tico, assim como \u00e9 dif\u00edcil dissociar um empres\u00e1rio da sua empresa, tamb\u00e9m vai ser muito dif\u00edcil dissociar um pol\u00edtico financiado dos interesses privados e corporativos de quem o financia, por mais que seja [doa\u00e7\u00e3o de] pessoa f\u00edsica\u201d, afirma Michel Neil.<\/p>\n<p>Financiamento &#038; Democratiza\u00e7\u00e3o  <\/p>\n<p>O conflito de interesses relacionado ao investimento de empres\u00e1rios em campanhas tem liga\u00e7\u00e3o tamb\u00e9m com a falta de democratiza\u00e7\u00e3o no acesso aos cargos eletivos. \u00c9 o que aponta o analista pol\u00edtico Marcos Verlaine, do Departamento Intersindical de Assessoria Parlamentar (Diap).<\/p>\n<p>Ele destaca que o problema reside na l\u00f3gica de partilha da verba do FEFC. O Fundo, criado com o objetivo de reduzir a for\u00e7a do poder econ\u00f4mico na atua\u00e7\u00e3o de pol\u00edticos eleitos, surgiu de uma demanda hist\u00f3rica dos setores mais progressistas.<\/p>\n<p>Dados do Instituto Internacional pela Democracia e Assist\u00eancia Eleitoral (Idea) apontam que o financiamento p\u00fablico de campanha \u00e9 adotado em 118 pa\u00edses, com diferentes percentuais de participa\u00e7\u00e3o do Estado entre eles.<\/p>\n<p>No entanto, as normas que regem o fundo no Brasil priorizam a canaliza\u00e7\u00e3o de recursos para quem j\u00e1 det\u00e9m mandato. Com isso, acabam incentivando especialmente candidaturas que, em sua maioria, t\u00eam liga\u00e7\u00e3o com o poder econ\u00f4mico.<\/p>\n<p>Verlaine ressalta que, diante disso, apesar das campanhas contarem com verbas mais enxutas, a classe empresarial consegue manter uma \u00edntima rela\u00e7\u00e3o com o poder pol\u00edtico, j\u00e1 que as regras inviabilizam tamb\u00e9m um maior equacionamento na divis\u00e3o dos recursos.<\/p>\n<p>\u201cOs setores populares, progressistas, de esquerda lutaram a vida inteira por financiamento publico pra equilibrar a disputa, mas isso n\u00e3o se equilibrou porque agora os detentores de mandato t\u00eam o financiamento estatal e tamb\u00e9m o de empres\u00e1rios\u201d, afirma.<\/p>\n<p>Michel Neil acrescenta que cerca de 90% das verbas do FEFC que j\u00e1 tiveram as contas apresentadas pelos partidos foram destinadas a candidatos que buscam a reelei\u00e7\u00e3o, o que deve dificultar a renova\u00e7\u00e3o da classe pol\u00edtica. A consequ\u00eancia disso se projeta em outro problema j\u00e1 conhecido do cen\u00e1rio pol\u00edtico brasileiro: a baixa representatividade popular.<\/p>\n<p>\u201cO Congresso vai continuar se reproduzindo da maneira habitual,  talvez at\u00e9 de forma mais incisiva agora. O resultado dessa baixa renova\u00e7\u00e3o perpetua a falta de representatividade que j\u00e1 existe em outras clivagens\u201d, afirma, citando a baixa presen\u00e7a de mulheres, ind\u00edgenas, jovens e negros em cargos eletivos.<\/p>\n<p>Segundo dados oficiais do TSE, dos 35 partidos registrados no Tribunal, 34 receberam recursos do Fundo Eleitoral este ano, que conta com um montante de R$ 1,8 bilh\u00e3o. A \u00fanica legenda que ficou de fora da lista foi o Partido Novo, por decis\u00e3o pr\u00f3pria.<\/p>\n<p>Edi\u00e7\u00e3o: Pedro Ribeiro Nogueira<\/p>\n","protected":false},"excerpt":{"rendered":"<p>Via pessoa f\u00edsica, empres\u00e1rios seguem financiando candidaturas afins aos seus prop\u00f3sitos e impedem renova\u00e7\u00e3o<\/p>\n","protected":false},"author":1,"featured_media":0,"comment_status":"closed","ping_status":"open","sticky":false,"template":"","format":"standard","meta":{"_exactmetrics_skip_tracking":false,"_exactmetrics_sitenote_active":false,"_exactmetrics_sitenote_note":"","_exactmetrics_sitenote_category":0,"jetpack_post_was_ever_published":false,"_jetpack_newsletter_access":"","_jetpack_dont_email_post_to_subs":false,"_jetpack_newsletter_tier_id":0,"_jetpack_memberships_contains_paywalled_content":false,"_jetpack_memberships_contains_paid_content":false,"footnotes":"","jetpack_publicize_message":"","jetpack_publicize_feature_enabled":true,"jetpack_social_post_already_shared":true,"jetpack_social_options":{"image_generator_settings":{"template":"highway","enabled":false},"version":2}},"categories":[1],"tags":[],"class_list":["post-18928","post","type-post","status-publish","format-standard","hentry","category-notas"],"jetpack_publicize_connections":[],"jetpack_sharing_enabled":true,"jetpack_featured_media_url":"","jetpack_shortlink":"https:\/\/wp.me\/p7wKYW-4Vi","jetpack-related-posts":[],"_links":{"self":[{"href":"http:\/\/blogdalucianaoliveira.com.br\/blog\/wp-json\/wp\/v2\/posts\/18928","targetHints":{"allow":["GET"]}}],"collection":[{"href":"http:\/\/blogdalucianaoliveira.com.br\/blog\/wp-json\/wp\/v2\/posts"}],"about":[{"href":"http:\/\/blogdalucianaoliveira.com.br\/blog\/wp-json\/wp\/v2\/types\/post"}],"author":[{"embeddable":true,"href":"http:\/\/blogdalucianaoliveira.com.br\/blog\/wp-json\/wp\/v2\/users\/1"}],"replies":[{"embeddable":true,"href":"http:\/\/blogdalucianaoliveira.com.br\/blog\/wp-json\/wp\/v2\/comments?post=18928"}],"version-history":[{"count":1,"href":"http:\/\/blogdalucianaoliveira.com.br\/blog\/wp-json\/wp\/v2\/posts\/18928\/revisions"}],"predecessor-version":[{"id":18930,"href":"http:\/\/blogdalucianaoliveira.com.br\/blog\/wp-json\/wp\/v2\/posts\/18928\/revisions\/18930"}],"wp:attachment":[{"href":"http:\/\/blogdalucianaoliveira.com.br\/blog\/wp-json\/wp\/v2\/media?parent=18928"}],"wp:term":[{"taxonomy":"category","embeddable":true,"href":"http:\/\/blogdalucianaoliveira.com.br\/blog\/wp-json\/wp\/v2\/categories?post=18928"},{"taxonomy":"post_tag","embeddable":true,"href":"http:\/\/blogdalucianaoliveira.com.br\/blog\/wp-json\/wp\/v2\/tags?post=18928"}],"curies":[{"name":"wp","href":"https:\/\/api.w.org\/{rel}","templated":true}]}}