{"id":18933,"date":"2018-09-20T18:43:05","date_gmt":"2018-09-20T22:43:05","guid":{"rendered":"http:\/\/blogdalucianaoliveira.com.br\/blog\/?p=18933"},"modified":"2018-09-20T18:43:05","modified_gmt":"2018-09-20T22:43:05","slug":"candidatos-inelegiveis-terao-de-devolver-recursos-publicos-de-campanha","status":"publish","type":"post","link":"http:\/\/blogdalucianaoliveira.com.br\/blog\/2018\/09\/20\/candidatos-inelegiveis-terao-de-devolver-recursos-publicos-de-campanha\/","title":{"rendered":"Candidatos ineleg\u00edveis ter\u00e3o de devolver recursos p\u00fablicos de campanha"},"content":{"rendered":"<div class=\"td-post-content\">\n<p><img data-recalc-dims=\"1\" loading=\"lazy\" decoding=\"async\" data-attachment-id=\"18934\" data-permalink=\"http:\/\/blogdalucianaoliveira.com.br\/blog\/2018\/09\/20\/candidatos-inelegiveis-terao-de-devolver-recursos-publicos-de-campanha\/dim\/\" data-orig-file=\"https:\/\/i0.wp.com\/blogdalucianaoliveira.com.br\/blog\/wp-content\/uploads\/2018\/09\/dim.jpg?fit=259%2C194\" data-orig-size=\"259,194\" data-comments-opened=\"0\" data-image-meta=\"{&quot;aperture&quot;:&quot;0&quot;,&quot;credit&quot;:&quot;&quot;,&quot;camera&quot;:&quot;&quot;,&quot;caption&quot;:&quot;&quot;,&quot;created_timestamp&quot;:&quot;0&quot;,&quot;copyright&quot;:&quot;&quot;,&quot;focal_length&quot;:&quot;0&quot;,&quot;iso&quot;:&quot;0&quot;,&quot;shutter_speed&quot;:&quot;0&quot;,&quot;title&quot;:&quot;&quot;,&quot;orientation&quot;:&quot;0&quot;}\" data-image-title=\"dim\" data-image-description=\"\" data-image-caption=\"\" data-medium-file=\"https:\/\/i0.wp.com\/blogdalucianaoliveira.com.br\/blog\/wp-content\/uploads\/2018\/09\/dim.jpg?fit=259%2C194\" data-large-file=\"https:\/\/i0.wp.com\/blogdalucianaoliveira.com.br\/blog\/wp-content\/uploads\/2018\/09\/dim.jpg?fit=259%2C194\" class=\"alignnone size-full wp-image-18934\" src=\"https:\/\/i0.wp.com\/blogdalucianaoliveira.com.br\/blog\/wp-content\/uploads\/2018\/09\/dim.jpg?resize=259%2C194\" alt=\"dim\" width=\"259\" height=\"194\" \/><\/p>\n<p>Ag\u00eancia Brasil &#8211; Todos os candidatos julgados ineleg\u00edveis pela Justi\u00e7a Eleitoral\u00a0ter\u00e3o de devolver os recursos p\u00fablicos usados na campanha deste ano. A interpreta\u00e7\u00e3o \u00e9 da Procuradoria Geral da Rep\u00fablica e inclui o ex-presidente Luiz In\u00e1cio Lula da Silva, que teve o registro da candidatura negado pelo Tribunal Superior Eleitoral (TSE).<!--more--><\/p>\n<p>Conforme dados dispon\u00edveis no portal do TSE, a candidatura de Lula arrecadou R$ 20,6 milh\u00f5es, sendo R$ 20 milh\u00f5es do Fundo Especial de Financiamento de Campanha (FEFC) e contratou despesas no valor total de R$ 26,2 milh\u00f5es. A assessoria do TSE informou que ser\u00e1 necess\u00e1rio fazer uma presta\u00e7\u00e3o de contas separada da candidatura de Fernando Haddad.<\/p>\n<p>A procuradora-geral da Rep\u00fablica, Raquel Dodge, que tamb\u00e9m \u00e9 procuradora-geral Eleitoral, disse que a devolu\u00e7\u00e3o dos recursos do fundo especial aos cofres p\u00fablicos n\u00e3o \u00e9 surpresa aos candidatos, uma vez que foi amplamente divulgado antes da realiza\u00e7\u00e3o das conven\u00e7\u00f5es partid\u00e1rias. \u201cNecess\u00e1rio \u00e9 o ressarcimento dos cofres p\u00fablicos dos recursos do fundo de campanha utilizado por candidato ineleg\u00edvel\u201d, disse.<\/p>\n<p>Segundo Dodge, a Procuradoria espera que os candidatos inaptos devolvam espontaneamente os recursos utilizados na campanha eleitoral. \u201cCaso n\u00e3o acolham, iremos a ju\u00edzo pedir o ressarcimento do er\u00e1rio p\u00fablico\u201d, afirmou a procuradora. Ela disse que antes das conven\u00e7\u00f5es foram feitas reuni\u00f5es com os procuradores regionais eleitorais para esclarecimento dessa quest\u00e3o.<\/p>\n<p>Neste ano, a Procuradoria Geral Eleitoral editou quatro instru\u00e7\u00f5es sobre o processo, incluindo o financiamento p\u00fablico, a destina\u00e7\u00e3o de recursos para as campanhas das candidaturas\u00a0e o ressarcimento, por exemplo. O intuito, segundo Dodge, foi dar transpar\u00eancia \u00e0 aplica\u00e7\u00e3o da verba p\u00fablica para custeio da campanha eleitoral, que chegou a R$ 1,7 bilh\u00e3o.<\/p>\n<p>A procuradora disse que o momento de cobrar o ressarcimento ser\u00e1 no julgamento das presta\u00e7\u00f5es de contas dos candidatos. A primeira parcial foi feita na semana passada e abrange a fase inicial da campanha \u2013 entre\u00a016 de agosto\u00a0e\u00a08 de setembro.<\/p>\n<p>A\u00a0<strong>Ag\u00eancia Brasil\u00a0<\/strong>entrou em contato com a assessoria do PT em Bras\u00edlia e em S\u00e3o Paulo, mas n\u00e3o obteve retorno at\u00e9 o fechamento desta mat\u00e9ria.<\/p>\n<\/div>\n<p>&nbsp;<\/p>\n<footer><\/footer>\n","protected":false},"excerpt":{"rendered":"<p>Ag\u00eancia Brasil &#8211; Todos os candidatos julgados ineleg\u00edveis pela Justi\u00e7a Eleitoral\u00a0ter\u00e3o de devolver os recursos p\u00fablicos usados na campanha deste ano. A interpreta\u00e7\u00e3o \u00e9 da Procuradoria Geral da Rep\u00fablica e inclui o ex-presidente Luiz In\u00e1cio Lula da Silva, que teve o registro da candidatura negado pelo Tribunal Superior Eleitoral (TSE).<\/p>\n","protected":false},"author":1,"featured_media":0,"comment_status":"closed","ping_status":"open","sticky":false,"template":"","format":"standard","meta":{"_exactmetrics_skip_tracking":false,"_exactmetrics_sitenote_active":false,"_exactmetrics_sitenote_note":"","_exactmetrics_sitenote_category":0,"jetpack_post_was_ever_published":false,"_jetpack_newsletter_access":"","_jetpack_dont_email_post_to_subs":false,"_jetpack_newsletter_tier_id":0,"_jetpack_memberships_contains_paywalled_content":false,"_jetpack_memberships_contains_paid_content":false,"footnotes":"","jetpack_publicize_message":"","jetpack_publicize_feature_enabled":true,"jetpack_social_post_already_shared":true,"jetpack_social_options":{"image_generator_settings":{"template":"highway","enabled":false},"version":2}},"categories":[1],"tags":[],"class_list":["post-18933","post","type-post","status-publish","format-standard","hentry","category-notas"],"jetpack_publicize_connections":[],"jetpack_sharing_enabled":true,"jetpack_featured_media_url":"","jetpack_shortlink":"https:\/\/wp.me\/p7wKYW-4Vn","jetpack-related-posts":[],"_links":{"self":[{"href":"http:\/\/blogdalucianaoliveira.com.br\/blog\/wp-json\/wp\/v2\/posts\/18933","targetHints":{"allow":["GET"]}}],"collection":[{"href":"http:\/\/blogdalucianaoliveira.com.br\/blog\/wp-json\/wp\/v2\/posts"}],"about":[{"href":"http:\/\/blogdalucianaoliveira.com.br\/blog\/wp-json\/wp\/v2\/types\/post"}],"author":[{"embeddable":true,"href":"http:\/\/blogdalucianaoliveira.com.br\/blog\/wp-json\/wp\/v2\/users\/1"}],"replies":[{"embeddable":true,"href":"http:\/\/blogdalucianaoliveira.com.br\/blog\/wp-json\/wp\/v2\/comments?post=18933"}],"version-history":[{"count":1,"href":"http:\/\/blogdalucianaoliveira.com.br\/blog\/wp-json\/wp\/v2\/posts\/18933\/revisions"}],"predecessor-version":[{"id":18935,"href":"http:\/\/blogdalucianaoliveira.com.br\/blog\/wp-json\/wp\/v2\/posts\/18933\/revisions\/18935"}],"wp:attachment":[{"href":"http:\/\/blogdalucianaoliveira.com.br\/blog\/wp-json\/wp\/v2\/media?parent=18933"}],"wp:term":[{"taxonomy":"category","embeddable":true,"href":"http:\/\/blogdalucianaoliveira.com.br\/blog\/wp-json\/wp\/v2\/categories?post=18933"},{"taxonomy":"post_tag","embeddable":true,"href":"http:\/\/blogdalucianaoliveira.com.br\/blog\/wp-json\/wp\/v2\/tags?post=18933"}],"curies":[{"name":"wp","href":"https:\/\/api.w.org\/{rel}","templated":true}]}}