{"id":18939,"date":"2018-09-21T11:45:05","date_gmt":"2018-09-21T15:45:05","guid":{"rendered":"http:\/\/blogdalucianaoliveira.com.br\/blog\/?p=18939"},"modified":"2018-09-21T11:45:05","modified_gmt":"2018-09-21T15:45:05","slug":"gosto-das-previsoes-de-wilson-o-gomes","status":"publish","type":"post","link":"http:\/\/blogdalucianaoliveira.com.br\/blog\/2018\/09\/21\/gosto-das-previsoes-de-wilson-o-gomes\/","title":{"rendered":"Gosto das previs\u00f5es de wilson, o gomes"},"content":{"rendered":"<p><img data-recalc-dims=\"1\" loading=\"lazy\" decoding=\"async\" data-attachment-id=\"18940\" data-permalink=\"http:\/\/blogdalucianaoliveira.com.br\/blog\/2018\/09\/21\/gosto-das-previsoes-de-wilson-o-gomes\/pola\/\" data-orig-file=\"https:\/\/i0.wp.com\/blogdalucianaoliveira.com.br\/blog\/wp-content\/uploads\/2018\/09\/pola.jpg?fit=660%2C371\" data-orig-size=\"660,371\" data-comments-opened=\"0\" data-image-meta=\"{&quot;aperture&quot;:&quot;0&quot;,&quot;credit&quot;:&quot;&quot;,&quot;camera&quot;:&quot;&quot;,&quot;caption&quot;:&quot;&quot;,&quot;created_timestamp&quot;:&quot;0&quot;,&quot;copyright&quot;:&quot;&quot;,&quot;focal_length&quot;:&quot;0&quot;,&quot;iso&quot;:&quot;0&quot;,&quot;shutter_speed&quot;:&quot;0&quot;,&quot;title&quot;:&quot;&quot;,&quot;orientation&quot;:&quot;0&quot;}\" data-image-title=\"pola\" data-image-description=\"\" data-image-caption=\"\" data-medium-file=\"https:\/\/i0.wp.com\/blogdalucianaoliveira.com.br\/blog\/wp-content\/uploads\/2018\/09\/pola.jpg?fit=300%2C169\" data-large-file=\"https:\/\/i0.wp.com\/blogdalucianaoliveira.com.br\/blog\/wp-content\/uploads\/2018\/09\/pola.jpg?fit=600%2C337\" class=\"alignnone size-full wp-image-18940\" src=\"https:\/\/i0.wp.com\/blogdalucianaoliveira.com.br\/blog\/wp-content\/uploads\/2018\/09\/pola.jpg?resize=600%2C337\" alt=\"pola\" width=\"600\" height=\"337\" srcset=\"https:\/\/i0.wp.com\/blogdalucianaoliveira.com.br\/blog\/wp-content\/uploads\/2018\/09\/pola.jpg?w=660 660w, https:\/\/i0.wp.com\/blogdalucianaoliveira.com.br\/blog\/wp-content\/uploads\/2018\/09\/pola.jpg?resize=300%2C169 300w, https:\/\/i0.wp.com\/blogdalucianaoliveira.com.br\/blog\/wp-content\/uploads\/2018\/09\/pola.jpg?resize=534%2C300 534w\" sizes=\"auto, (max-width: 600px) 100vw, 600px\" \/><\/p>\n<div id=\"post-body-5732014699565019297\" class=\"post-body entry-content\">\n<div>No Almanqueiras, por Wilson Gomes &#8211; Os brasileiros dizem que odeiam polariza\u00e7\u00e3o, que gostamos de acordos e negocia\u00e7\u00f5es para evitar impasses e sobretudo um n\u00edvel destrutivo de conflito.\u00a0<b>E dizem que precisamos encontrar uma sa\u00edda para o caos pol\u00edtico em que fomos lan\u00e7ados pela cat\u00e1strofe do impeachment. Dizem. Na pr\u00e1tica o que vemos \u00e9 outra coisa. Vejam as inten\u00e7\u00f5es de voto. H\u00e1 13 candidatos, mas os preferidos s\u00e3o o campe\u00e3o do antipetismo e o candidato do lulismo, o Lula putativo. Provavelmente, estar\u00e3o em um duelo no segundo turno. Para quem est\u00e1 nos p\u00f3los, parece um cen\u00e1rio animador, a chance de derrotar finalmente o inimigo.<\/b><\/div>\n<div><\/div>\n<p><!--more--><\/p>\n<div>Para quem n\u00e3o acha que elei\u00e7\u00e3o \u00e9 um v\u00eddeo game de combate, contudo, este \u00e9 um cen\u00e1rio de pesadelo. O bolsonarismo e\/ou &#8220;o golpe&#8221; (como alguns preferem) n\u00e3o desapecer\u00e1 uma vez que Haddad ganhe a elei\u00e7\u00e3o. \u00c9 a mais nova for\u00e7a pol\u00edtica nacional, gostemos disso ou n\u00e3o, nas ruas, nas plataformas digitais ou nos parlamentos. O lulismo tampouco vai ser morto se Bolsonaro for eleito. O lulismo veio para ficar e n\u00e3o morrer\u00e1 por causa de Moro (antes, ao contr\u00e1rio), de uma derrota presidencial ou at\u00e9 mesmo de uma eventual morte de Lula. O lulismo, creio, permanecer\u00e1, mutatis mutandis, como uma esp\u00e9cie de peronismo \u00e0 brasileira.<\/div>\n<div><\/div>\n<div>E os tr\u00eas grupos (bolsonarismo + &#8220;o golpe&#8221; x lulismo) continuar\u00e3o as escaramu\u00e7as, a espiral de radicaliza\u00e7\u00e3o e o ciclo intermin\u00e1vel de massacres, retalia\u00e7\u00f5es e o demandas de repara\u00e7\u00e3o. Em um governo Bolsonaro n\u00e3o me surpreenderia o ressurgimento de Comandos de Ca\u00e7a aos Comunistas no dia seguinte. E temo que mesmo um Haddad mais moderado e muito mais inteligente seria empurrado pela f\u00faria retaliadora lulista para um ajuste contas. Pelo que se depreende dos lulistas online, h\u00e1 f\u00faria e sede de compensa\u00e7\u00f5es.<\/div>\n<div><\/div>\n<div>PS. Se quiserem me chamar de Cassandra ou Regina Duarte, fiquem \u00e0 vontade. Nunca tive medo de tomar a posi\u00e7\u00e3o menos popular. Em 2013 ganhei inimigos porque disse que aquilo iria matar o ciclo hegem\u00f4nico da esquerda e iria chocar perigosos ovos de serpente. Infelizmente eu estava certo. Em 2015-2016 ganhei inimigos e desapre\u00e7o pq, apesar de n\u00e3o gostar do governo de Dilma Rousseff, acreditava que n\u00e3o haveria legitimidade ou ganhos democr\u00e1ticos no impeachment e que o sistema pol\u00edtica iria demorar anos para se recuperar desse trauma. Lastimavelmente eu estava certo. N\u00e3o queria magoar cora\u00e7\u00f5es petistas que enfim est\u00e3o empolgados com a possibilidade de uma volta por cima por meio de uma vit\u00f3ria eleitoral. Mas se tal coisa acontecer, posso viver com isso.<\/div>\n<div><\/div>\n<div><b><\/b><\/div>\n<\/div>\n<p>&nbsp;<\/p>\n","protected":false},"excerpt":{"rendered":"<p>No Almanqueiras, por Wilson Gomes &#8211; Os brasileiros dizem que odeiam polariza\u00e7\u00e3o, que gostamos de acordos e negocia\u00e7\u00f5es para evitar impasses e sobretudo um n\u00edvel destrutivo de conflito.\u00a0E dizem que precisamos encontrar uma sa\u00edda para o caos pol\u00edtico em que fomos lan\u00e7ados pela cat\u00e1strofe do impeachment. Dizem. Na pr\u00e1tica o que vemos \u00e9 outra coisa&#8230;.<a class=\"more-link\" href=\"http:\/\/blogdalucianaoliveira.com.br\/blog\/2018\/09\/21\/gosto-das-previsoes-de-wilson-o-gomes\/\">Continue a leitura <span class=\"meta-nav\">&raquo;<\/span><\/a><\/p>\n","protected":false},"author":1,"featured_media":0,"comment_status":"closed","ping_status":"open","sticky":false,"template":"","format":"standard","meta":{"_exactmetrics_skip_tracking":false,"_exactmetrics_sitenote_active":false,"_exactmetrics_sitenote_note":"","_exactmetrics_sitenote_category":0,"jetpack_post_was_ever_published":false,"_jetpack_newsletter_access":"","_jetpack_dont_email_post_to_subs":false,"_jetpack_newsletter_tier_id":0,"_jetpack_memberships_contains_paywalled_content":false,"_jetpack_memberships_contains_paid_content":false,"footnotes":"","jetpack_publicize_message":"","jetpack_publicize_feature_enabled":true,"jetpack_social_post_already_shared":true,"jetpack_social_options":{"image_generator_settings":{"template":"highway","enabled":false},"version":2}},"categories":[1],"tags":[],"class_list":["post-18939","post","type-post","status-publish","format-standard","hentry","category-notas"],"jetpack_publicize_connections":[],"jetpack_sharing_enabled":true,"jetpack_featured_media_url":"","jetpack_shortlink":"https:\/\/wp.me\/p7wKYW-4Vt","jetpack-related-posts":[],"_links":{"self":[{"href":"http:\/\/blogdalucianaoliveira.com.br\/blog\/wp-json\/wp\/v2\/posts\/18939","targetHints":{"allow":["GET"]}}],"collection":[{"href":"http:\/\/blogdalucianaoliveira.com.br\/blog\/wp-json\/wp\/v2\/posts"}],"about":[{"href":"http:\/\/blogdalucianaoliveira.com.br\/blog\/wp-json\/wp\/v2\/types\/post"}],"author":[{"embeddable":true,"href":"http:\/\/blogdalucianaoliveira.com.br\/blog\/wp-json\/wp\/v2\/users\/1"}],"replies":[{"embeddable":true,"href":"http:\/\/blogdalucianaoliveira.com.br\/blog\/wp-json\/wp\/v2\/comments?post=18939"}],"version-history":[{"count":1,"href":"http:\/\/blogdalucianaoliveira.com.br\/blog\/wp-json\/wp\/v2\/posts\/18939\/revisions"}],"predecessor-version":[{"id":18941,"href":"http:\/\/blogdalucianaoliveira.com.br\/blog\/wp-json\/wp\/v2\/posts\/18939\/revisions\/18941"}],"wp:attachment":[{"href":"http:\/\/blogdalucianaoliveira.com.br\/blog\/wp-json\/wp\/v2\/media?parent=18939"}],"wp:term":[{"taxonomy":"category","embeddable":true,"href":"http:\/\/blogdalucianaoliveira.com.br\/blog\/wp-json\/wp\/v2\/categories?post=18939"},{"taxonomy":"post_tag","embeddable":true,"href":"http:\/\/blogdalucianaoliveira.com.br\/blog\/wp-json\/wp\/v2\/tags?post=18939"}],"curies":[{"name":"wp","href":"https:\/\/api.w.org\/{rel}","templated":true}]}}