{"id":18942,"date":"2018-09-25T07:18:52","date_gmt":"2018-09-25T11:18:52","guid":{"rendered":"http:\/\/blogdalucianaoliveira.com.br\/blog\/?p=18942"},"modified":"2018-09-25T07:18:52","modified_gmt":"2018-09-25T11:18:52","slug":"nota-de-repudio-musica-ofensiva-as-mulheres-na-marcha-da-familia-do-candidato-a-presidencia-da-republica-jair-bolsonaro","status":"publish","type":"post","link":"http:\/\/blogdalucianaoliveira.com.br\/blog\/2018\/09\/25\/nota-de-repudio-musica-ofensiva-as-mulheres-na-marcha-da-familia-do-candidato-a-presidencia-da-republica-jair-bolsonaro\/","title":{"rendered":"Nota de rep\u00fadio \u2013 M\u00fasica ofensiva \u00e0s mulheres na Marcha da Fam\u00edlia do candidato \u00e0 Presid\u00eancia da Rep\u00fablica Jair Bolsonaro"},"content":{"rendered":"<p><img data-recalc-dims=\"1\" loading=\"lazy\" decoding=\"async\" data-attachment-id=\"18943\" data-permalink=\"http:\/\/blogdalucianaoliveira.com.br\/blog\/2018\/09\/25\/nota-de-repudio-musica-ofensiva-as-mulheres-na-marcha-da-familia-do-candidato-a-presidencia-da-republica-jair-bolsonaro\/ao\/\" data-orig-file=\"https:\/\/i0.wp.com\/blogdalucianaoliveira.com.br\/blog\/wp-content\/uploads\/2018\/09\/ao.jpg?fit=770%2C750\" data-orig-size=\"770,750\" data-comments-opened=\"0\" data-image-meta=\"{&quot;aperture&quot;:&quot;0&quot;,&quot;credit&quot;:&quot;&quot;,&quot;camera&quot;:&quot;&quot;,&quot;caption&quot;:&quot;&quot;,&quot;created_timestamp&quot;:&quot;0&quot;,&quot;copyright&quot;:&quot;&quot;,&quot;focal_length&quot;:&quot;0&quot;,&quot;iso&quot;:&quot;0&quot;,&quot;shutter_speed&quot;:&quot;0&quot;,&quot;title&quot;:&quot;&quot;,&quot;orientation&quot;:&quot;1&quot;}\" data-image-title=\"ao\" data-image-description=\"\" data-image-caption=\"\" data-medium-file=\"https:\/\/i0.wp.com\/blogdalucianaoliveira.com.br\/blog\/wp-content\/uploads\/2018\/09\/ao.jpg?fit=300%2C292\" data-large-file=\"https:\/\/i0.wp.com\/blogdalucianaoliveira.com.br\/blog\/wp-content\/uploads\/2018\/09\/ao.jpg?fit=600%2C584\" src=\"https:\/\/i0.wp.com\/blogdalucianaoliveira.com.br\/blog\/wp-content\/uploads\/2018\/09\/ao.jpg?resize=600%2C584\" alt=\"ao\" width=\"600\" height=\"584\" class=\"alignnone size-full wp-image-18943\" srcset=\"https:\/\/i0.wp.com\/blogdalucianaoliveira.com.br\/blog\/wp-content\/uploads\/2018\/09\/ao.jpg?w=770 770w, https:\/\/i0.wp.com\/blogdalucianaoliveira.com.br\/blog\/wp-content\/uploads\/2018\/09\/ao.jpg?resize=300%2C292 300w, https:\/\/i0.wp.com\/blogdalucianaoliveira.com.br\/blog\/wp-content\/uploads\/2018\/09\/ao.jpg?resize=768%2C748 768w, https:\/\/i0.wp.com\/blogdalucianaoliveira.com.br\/blog\/wp-content\/uploads\/2018\/09\/ao.jpg?resize=308%2C300 308w\" sizes=\"auto, (max-width: 600px) 100vw, 600px\" \/><\/p>\n<p>A Comiss\u00e3o da Mulher Advogada (CDMA) da Ordem dos Advogados do Brasil, Seccional Pernambuco, manifesta seu profundo rep\u00fadio a uma das m\u00fasicas cantadas neste domingo (23.09) durante a \u201cMarcha da Fam\u00edlia\u201d do candidato \u00e0 Presid\u00eancia da Rep\u00fablica Jair Bolsonaro, que aconteceu no bairro de Boa Viagem, na cidade do Recife.<!--more--><\/p>\n<p>A letra, entoada em coro, afirma que \u00e0s feministas deve ser dada \u201cra\u00e7\u00e3o na tigela\u201d e que as mulheres \u201cde esquerda t\u00eam mais pelo que cadela\u201d.<\/p>\n<p>Os estarrecedores trechos da m\u00fasica acima transcritos reduzem as mulheres \u00e0 condi\u00e7\u00e3o an\u00e1loga de seres irracionais e incitam o \u00f3dio, a viol\u00eancia e o preconceito contra aquelas que se reconhecem feministas e\/ou que t\u00eam orienta\u00e7\u00e3o pol\u00edtica diversa do aludido candidato.<\/p>\n<p>Em tempos em que, a cada dois segundos, uma mulher \u00e9 v\u00edtima de viol\u00eancia f\u00edsica ou verbal no Brasil, segundo dados do Rel\u00f3gios da Viol\u00eancia do Instituto Maria da Penha, n\u00e3o se pode admitir que, sob o manto da liberdade de express\u00e3o, qualquer partido pol\u00edtico, seja ele de direita ou de esquerda, ofenda publicamente uma coletividade de mulheres, refor\u00e7ando a cultura machista e mis\u00f3gina que, infelizmente, ainda insiste em matar muitas mulheres todos os dias.<\/p>\n<p>Ana Luiza Mousinho<\/p>\n<p>Presidente da Comiss\u00e3o da Mulher Advogada da OAB PE.<\/p>\n","protected":false},"excerpt":{"rendered":"<p>A Comiss\u00e3o da Mulher Advogada (CDMA) da Ordem dos Advogados do Brasil, Seccional Pernambuco, manifesta seu profundo rep\u00fadio a uma das m\u00fasicas cantadas neste domingo (23.09) durante a \u201cMarcha da Fam\u00edlia\u201d do candidato \u00e0 Presid\u00eancia da Rep\u00fablica Jair Bolsonaro, que aconteceu no bairro de Boa Viagem, na cidade do Recife.<\/p>\n","protected":false},"author":1,"featured_media":0,"comment_status":"closed","ping_status":"open","sticky":false,"template":"","format":"standard","meta":{"_exactmetrics_skip_tracking":false,"_exactmetrics_sitenote_active":false,"_exactmetrics_sitenote_note":"","_exactmetrics_sitenote_category":0,"jetpack_post_was_ever_published":false,"_jetpack_newsletter_access":"","_jetpack_dont_email_post_to_subs":false,"_jetpack_newsletter_tier_id":0,"_jetpack_memberships_contains_paywalled_content":false,"_jetpack_memberships_contains_paid_content":false,"footnotes":"","jetpack_publicize_message":"","jetpack_publicize_feature_enabled":true,"jetpack_social_post_already_shared":true,"jetpack_social_options":{"image_generator_settings":{"template":"highway","enabled":false},"version":2}},"categories":[1],"tags":[],"class_list":["post-18942","post","type-post","status-publish","format-standard","hentry","category-notas"],"jetpack_publicize_connections":[],"jetpack_sharing_enabled":true,"jetpack_featured_media_url":"","jetpack_shortlink":"https:\/\/wp.me\/p7wKYW-4Vw","jetpack-related-posts":[],"_links":{"self":[{"href":"http:\/\/blogdalucianaoliveira.com.br\/blog\/wp-json\/wp\/v2\/posts\/18942","targetHints":{"allow":["GET"]}}],"collection":[{"href":"http:\/\/blogdalucianaoliveira.com.br\/blog\/wp-json\/wp\/v2\/posts"}],"about":[{"href":"http:\/\/blogdalucianaoliveira.com.br\/blog\/wp-json\/wp\/v2\/types\/post"}],"author":[{"embeddable":true,"href":"http:\/\/blogdalucianaoliveira.com.br\/blog\/wp-json\/wp\/v2\/users\/1"}],"replies":[{"embeddable":true,"href":"http:\/\/blogdalucianaoliveira.com.br\/blog\/wp-json\/wp\/v2\/comments?post=18942"}],"version-history":[{"count":1,"href":"http:\/\/blogdalucianaoliveira.com.br\/blog\/wp-json\/wp\/v2\/posts\/18942\/revisions"}],"predecessor-version":[{"id":18944,"href":"http:\/\/blogdalucianaoliveira.com.br\/blog\/wp-json\/wp\/v2\/posts\/18942\/revisions\/18944"}],"wp:attachment":[{"href":"http:\/\/blogdalucianaoliveira.com.br\/blog\/wp-json\/wp\/v2\/media?parent=18942"}],"wp:term":[{"taxonomy":"category","embeddable":true,"href":"http:\/\/blogdalucianaoliveira.com.br\/blog\/wp-json\/wp\/v2\/categories?post=18942"},{"taxonomy":"post_tag","embeddable":true,"href":"http:\/\/blogdalucianaoliveira.com.br\/blog\/wp-json\/wp\/v2\/tags?post=18942"}],"curies":[{"name":"wp","href":"https:\/\/api.w.org\/{rel}","templated":true}]}}