{"id":18945,"date":"2018-09-27T12:22:51","date_gmt":"2018-09-27T16:22:51","guid":{"rendered":"http:\/\/blogdalucianaoliveira.com.br\/blog\/?p=18945"},"modified":"2018-09-27T12:22:51","modified_gmt":"2018-09-27T16:22:51","slug":"artigo-mulheres-sao-decisivas-sempre-hoje-mais-do-que-nunca","status":"publish","type":"post","link":"http:\/\/blogdalucianaoliveira.com.br\/blog\/2018\/09\/27\/artigo-mulheres-sao-decisivas-sempre-hoje-mais-do-que-nunca\/","title":{"rendered":"Artigo | Mulheres s\u00e3o decisivas sempre, hoje mais do que nunca"},"content":{"rendered":"<p><img data-recalc-dims=\"1\" loading=\"lazy\" decoding=\"async\" data-attachment-id=\"18946\" data-permalink=\"http:\/\/blogdalucianaoliveira.com.br\/blog\/2018\/09\/27\/artigo-mulheres-sao-decisivas-sempre-hoje-mais-do-que-nunca\/mulhe-2\/\" data-orig-file=\"https:\/\/i0.wp.com\/blogdalucianaoliveira.com.br\/blog\/wp-content\/uploads\/2018\/09\/mulhe.jpg?fit=640%2C427\" data-orig-size=\"640,427\" data-comments-opened=\"0\" data-image-meta=\"{&quot;aperture&quot;:&quot;0&quot;,&quot;credit&quot;:&quot;&quot;,&quot;camera&quot;:&quot;&quot;,&quot;caption&quot;:&quot;&quot;,&quot;created_timestamp&quot;:&quot;0&quot;,&quot;copyright&quot;:&quot;&quot;,&quot;focal_length&quot;:&quot;0&quot;,&quot;iso&quot;:&quot;0&quot;,&quot;shutter_speed&quot;:&quot;0&quot;,&quot;title&quot;:&quot;&quot;,&quot;orientation&quot;:&quot;0&quot;}\" data-image-title=\"mulhe\" data-image-description=\"\" data-image-caption=\"\" data-medium-file=\"https:\/\/i0.wp.com\/blogdalucianaoliveira.com.br\/blog\/wp-content\/uploads\/2018\/09\/mulhe.jpg?fit=300%2C200\" data-large-file=\"https:\/\/i0.wp.com\/blogdalucianaoliveira.com.br\/blog\/wp-content\/uploads\/2018\/09\/mulhe.jpg?fit=600%2C400\" class=\"alignnone size-full wp-image-18946\" src=\"https:\/\/i0.wp.com\/blogdalucianaoliveira.com.br\/blog\/wp-content\/uploads\/2018\/09\/mulhe.jpg?resize=600%2C400\" alt=\"mulhe\" width=\"600\" height=\"400\" srcset=\"https:\/\/i0.wp.com\/blogdalucianaoliveira.com.br\/blog\/wp-content\/uploads\/2018\/09\/mulhe.jpg?w=640 640w, https:\/\/i0.wp.com\/blogdalucianaoliveira.com.br\/blog\/wp-content\/uploads\/2018\/09\/mulhe.jpg?resize=300%2C200 300w, https:\/\/i0.wp.com\/blogdalucianaoliveira.com.br\/blog\/wp-content\/uploads\/2018\/09\/mulhe.jpg?resize=450%2C300 450w\" sizes=\"auto, (max-width: 600px) 100vw, 600px\" \/><\/p>\n<p>Reflex\u00f5es em torno da reta final rumo \u00e0s elei\u00e7\u00f5es e da campanha antifascista<!--more--><\/p>\n<p>Tha\u00eds de Souza Lapa<br \/>\nBrasil de Fato<\/p>\n<p>&nbsp;<\/p>\n<p>Nesta semana ouvi um di\u00e1rio de not\u00edcias sobre as elei\u00e7\u00f5es exclusivamente comentado por jornalistas mulheres pela primeira vez na vida e fui instigada a refletir sobre essa quest\u00e3o do qu\u00e3o as mulheres est\u00e3o sendo vistas como decisivas para os rumos das elei\u00e7\u00f5es presidenciais em nosso pa\u00eds em 2018.<\/p>\n<p>Como se tivessem descoberto \u201ca grande novidade\u201d, campanhas t\u00eam feito de tudo para \u201cganhar\u201d as mulheres, que predominam entre indecisos que definir\u00e3o seus votos no \u00faltimo momento. Ao mesmo tempo, as mulheres t\u00eam sido o elemento dinamizador e novo nestas elei\u00e7\u00f5es ao, de forma suprapartid\u00e1ria, se somarem na campanha #EleN\u00e3o, que aglutina cada vez mais mulheres contr\u00e1rias \u00e0 elei\u00e7\u00e3o de Jair Bolsonaro \u2013 muitas sair\u00e3o \u00e0s ruas com esse mote no pr\u00f3ximo s\u00e1bado (29).<\/p>\n<p>Al\u00e9m de diversas militantes feministas de esquerda, a campanha j\u00e1 tem o apoio de artistas como Daniela Mercury, Anitta e at\u00e9 a apresentadora assumidamente de direita Raquel Sherazade. Mas o que \u00e9 importante refletir e ponderar sobre estes dois movimentos, duas semanas antes das elei\u00e7\u00f5es?<\/p>\n<p><strong>O poder das mulheres<\/strong><\/p>\n<p>Um primeiro elemento a levar em considera\u00e7\u00e3o: mulheres s\u00e3o as respons\u00e1veis pela sobreviv\u00eancia das fam\u00edlias no nosso pa\u00eds; s\u00e3o as principais respons\u00e1veis financeiras de 40% das fam\u00edlias \u2013 percentual que mais que dobrou entre 2001 e 2015. S\u00e3o decisivas na reprodu\u00e7\u00e3o da vida, n\u00e3o somente pensando no sentido maternal do termo \u2013 ter filhos \u2013 mas no sentido do amparo coletivo e uma rede de apoio (ou de delega\u00e7\u00e3o) que se desenvolve entre as mulheres para dar conta de trabalhar, estudar, cuidar de filhos e familiares idosos e tamb\u00e9m para terem algum respiro e momento de lazer.<\/p>\n<p>Alguns homens t\u00eam modificado o seu papel tradicional na divis\u00e3o sexual do trabalho e v\u00eam adentrando \u00e0 reparti\u00e7\u00e3o das tarefas dom\u00e9sticas e de cuidados, mas a reprodu\u00e7\u00e3o da vida segue sendo uma tarefa fundamentalmente partilhada entre mulheres. Al\u00e9m disso, elas j\u00e1 constituem ao menos metade da for\u00e7a de trabalho assalariada.<\/p>\n<p>Mulheres s\u00e3o, assim, decisivas na sustenta\u00e7\u00e3o cotidiana da economia. Portanto, diferente de muitas posturas que s\u00e3o reproduzidas em campanhas eleitorais, o que as afeta n\u00e3o diz respeito exclusivamente \u00e0s pol\u00edticas sociais, como mais creches, ou pol\u00edticas \u201cremediadoras\u201d, como mais seguran\u00e7a \u201cpara seus filhos\u201d ou o combate \u00e0 viol\u00eancia sexista.<\/p>\n<p><img data-recalc-dims=\"1\" decoding=\"async\" src=\"https:\/\/i0.wp.com\/farm2.staticflickr.com\/1919\/44229912834_c6ef9c35a3_o.jpg?w=600&#038;ssl=1\" alt=\"\" \/><\/p>\n<p class=\"ckeditor-img-caption\">Foto:\u00a0Carlessandro Souza \/ Governo do Tocantins<\/p>\n<p>Mulheres, sobretudo negras, integram significativamente a parcela da popula\u00e7\u00e3o que p\u00f4de nos \u00faltimos anos (sim, sob os governos petistas) alcan\u00e7ar estudos t\u00e9cnicos ou universit\u00e1rios, que sa\u00edram do emprego dom\u00e9stico para efetuar outras fun\u00e7\u00f5es no setor de servi\u00e7os ou na ind\u00fastria, que de modo geral alcan\u00e7aram empregos melhores que os anteriores e que hoje enfrentam o aumento do desemprego e a piora das condi\u00e7\u00f5es de trabalho, isto \u00e9, empregos com menos direitos e prote\u00e7\u00f5es.<\/p>\n<p>O que significa que pol\u00edticas econ\u00f4micas relacionadas ao trabalho (emprego e os direitos a ele associados, valoriza\u00e7\u00e3o de sal\u00e1rio m\u00ednimo) s\u00e3o fundamentais \u2013 porque estruturais \u2013 para as mulheres.<\/p>\n<p>N\u00e3o adianta ter creche onde deixar os filhos para trabalhar se n\u00e3o houver empregos com sal\u00e1rios suficientes para que sustentem ou co-sustentem suas fam\u00edlias. N\u00e3o adianta combater viol\u00eancia dom\u00e9stica contra as mulheres com medidas protetivas e de acolhimento \u00e0s v\u00edtimas sem enfrentar as desigualdades materiais que mulheres sofrem em rela\u00e7\u00e3o aos homens, ganhando menos que eles e desprovidas de autonomia econ\u00f4mica para tomar decis\u00f5es como uma separa\u00e7\u00e3o.<\/p>\n<p><strong>Motivos econ\u00f4micos para apoiar\u00a0\u00a0#EleN\u00e3o<\/strong><\/p>\n<p>Por essas raz\u00f5es, proponho uma reflex\u00e3o no sentido de agregar elementos \u00e0 campanha #EleN\u00e3o. \u00c9 preciso que saibamos que Jair Bolsonaro n\u00e3o \u00e9 somente o candidato explicitamente machista, mis\u00f3gino, racista, homof\u00f3bico, pr\u00f3 viol\u00eancia, saudoso da ditadura, que desrespeita todas as brasileiras, inclusive as de direita, ao integrar em sua campanha m\u00fasicas que associam mulheres a cadelas. Essa seara do \u201ccomportamento bruto\u201d parece ser de certo modo confort\u00e1vel para ele porque provoca ades\u00f5es, em especial masculinas.<\/p>\n<p>\u00c9 preciso tamb\u00e9m adentrar ao campo no qual ele consegue ser t\u00e3o ou mais perigoso: o campo econ\u00f4mico. Ele tem apresentado, por meio de seu economista Paulo Guedes (\u201cposto Ipiranga\u201d), propostas ultra-neoliberais, como aumentar os impostos da popula\u00e7\u00e3o trabalhadora para 20%. Hoje quem \u00e9 pobre j\u00e1 paga proporcionalmente mais imposto do que quem \u00e9 rico no pa\u00eds \u2013 porque paga muito imposto no consumo, sobretudo de alimentos.<\/p>\n<p>Pensando nas mulheres como prioritariamente preocupadas com a comida nas bocas de seus familiares, uma medida dessa natureza significaria aumentar o abismo entre pobres e ricos no pa\u00eds e um retrocesso para as mais pobres, j\u00e1 que mulheres predominam entre quem ganha at\u00e9 1 sal\u00e1rio m\u00ednimo e paga este percentual maior de imposto com rela\u00e7\u00e3o ao que ganha.<\/p>\n<p>Enquanto h\u00e1 candidaturas preocupadas em isentar os\/as mais pobres de impostos \u2013 quem ganha at\u00e9 5 sal\u00e1rios \u2013 ou lidar com seu endividamento, Bolsonaro tem pol\u00edticas que contribuiriam no seu maior endividamento e incapacidade de compra.<\/p>\n<p><strong>O mais fiel ao governo Michel Temer<\/strong><\/p>\n<p>Al\u00e9m disso, enquanto deputado, teve uma atua\u00e7\u00e3o nula no sentido propositivo \u2013 mas foi bem ativo em apoiar projetos federais do governo Temer que cortaram ou degradaram direitos \u2013 seu partido, o PSL, chegou a ser considerado, em pesquisa publicada pela Gazeta do Povo, como o mais fiel \u00e0s vota\u00e7\u00f5es de propostas do governo Michel Temer, mais que o pr\u00f3prio MDB.<\/p>\n<p>Bolsonaro votou a favor da reforma trabalhista, que retira direitos dos trabalhadores e piora significativamente a qualidade dos empregos \u2013 o que \u00e9 avassalador para as mulheres trabalhadoras que j\u00e1 predominam no setor de servi\u00e7os com v\u00ednculos de trabalho inst\u00e1veis e pouca remunera\u00e7\u00e3o.<\/p>\n<p>Todo o processo de estrutura\u00e7\u00e3o do mercado de trabalho, que come\u00e7ou a avan\u00e7ar na \u00faltima d\u00e9cada, com redu\u00e7\u00e3o do desemprego e aumento do emprego formal e valoriza\u00e7\u00e3o do sal\u00e1rio m\u00ednimo, entram em desmonte.<\/p>\n<p>Bolsonaro votou tamb\u00e9m a favor da \u201cPEC do teto\u201d, um projeto que congelou por 20 anos o investimento p\u00fablico em sa\u00fade, educa\u00e7\u00e3o, assist\u00eancia e outros servi\u00e7os p\u00fablicos t\u00e3o necess\u00e1rios a toda a popula\u00e7\u00e3o, mas cuja retirada \u00e9 sentida sensivelmente pelas mulheres. Na pr\u00e1tica, falta de verbas e piora do servi\u00e7o nas escolas e no SUS s\u00f3 crescer\u00e3o, sobretudo considerando que, com os anos, a popula\u00e7\u00e3o usu\u00e1ria desses servi\u00e7os no pa\u00eds cresce, mas encontrar\u00e1 equipamentos p\u00fablicos com o or\u00e7amento congelado.<\/p>\n<p>E ainda, dizer #EleN\u00e3o precisa mostrando seu lado corrupto ao empregar funcion\u00e1ria fantasma denunciada em 2018, al\u00e9m de j\u00e1 ter tido um irm\u00e3o tamb\u00e9m empregado como funcion\u00e1rio fantasma em 2016 \u2013 ambos exonerados ap\u00f3s a descoberta.<\/p>\n<p><strong>Mulheres por todos os direitos<\/strong><\/p>\n<p>Como mulheres, sejamos muitas vozes a dizer #EleN\u00e3o. Mas reivindiquemos ser reconhecidas em nossa relev\u00e2ncia cotidiana e nas nossas necessidades amplas, que v\u00e3o al\u00e9m de sermos vistas como m\u00e3es ou v\u00edtimas de viol\u00eancia.<\/p>\n<p>Somos trabalhadoras, somos estudantes, \u201cn\u00e3o queremos s\u00f3 comida, mas divers\u00e3o e arte\u201d, almejamos autonomia sobre nossos corpos, queremos respeito e dignidade e temos sonhos que hoje, para cada vez mais mulheres, n\u00e3o mais deixam de lado a quest\u00e3o da igualdade \u2013 o que tem total rela\u00e7\u00e3o com cada vez mais mulheres se reconhecerem como feministas.<\/p>\n<p>Enquanto feminista, trabalhadora, pesquisadora e preocupada com o futuro do pa\u00eds eu me somo a campanha #EleN\u00e3o.<\/p>\n<p class=\"editor\">Edi\u00e7\u00e3o: Daniela Stefano<\/p>\n<div class=\"content-footer\"><\/div>\n","protected":false},"excerpt":{"rendered":"<p>Reflex\u00f5es em torno da reta final rumo \u00e0s elei\u00e7\u00f5es e da campanha antifascista<\/p>\n","protected":false},"author":1,"featured_media":0,"comment_status":"closed","ping_status":"open","sticky":false,"template":"","format":"standard","meta":{"_exactmetrics_skip_tracking":false,"_exactmetrics_sitenote_active":false,"_exactmetrics_sitenote_note":"","_exactmetrics_sitenote_category":0,"jetpack_post_was_ever_published":false,"_jetpack_newsletter_access":"","_jetpack_dont_email_post_to_subs":false,"_jetpack_newsletter_tier_id":0,"_jetpack_memberships_contains_paywalled_content":false,"_jetpack_memberships_contains_paid_content":false,"footnotes":"","jetpack_publicize_message":"","jetpack_publicize_feature_enabled":true,"jetpack_social_post_already_shared":true,"jetpack_social_options":{"image_generator_settings":{"template":"highway","enabled":false},"version":2}},"categories":[1],"tags":[],"class_list":["post-18945","post","type-post","status-publish","format-standard","hentry","category-notas"],"jetpack_publicize_connections":[],"jetpack_sharing_enabled":true,"jetpack_featured_media_url":"","jetpack_shortlink":"https:\/\/wp.me\/p7wKYW-4Vz","jetpack-related-posts":[],"_links":{"self":[{"href":"http:\/\/blogdalucianaoliveira.com.br\/blog\/wp-json\/wp\/v2\/posts\/18945","targetHints":{"allow":["GET"]}}],"collection":[{"href":"http:\/\/blogdalucianaoliveira.com.br\/blog\/wp-json\/wp\/v2\/posts"}],"about":[{"href":"http:\/\/blogdalucianaoliveira.com.br\/blog\/wp-json\/wp\/v2\/types\/post"}],"author":[{"embeddable":true,"href":"http:\/\/blogdalucianaoliveira.com.br\/blog\/wp-json\/wp\/v2\/users\/1"}],"replies":[{"embeddable":true,"href":"http:\/\/blogdalucianaoliveira.com.br\/blog\/wp-json\/wp\/v2\/comments?post=18945"}],"version-history":[{"count":1,"href":"http:\/\/blogdalucianaoliveira.com.br\/blog\/wp-json\/wp\/v2\/posts\/18945\/revisions"}],"predecessor-version":[{"id":18947,"href":"http:\/\/blogdalucianaoliveira.com.br\/blog\/wp-json\/wp\/v2\/posts\/18945\/revisions\/18947"}],"wp:attachment":[{"href":"http:\/\/blogdalucianaoliveira.com.br\/blog\/wp-json\/wp\/v2\/media?parent=18945"}],"wp:term":[{"taxonomy":"category","embeddable":true,"href":"http:\/\/blogdalucianaoliveira.com.br\/blog\/wp-json\/wp\/v2\/categories?post=18945"},{"taxonomy":"post_tag","embeddable":true,"href":"http:\/\/blogdalucianaoliveira.com.br\/blog\/wp-json\/wp\/v2\/tags?post=18945"}],"curies":[{"name":"wp","href":"https:\/\/api.w.org\/{rel}","templated":true}]}}