{"id":18993,"date":"2018-10-04T11:47:23","date_gmt":"2018-10-04T15:47:23","guid":{"rendered":"http:\/\/blogdalucianaoliveira.com.br\/blog\/?p=18993"},"modified":"2018-10-04T12:23:39","modified_gmt":"2018-10-04T16:23:39","slug":"a-tristeza-das-formiguinhas-e-o-capataz-de-olhar-penitente-censura-nas-eleicoes-de-rondonia-e-vinicius-miguel-desce-o-cacete","status":"publish","type":"post","link":"http:\/\/blogdalucianaoliveira.com.br\/blog\/2018\/10\/04\/a-tristeza-das-formiguinhas-e-o-capataz-de-olhar-penitente-censura-nas-eleicoes-de-rondonia-e-vinicius-miguel-desce-o-cacete\/","title":{"rendered":"A tristeza das \u2018formiguinhas\u2019 e o capataz de olhar penitente; censura nas elei\u00e7\u00f5es de Rond\u00f4nia \u2013 e Vin\u00edcius Miguel desce o cacete"},"content":{"rendered":"<p><img data-recalc-dims=\"1\" loading=\"lazy\" decoding=\"async\" data-attachment-id=\"18994\" data-permalink=\"http:\/\/blogdalucianaoliveira.com.br\/blog\/2018\/10\/04\/a-tristeza-das-formiguinhas-e-o-capataz-de-olhar-penitente-censura-nas-eleicoes-de-rondonia-e-vinicius-miguel-desce-o-cacete\/especta-02\/\" data-orig-file=\"https:\/\/i0.wp.com\/blogdalucianaoliveira.com.br\/blog\/wp-content\/uploads\/2018\/10\/especta-02.jpg?fit=1257%2C867\" data-orig-size=\"1257,867\" data-comments-opened=\"0\" data-image-meta=\"{&quot;aperture&quot;:&quot;0&quot;,&quot;credit&quot;:&quot;&quot;,&quot;camera&quot;:&quot;&quot;,&quot;caption&quot;:&quot;&quot;,&quot;created_timestamp&quot;:&quot;0&quot;,&quot;copyright&quot;:&quot;&quot;,&quot;focal_length&quot;:&quot;0&quot;,&quot;iso&quot;:&quot;0&quot;,&quot;shutter_speed&quot;:&quot;0&quot;,&quot;title&quot;:&quot;&quot;,&quot;orientation&quot;:&quot;1&quot;}\" data-image-title=\"especta-02\" data-image-description=\"\" data-image-caption=\"\" data-medium-file=\"https:\/\/i0.wp.com\/blogdalucianaoliveira.com.br\/blog\/wp-content\/uploads\/2018\/10\/especta-02.jpg?fit=300%2C207\" data-large-file=\"https:\/\/i0.wp.com\/blogdalucianaoliveira.com.br\/blog\/wp-content\/uploads\/2018\/10\/especta-02.jpg?fit=600%2C414\" class=\"alignnone size-full wp-image-18994\" src=\"https:\/\/i0.wp.com\/blogdalucianaoliveira.com.br\/blog\/wp-content\/uploads\/2018\/10\/especta-02.jpg?resize=600%2C414\" alt=\"especta-02\" width=\"600\" height=\"414\" srcset=\"https:\/\/i0.wp.com\/blogdalucianaoliveira.com.br\/blog\/wp-content\/uploads\/2018\/10\/especta-02.jpg?w=1257 1257w, https:\/\/i0.wp.com\/blogdalucianaoliveira.com.br\/blog\/wp-content\/uploads\/2018\/10\/especta-02.jpg?resize=300%2C207 300w, https:\/\/i0.wp.com\/blogdalucianaoliveira.com.br\/blog\/wp-content\/uploads\/2018\/10\/especta-02.jpg?resize=768%2C530 768w, https:\/\/i0.wp.com\/blogdalucianaoliveira.com.br\/blog\/wp-content\/uploads\/2018\/10\/especta-02.jpg?resize=1024%2C706 1024w, https:\/\/i0.wp.com\/blogdalucianaoliveira.com.br\/blog\/wp-content\/uploads\/2018\/10\/especta-02.jpg?resize=435%2C300 435w, https:\/\/i0.wp.com\/blogdalucianaoliveira.com.br\/blog\/wp-content\/uploads\/2018\/10\/especta-02.jpg?w=1200 1200w\" sizes=\"auto, (max-width: 600px) 100vw, 600px\" \/><\/p>\n<p>E mais: uma curiosidade sobre a campanha de Raupp. Marcos Rocha n\u00e3o cometeu nepotismo, mas&#8230;<\/p>\n<p><strong>POR VINICIUS CANOVA<\/strong><\/p>\n<p><strong>Voltei<\/strong><\/p>\n<p>Depois de um tempo reflexivo fazendo companhia a Cabo Daciolo no Monte das Oliveiras, <em>i\u2019m back<\/em>, para honra e gl\u00f3ria do senhor <em>Jesuix Crixxto<\/em>!<\/p>\n<p><strong>Tristeza <\/strong><\/p>\n<p>Andando por Porto Velho, em quase toda a esquina que seja, \u00e9 percept\u00edvel a tristeza no olhar das \u2018formiguinhas\u2019. O sorriso amarelo no rosto n\u00e3o consegue esconder o desgosto de ter de entregar \u00e0s m\u00e3os das pessoas os santinhos dos candidatos mais diab\u00f3licos. A tortura interna dessa briga moral entre ang\u00fastia e necessidade financeira \u00e9 n\u00edtida e, convenhamos, qualquer pessoa sens\u00edvel absorve esse baque.<\/p>\n<p><strong>Sintoma <\/strong><\/p>\n<p>Como diz o pastor Alu\u00edzo Vidal (REDE), esse n\u00famero massivo de \u2018apoiadores\u2019 nas ruas, digamos assim, \u00e9 um reflexo da desgra\u00e7a econ\u00f4mica que se abateu sobre os brasileiros; no caso, infelizmente, os rondonienses est\u00e3o mais que abra\u00e7ados por essa desola\u00e7\u00e3o monet\u00e1ria, da\u00ed, \u00f3bvio, qualquer pessoa em condi\u00e7\u00f5es prec\u00e1rias n\u00e3o far\u00e1 cerim\u00f4nia na hora de empunhar bandeiras, criar coreografias constrangedoras para jingles deplor\u00e1veis e muito menos para entregar material de campanha.<\/p>\n<p><img data-recalc-dims=\"1\" decoding=\"async\" class=\"entry-thumb\" src=\"https:\/\/i0.wp.com\/www.rondoniadinamica.com\/uploads\/0000000011111.jpg?w=600\" alt=\"\" data-cke-saved-src=\"http:\/\/www.rondoniadinamica.com\/uploads\/0000000011111.jpg\" \/><\/p>\n<p><strong>Capataz<\/strong><\/p>\n<p>Tudo isso sem contar que a grande maioria desses grupos \u00e9 vigiada por uma esp\u00e9cie de capataz de olhar penitente, uma mistura de cafet\u00e3o de cortes\u00e3s do baixo meretr\u00edcio com Mazzaropi, sujeito bronco pra cacete! Ai de quem deixar um s\u00f3 santinho cair na rua&#8230;<\/p>\n<p><img data-recalc-dims=\"1\" decoding=\"async\" class=\"entry-thumb\" src=\"https:\/\/i0.wp.com\/www.rondoniadinamica.com\/uploads\/vinicius-13.jpg?w=600\" alt=\"\" data-cke-saved-src=\"http:\/\/www.rondoniadinamica.com\/uploads\/vinicius-13.jpg\" \/><\/p>\n<p><strong>Cacete<\/strong><\/p>\n<p>Falando em cacete, Vin\u00edcius Miguel, tamb\u00e9m da REDE, passou a se destacar ap\u00f3s os debates televisionados. Com apenas 20 segundos de televis\u00e3o e r\u00e1dio durante o hor\u00e1rio eleitoral gratuito, \u00e9 \u00f3bvio que o jovem seria obrigado a sacar suas armas ret\u00f3ricas a fim de se destacar: e foi o que aconteceu. O professor passou a receber ades\u00e3o espont\u00e2nea e muita gente que sequer tinha inten\u00e7\u00e3o de votar passou a lev\u00e1-lo em considera\u00e7\u00e3o. L\u00e1 atr\u00e1s eu havia dito: prestem aten\u00e7\u00e3o nesse cara.<\/p>\n<p><strong>Censura<\/strong><\/p>\n<p>Longe de querer discutir o equil\u00edbrio em campanhas t\u00e3o desequilibradas entre poderes pol\u00edtico-econ\u00f4micos, o tema censura veio \u00e0 tona ap\u00f3s v\u00e1rios candidatos se insurgirem contra a p\u00e1gina Humor em PVH, sucesso no Facebook. Embora o Tribunal Regional Eleitoral (TRE\/RO) tenha de se postar contra abusos e ofensas deliberadas at\u00e9 para que o rombo institucional da disparidade n\u00e3o cres\u00e7a ainda mais, \u00e9 sintom\u00e1tica a avers\u00e3o de muitos agentes p\u00fablicos a cr\u00edticas.<\/p>\n<p><strong>\u00d4nus<\/strong><\/p>\n<p>As cr\u00edticas representam parte do \u00f4nus da vida p\u00fablica. Al\u00e9m disso, como bem pontuou a ju\u00edza auxiliar \u00darsula Gon\u00e7alves Theodoro em uma dessas a\u00e7\u00f5es, \u201c&#8230;o que se percebe \u00e9 a liberdade de manifesta\u00e7\u00e3o do pensamento e do direito de resist\u00eancia daquele que n\u00e3o concorda com determinado modelo do sistema democr\u00e1tico ora estabelecido, direito assegurado constitucionalmente (CF, art. 220)\u201d. Sou solid\u00e1rio aos administradores da p\u00e1gina humor\u00edstica e repreendo, expressamente, qualquer tentativa de minar as liberdades asseguradas pela Constitui\u00e7\u00e3o Federal.<\/p>\n<p><img data-recalc-dims=\"1\" decoding=\"async\" class=\"entry-thumb\" src=\"https:\/\/i0.wp.com\/www.rondoniadinamica.com\/uploads\/decs.jpg?w=600\" alt=\"\" data-cke-saved-src=\"http:\/\/www.rondoniadinamica.com\/uploads\/decs.jpg\" \/><br \/>\n<em>Esposa do coronel come\u00e7ou no gabinete de Conf\u00facio e terminou na Segesp<\/em><\/p>\n<p><strong>Nepotismo?<\/strong><\/p>\n<p>No debate da Globo, Pimenta de Rond\u00f4nia, do PSOL, acusou o Coronel Marcos Rocha (PSL), \u201cdo mesmo partido de Bolsonaro\u201d, de incorrer na pr\u00e1tica de nepotismo. <strong>\u2018O Espectador\u2019<\/strong> checou a informa\u00e7\u00e3o e, com ajuda de juristas, chegou \u00e0 conclus\u00e3o de que o fato n\u00e3o se enquadra \u00e0 pr\u00e1tica ilegal aventada por Pimenta.<\/p>\n<p><strong>Mas&#8230;<\/strong><\/p>\n<p>O fato de a esposa de Marcos Rocha pertencer aos quadros comissionados do Governo de Rond\u00f4nia de 2013 a junho de 2018, exonerada apenas para que pudesse concorrer pelo mesmo partido do marido, se enquadra, sim, ao velho dilema: \u00e9 legal, mas ser\u00e1 que \u00e9 moral?<\/p>\n<p><strong>Subordina\u00e7\u00e3o<\/strong><\/p>\n<p>Lembrando que o coronel foi anunciado em dezembro de 2014 como Secret\u00e1rio de Justi\u00e7a. Ou seja, foram praticamente quatro anos em que ambos assumiram cargo de confian\u00e7a ao mesmo tempo e receberam dividendos p\u00fablicos na gest\u00e3o do ex-governador Conf\u00facio Moura (MDB). Juntando os sal\u00e1rios, o emedebista fez um casal muito feliz, diga-se de passagem. Mas, reitero, n\u00e3o houve nepotismo porque, para que seja configurado, \u00e9 necess\u00e1rio v\u00ednculo de subordina\u00e7\u00e3o.<\/p>\n<p><img data-recalc-dims=\"1\" decoding=\"async\" class=\"entry-thumb\" src=\"https:\/\/i0.wp.com\/www.rondoniadinamica.com\/uploads\/fortiori.jpg?w=600\" alt=\"\" data-cke-saved-src=\"http:\/\/www.rondoniadinamica.com\/uploads\/fortiori.jpg\" \/><\/p>\n<p><strong>Curiosidade<\/strong><\/p>\n<p>Uma das pesquisas da corrida pelo Senado em Rond\u00f4nia foi realizada pelo Instituto Fortiori. Curiosamente, a empresa consta no ranking de fornecedores do candidato \u00e0 reelei\u00e7\u00e3o Valdir Raupp, do MDB. Recebeu R$ 35 mil da campanha. Na pesquisa veiculada por determinada emissora, Raupp\u00a0aparecia em 2\u00ba lugar, mas a vantagem \u00e9 que impressiona: estava a quase 10 pontos da terceira colocada. Pois \u00e9&#8230;<\/p>\n<p><strong>Contato<\/strong><\/p>\n<p>Estamos \u00e0 disposi\u00e7\u00e3o atrav\u00e9s do e-mail\u00a0<strong>viniciuscanova89@gmail.com<\/strong>. Lembre-se:\u00a0<strong>\u201cO Espectador\u201d<\/strong>\u00a0\u00e9 veiculada originalmente no\u00a0<strong>Rond\u00f4nia Din\u00e2mica<\/strong>, mas a reprodu\u00e7\u00e3o est\u00e1 autorizada desde que citada a fonte.<\/p>\n","protected":false},"excerpt":{"rendered":"<p>E mais: uma curiosidade sobre a campanha de Raupp. Marcos Rocha n\u00e3o cometeu nepotismo, mas&#8230; POR VINICIUS CANOVA Voltei Depois de um tempo reflexivo fazendo companhia a Cabo Daciolo no Monte das Oliveiras, i\u2019m back, para honra e gl\u00f3ria do senhor Jesuix Crixxto! Tristeza Andando por Porto Velho, em quase toda a esquina que seja,&#8230;<a class=\"more-link\" href=\"http:\/\/blogdalucianaoliveira.com.br\/blog\/2018\/10\/04\/a-tristeza-das-formiguinhas-e-o-capataz-de-olhar-penitente-censura-nas-eleicoes-de-rondonia-e-vinicius-miguel-desce-o-cacete\/\">Continue a leitura <span class=\"meta-nav\">&raquo;<\/span><\/a><\/p>\n","protected":false},"author":1,"featured_media":18994,"comment_status":"closed","ping_status":"open","sticky":false,"template":"","format":"standard","meta":{"_exactmetrics_skip_tracking":false,"_exactmetrics_sitenote_active":false,"_exactmetrics_sitenote_note":"","_exactmetrics_sitenote_category":0,"jetpack_post_was_ever_published":false,"_jetpack_newsletter_access":"","_jetpack_dont_email_post_to_subs":false,"_jetpack_newsletter_tier_id":0,"_jetpack_memberships_contains_paywalled_content":false,"_jetpack_memberships_contains_paid_content":false,"footnotes":"","jetpack_publicize_message":"","jetpack_publicize_feature_enabled":true,"jetpack_social_post_already_shared":true,"jetpack_social_options":{"image_generator_settings":{"template":"highway","enabled":false},"version":2}},"categories":[1],"tags":[],"class_list":["post-18993","post","type-post","status-publish","format-standard","has-post-thumbnail","hentry","category-notas"],"jetpack_publicize_connections":[],"jetpack_sharing_enabled":true,"jetpack_featured_media_url":"https:\/\/i0.wp.com\/blogdalucianaoliveira.com.br\/blog\/wp-content\/uploads\/2018\/10\/especta-02.jpg?fit=1257%2C867","jetpack_shortlink":"https:\/\/wp.me\/p7wKYW-4Wl","jetpack-related-posts":[],"_links":{"self":[{"href":"http:\/\/blogdalucianaoliveira.com.br\/blog\/wp-json\/wp\/v2\/posts\/18993","targetHints":{"allow":["GET"]}}],"collection":[{"href":"http:\/\/blogdalucianaoliveira.com.br\/blog\/wp-json\/wp\/v2\/posts"}],"about":[{"href":"http:\/\/blogdalucianaoliveira.com.br\/blog\/wp-json\/wp\/v2\/types\/post"}],"author":[{"embeddable":true,"href":"http:\/\/blogdalucianaoliveira.com.br\/blog\/wp-json\/wp\/v2\/users\/1"}],"replies":[{"embeddable":true,"href":"http:\/\/blogdalucianaoliveira.com.br\/blog\/wp-json\/wp\/v2\/comments?post=18993"}],"version-history":[{"count":3,"href":"http:\/\/blogdalucianaoliveira.com.br\/blog\/wp-json\/wp\/v2\/posts\/18993\/revisions"}],"predecessor-version":[{"id":18997,"href":"http:\/\/blogdalucianaoliveira.com.br\/blog\/wp-json\/wp\/v2\/posts\/18993\/revisions\/18997"}],"wp:featuredmedia":[{"embeddable":true,"href":"http:\/\/blogdalucianaoliveira.com.br\/blog\/wp-json\/wp\/v2\/media\/18994"}],"wp:attachment":[{"href":"http:\/\/blogdalucianaoliveira.com.br\/blog\/wp-json\/wp\/v2\/media?parent=18993"}],"wp:term":[{"taxonomy":"category","embeddable":true,"href":"http:\/\/blogdalucianaoliveira.com.br\/blog\/wp-json\/wp\/v2\/categories?post=18993"},{"taxonomy":"post_tag","embeddable":true,"href":"http:\/\/blogdalucianaoliveira.com.br\/blog\/wp-json\/wp\/v2\/tags?post=18993"}],"curies":[{"name":"wp","href":"https:\/\/api.w.org\/{rel}","templated":true}]}}