{"id":18999,"date":"2018-10-06T10:52:43","date_gmt":"2018-10-06T14:52:43","guid":{"rendered":"http:\/\/blogdalucianaoliveira.com.br\/blog\/?p=18999"},"modified":"2018-10-06T10:52:43","modified_gmt":"2018-10-06T14:52:43","slug":"a-onda-que-virou-banzeiro-se-tornou-pororoca","status":"publish","type":"post","link":"http:\/\/blogdalucianaoliveira.com.br\/blog\/2018\/10\/06\/a-onda-que-virou-banzeiro-se-tornou-pororoca\/","title":{"rendered":"A onda que virou banzeiro se tornou pororoca"},"content":{"rendered":"<p><strong><img data-recalc-dims=\"1\" loading=\"lazy\" decoding=\"async\" data-attachment-id=\"19001\" data-permalink=\"http:\/\/blogdalucianaoliveira.com.br\/blog\/2018\/10\/06\/a-onda-que-virou-banzeiro-se-tornou-pororoca\/99a02b6d-d0ba-4978-8c8d-737dc963a3b6-2\/\" data-orig-file=\"https:\/\/i0.wp.com\/blogdalucianaoliveira.com.br\/blog\/wp-content\/uploads\/2018\/10\/99a02b6d-d0ba-4978-8c8d-737dc963a3b6-1.jpg?fit=960%2C1280\" data-orig-size=\"960,1280\" data-comments-opened=\"0\" data-image-meta=\"{&quot;aperture&quot;:&quot;0&quot;,&quot;credit&quot;:&quot;&quot;,&quot;camera&quot;:&quot;&quot;,&quot;caption&quot;:&quot;&quot;,&quot;created_timestamp&quot;:&quot;0&quot;,&quot;copyright&quot;:&quot;&quot;,&quot;focal_length&quot;:&quot;0&quot;,&quot;iso&quot;:&quot;0&quot;,&quot;shutter_speed&quot;:&quot;0&quot;,&quot;title&quot;:&quot;&quot;,&quot;orientation&quot;:&quot;0&quot;}\" data-image-title=\"99a02b6d-d0ba-4978-8c8d-737dc963a3b6\" data-image-description=\"\" data-image-caption=\"\" data-medium-file=\"https:\/\/i0.wp.com\/blogdalucianaoliveira.com.br\/blog\/wp-content\/uploads\/2018\/10\/99a02b6d-d0ba-4978-8c8d-737dc963a3b6-1.jpg?fit=225%2C300\" data-large-file=\"https:\/\/i0.wp.com\/blogdalucianaoliveira.com.br\/blog\/wp-content\/uploads\/2018\/10\/99a02b6d-d0ba-4978-8c8d-737dc963a3b6-1.jpg?fit=600%2C800\" class=\"alignnone size-full wp-image-19001\" src=\"https:\/\/i0.wp.com\/blogdalucianaoliveira.com.br\/blog\/wp-content\/uploads\/2018\/10\/99a02b6d-d0ba-4978-8c8d-737dc963a3b6-1.jpg?resize=600%2C800\" alt=\"99a02b6d-d0ba-4978-8c8d-737dc963a3b6\" width=\"600\" height=\"800\" srcset=\"https:\/\/i0.wp.com\/blogdalucianaoliveira.com.br\/blog\/wp-content\/uploads\/2018\/10\/99a02b6d-d0ba-4978-8c8d-737dc963a3b6-1.jpg?w=960 960w, https:\/\/i0.wp.com\/blogdalucianaoliveira.com.br\/blog\/wp-content\/uploads\/2018\/10\/99a02b6d-d0ba-4978-8c8d-737dc963a3b6-1.jpg?resize=225%2C300 225w, https:\/\/i0.wp.com\/blogdalucianaoliveira.com.br\/blog\/wp-content\/uploads\/2018\/10\/99a02b6d-d0ba-4978-8c8d-737dc963a3b6-1.jpg?resize=768%2C1024 768w\" sizes=\"auto, (max-width: 600px) 100vw, 600px\" \/><\/p>\n<p>Luciana Oliveira,<\/strong><\/p>\n<p>Nossa! \u00c9 impressionante quando olho para tr\u00e1s e percebo que, em t\u00e3o pouco tempo, pouqu\u00edssimo tempo, na realidade, passei de f\u00e3 e leitor incondicional de seus textos \u00e0 condi\u00e7\u00e3o de amigo.<\/p>\n<p>Essa \u00e9, provavelmente, uma das maiores honras que tive a oportunidade de usufruir nessas quase tr\u00eas d\u00e9cadas que ando a esmo pelas maltratadas plan\u00edcies rondonienses.<\/p>\n<p>Veja, n\u00e3o \u00e9 puxa\u00e7\u00e3o de saco deliberada, oras! Eu tenho meus motivos e, a partir daqui, pretendo explic\u00e1-los.<\/p>\n<p>Uma das melhores qualidades que um ser humano pode conservar \u00e9 a coragem. Ah, a coragem&#8230;<\/p>\n<p>H\u00e1 tr\u00eas frases distintas mencionadas por figuras diferentes a respeito do inestim\u00e1vel substantivo. Ali\u00e1s, coincid\u00eancia ou n\u00e3o, substantivo feminino, diga-se de passagem.<\/p>\n<p>A vis\u00e3o aristot\u00e9lica expressa que \u201cA coragem \u00e9 a primeira das qualidades humanas porque garante todas as outras\u201d. Isso tem um qu\u00ea de Luciana que vou te contar, viu?<\/p>\n<p>J\u00e1 Conf\u00facio, o pensador chin\u00eas, n\u00e3o o ex-governador que filosofa sobre a \u201carte de socar\u201d (<a href=\"https:\/\/goo.gl\/MvgHcg\" target=\"_blank\"><strong>https:\/\/goo.gl\/MvgHcg<\/strong><\/a>), entende: \u201cSaber sobre o que \u00e9 correto e n\u00e3o fazer \u00e9 falta de coragem\u201d. H\u00e1 uma certa ativista virtual que se associa facilmente ao conceito confucionista.<\/p>\n<p>Por fim, Mark Twain, o norte-americano autor de Tom Sawyer \u2013 livro que marcou minha inf\u00e2ncia e agu\u00e7ou minha fome pela leitura \u2013 \u00e9 ainda mais pontual: \u201cCoragem \u00e9 a resist\u00eancia ao medo, dom\u00ednio do medo, e n\u00e3o a aus\u00eancia do medo\u201d.<\/p>\n<p>E \u00e9 exatamente no \u00faltimo item que a minha combalida mem\u00f3ria entra no modo de convalescen\u00e7a.<\/p>\n<p>Me recordo como se fosse hoje a sua luta espec\u00edfica contra a censura; aquela batalha monstruosa que travou em nome de todos n\u00f3s cidad\u00e3os \u2013 e tamb\u00e9m comunicadores \u2013 em prol da liberdade de express\u00e3o e contra os grilh\u00f5es impostos rotineiramente \u00e0 atividade jornal\u00edstica, principalmente aos profissionais fora das corpora\u00e7\u00f5es e conglomerados midi\u00e1ticos.<\/p>\n<p>Aquilo ali me deixou indignado, puto da vida! Mas foi a sua rea\u00e7\u00e3o diante do problema que me contagiou.<\/p>\n<p>Naquele momento, passei a sentir um d\u00e9cimo da sua intrepidez e troquei os pap\u00e9is mentalmente para tentar compreender como me sentiria se estivesse no seu lugar, sendo ofendido, censurado e processado por defender uma causa social.<\/p>\n<p>N\u00e3o tive d\u00favidas. Publiquei e assinei, \u00e0 ocasi\u00e3o, o artigo <em><strong>\u201cO pre\u00e7o da indigna\u00e7\u00e3o e as aulas de insensatez e \u00f3dio: censura quer calar mais uma jornalista \u00e0 for\u00e7a\u201d<\/strong><\/em> (<a href=\"https:\/\/goo.gl\/bUeh3C\" target=\"_blank\"><strong>https:\/\/goo.gl\/bUeh3C<\/strong><\/a>).<\/p>\n<p>J\u00e1 me alonguei bastante, por\u00e9m fa\u00e7o quest\u00e3o de parafrasear trecho da opini\u00e3o que apresentei \u00e0 \u00e9poca:<\/p>\n<p>\u201cDiferentemente de outros criticados que tamb\u00e9m levaram na fu\u00e7a e com certeza receberam o recado, um professor universit\u00e1rio processou a jornalista ao ser exposto ap\u00f3s bradar, entre outras frases, a seguinte assertiva no WhatsApp:<\/p>\n<p><strong>\u2018Mu\u00e7ulmano \u00e9 a desgra\u00e7a que assola a humanidade\u2019.<\/strong><\/p>\n<p>A a\u00e7\u00e3o judicial \u00e9 retalia\u00e7\u00e3o \u00f3bvia \u00e0 antenada rep\u00f3rter que, estritamente arvorada a fatos e sem a press\u00e3o e o temor que costumam rondar reda\u00e7\u00f5es quando o assunto \u00e9 religi\u00e3o e f\u00e9, agiu corretamente ao eviscerar o flagelo.<\/p>\n<p>Com maestria eficaz e a sutileza de quem desossa um frango sem mexer na carne, desnudou o cidad\u00e3o, tirando-o da zona de conforto. A situa\u00e7\u00e3o ganhou repercuss\u00e3o nacional, talvez tenha rodado o Planeta Terra, quem sabe?\u201d<\/p>\n<p>Pois \u00e9. Hoje, na minha humilde concep\u00e7\u00e3o, sua figura representa muito bem o voc\u00e1bulo coragem. E o que voc\u00ea fez nessa campanha veio para arrematar de vez a sua bravura.<\/p>\n<p>Parab\u00e9ns por jogar limpo, pelas andan\u00e7as, pelo cont\u00e1gio \u2013 das pequenas ondas \u00e0 forma\u00e7\u00e3o do banzeiro. A caminhada encerra agora com a vit\u00f3ria da estrondosa pororoca causada pelos beradeiros mais fervorosos e engajados do Estado.<\/p>\n<p>Bora l\u00e1?<\/p>\n<p><strong>Vinicius Canova<\/strong><\/p>\n","protected":false},"excerpt":{"rendered":"<p>Luciana Oliveira, Nossa! \u00c9 impressionante quando olho para tr\u00e1s e percebo que, em t\u00e3o pouco tempo, pouqu\u00edssimo tempo, na realidade, passei de f\u00e3 e leitor incondicional de seus textos \u00e0 condi\u00e7\u00e3o de amigo. Essa \u00e9, provavelmente, uma das maiores honras que tive a oportunidade de usufruir nessas quase tr\u00eas d\u00e9cadas que ando a esmo pelas&#8230;<a class=\"more-link\" href=\"http:\/\/blogdalucianaoliveira.com.br\/blog\/2018\/10\/06\/a-onda-que-virou-banzeiro-se-tornou-pororoca\/\">Continue a leitura <span class=\"meta-nav\">&raquo;<\/span><\/a><\/p>\n","protected":false},"author":1,"featured_media":19000,"comment_status":"closed","ping_status":"open","sticky":false,"template":"","format":"standard","meta":{"_exactmetrics_skip_tracking":false,"_exactmetrics_sitenote_active":false,"_exactmetrics_sitenote_note":"","_exactmetrics_sitenote_category":0,"jetpack_post_was_ever_published":false,"_jetpack_newsletter_access":"","_jetpack_dont_email_post_to_subs":false,"_jetpack_newsletter_tier_id":0,"_jetpack_memberships_contains_paywalled_content":false,"_jetpack_memberships_contains_paid_content":false,"footnotes":"","jetpack_publicize_message":"","jetpack_publicize_feature_enabled":true,"jetpack_social_post_already_shared":true,"jetpack_social_options":{"image_generator_settings":{"template":"highway","enabled":false},"version":2}},"categories":[1],"tags":[],"class_list":["post-18999","post","type-post","status-publish","format-standard","has-post-thumbnail","hentry","category-notas"],"jetpack_publicize_connections":[],"jetpack_sharing_enabled":true,"jetpack_featured_media_url":"https:\/\/i0.wp.com\/blogdalucianaoliveira.com.br\/blog\/wp-content\/uploads\/2018\/10\/99a02b6d-d0ba-4978-8c8d-737dc963a3b6.jpg?fit=960%2C1280","jetpack_shortlink":"https:\/\/wp.me\/p7wKYW-4Wr","jetpack-related-posts":[],"_links":{"self":[{"href":"http:\/\/blogdalucianaoliveira.com.br\/blog\/wp-json\/wp\/v2\/posts\/18999","targetHints":{"allow":["GET"]}}],"collection":[{"href":"http:\/\/blogdalucianaoliveira.com.br\/blog\/wp-json\/wp\/v2\/posts"}],"about":[{"href":"http:\/\/blogdalucianaoliveira.com.br\/blog\/wp-json\/wp\/v2\/types\/post"}],"author":[{"embeddable":true,"href":"http:\/\/blogdalucianaoliveira.com.br\/blog\/wp-json\/wp\/v2\/users\/1"}],"replies":[{"embeddable":true,"href":"http:\/\/blogdalucianaoliveira.com.br\/blog\/wp-json\/wp\/v2\/comments?post=18999"}],"version-history":[{"count":1,"href":"http:\/\/blogdalucianaoliveira.com.br\/blog\/wp-json\/wp\/v2\/posts\/18999\/revisions"}],"predecessor-version":[{"id":19002,"href":"http:\/\/blogdalucianaoliveira.com.br\/blog\/wp-json\/wp\/v2\/posts\/18999\/revisions\/19002"}],"wp:featuredmedia":[{"embeddable":true,"href":"http:\/\/blogdalucianaoliveira.com.br\/blog\/wp-json\/wp\/v2\/media\/19000"}],"wp:attachment":[{"href":"http:\/\/blogdalucianaoliveira.com.br\/blog\/wp-json\/wp\/v2\/media?parent=18999"}],"wp:term":[{"taxonomy":"category","embeddable":true,"href":"http:\/\/blogdalucianaoliveira.com.br\/blog\/wp-json\/wp\/v2\/categories?post=18999"},{"taxonomy":"post_tag","embeddable":true,"href":"http:\/\/blogdalucianaoliveira.com.br\/blog\/wp-json\/wp\/v2\/tags?post=18999"}],"curies":[{"name":"wp","href":"https:\/\/api.w.org\/{rel}","templated":true}]}}