{"id":19011,"date":"2018-10-08T08:47:42","date_gmt":"2018-10-08T12:47:42","guid":{"rendered":"http:\/\/blogdalucianaoliveira.com.br\/blog\/?p=19011"},"modified":"2018-10-08T08:47:42","modified_gmt":"2018-10-08T12:47:42","slug":"onda-conservadora-leva-bolsonaro-fortalecido-para-embate-final-contra-pt","status":"publish","type":"post","link":"http:\/\/blogdalucianaoliveira.com.br\/blog\/2018\/10\/08\/onda-conservadora-leva-bolsonaro-fortalecido-para-embate-final-contra-pt\/","title":{"rendered":"Onda conservadora leva Bolsonaro fortalecido para embate final contra PT"},"content":{"rendered":"<p><img data-recalc-dims=\"1\" loading=\"lazy\" decoding=\"async\" data-attachment-id=\"19012\" data-permalink=\"http:\/\/blogdalucianaoliveira.com.br\/blog\/2018\/10\/08\/onda-conservadora-leva-bolsonaro-fortalecido-para-embate-final-contra-pt\/pt-3\/\" data-orig-file=\"https:\/\/i0.wp.com\/blogdalucianaoliveira.com.br\/blog\/wp-content\/uploads\/2018\/10\/pt.jpg?fit=1960%2C1297\" data-orig-size=\"1960,1297\" data-comments-opened=\"0\" data-image-meta=\"{&quot;aperture&quot;:&quot;0&quot;,&quot;credit&quot;:&quot;&quot;,&quot;camera&quot;:&quot;&quot;,&quot;caption&quot;:&quot;&quot;,&quot;created_timestamp&quot;:&quot;0&quot;,&quot;copyright&quot;:&quot;&quot;,&quot;focal_length&quot;:&quot;0&quot;,&quot;iso&quot;:&quot;0&quot;,&quot;shutter_speed&quot;:&quot;0&quot;,&quot;title&quot;:&quot;&quot;,&quot;orientation&quot;:&quot;0&quot;}\" data-image-title=\"pt\" data-image-description=\"\" data-image-caption=\"\" data-medium-file=\"https:\/\/i0.wp.com\/blogdalucianaoliveira.com.br\/blog\/wp-content\/uploads\/2018\/10\/pt.jpg?fit=300%2C199\" data-large-file=\"https:\/\/i0.wp.com\/blogdalucianaoliveira.com.br\/blog\/wp-content\/uploads\/2018\/10\/pt.jpg?fit=600%2C397\" src=\"https:\/\/i0.wp.com\/blogdalucianaoliveira.com.br\/blog\/wp-content\/uploads\/2018\/10\/pt.jpg?resize=600%2C397\" alt=\"pt\" width=\"600\" height=\"397\" class=\"alignnone size-full wp-image-19012\" srcset=\"https:\/\/i0.wp.com\/blogdalucianaoliveira.com.br\/blog\/wp-content\/uploads\/2018\/10\/pt.jpg?w=1960 1960w, https:\/\/i0.wp.com\/blogdalucianaoliveira.com.br\/blog\/wp-content\/uploads\/2018\/10\/pt.jpg?resize=300%2C199 300w, https:\/\/i0.wp.com\/blogdalucianaoliveira.com.br\/blog\/wp-content\/uploads\/2018\/10\/pt.jpg?resize=768%2C508 768w, https:\/\/i0.wp.com\/blogdalucianaoliveira.com.br\/blog\/wp-content\/uploads\/2018\/10\/pt.jpg?resize=1024%2C678 1024w, https:\/\/i0.wp.com\/blogdalucianaoliveira.com.br\/blog\/wp-content\/uploads\/2018\/10\/pt.jpg?resize=453%2C300 453w, https:\/\/i0.wp.com\/blogdalucianaoliveira.com.br\/blog\/wp-content\/uploads\/2018\/10\/pt.jpg?w=1200 1200w, https:\/\/i0.wp.com\/blogdalucianaoliveira.com.br\/blog\/wp-content\/uploads\/2018\/10\/pt.jpg?w=1800 1800w\" sizes=\"auto, (max-width: 600px) 100vw, 600px\" \/><\/p>\n<p>Candidato de extrema-direita teve 46,7% dos votos contra 28,3% do petista e entra com ampla vantagem no segundo turno para se tornar o pr\u00f3ximo presidente do Brasil<!--more--><\/p>\n<p>No El pa\u00eds, por CARLA JIM\u00c9NEZ<\/p>\n<p>O Brasil fecha o primeiro turno das elei\u00e7\u00f5es de 2018 com a polariza\u00e7\u00e3o aguda entre o candidato de extrema direita Jair Bolsonaro, em franca vantagem com 46,7% dos votos v\u00e1lidos, e o petista Fernando Haddad, com 28,3%, que defende o legado do ex-presidente Lula. \u00c9 \u00e1gua e \u00f3leo no Brasil de hoje. F\u00e1cil esperar sobressaltos at\u00e9 o pr\u00f3ximo dia 27, quando o pa\u00eds viver\u00e1 o segundo turno e definir\u00e1 o 41 presidente da Rep\u00fablica depois de uma das elei\u00e7\u00f5es mais emocionantes da hist\u00f3ria democr\u00e1tica. Ciro Gomes, do PDT, ficou em um honroso terceiro com 12,5%, \u00e0 frente do governador licenciado de S\u00e3o Paulo, Geraldo Alckmin, que fechou esta elei\u00e7\u00e3o com 4,8% das votos e personifica a derrota fragorosa de seu partido. Marina Silva, que prometia desempenho de outrora, saiu com mirrados 2%.<\/p>\n<p>Militar reformado e deputado federal por quase tr\u00eas d\u00e9cadas, Bolsonaro chegou \u00e0 reta final da campanha experimentando o sabor de quem j\u00e1 \u00e9 vitorioso com mais de 49 milh\u00f5es de votos, anunciando uma onda conservadora que deve pautar o pa\u00eds. Na \u00faltima semana, refor\u00e7ou seus apoios a despeito de toda a resist\u00eancia a seu nome. Nem a marcha #Elen\u00e3o foi capaz de deter sua ascens\u00e3o. Mais do que isso. Nesta elei\u00e7\u00e3o, experimentou o dom do toque de Midas restrito a poucos do olimpo pol\u00edtico \u2013 Lula, por exemplo. Os candidatos ungidos pelo candidato do PSL tiveram vota\u00e7\u00e3o espantosa. Seu filho Flavio foi o mais votado para o Senado pelo Rio de Janeiro, e Eduardo, por S\u00e3o Paulo, foi o deputado federal mais votado da hist\u00f3ria do pa\u00eds.<\/p>\n<p>Bolsonaro pai, parlamentar do chamado baixo claro da C\u00e2mara, pavimenta assim seu caminho para a presid\u00eancia da Rep\u00fablica numa jornada avassaladora e surpreendente, onde at\u00e9 uma trag\u00e9dia durante a campanha eleitoral virou golpe de sorte para o candidato. Um militante contr\u00e1rio ao seu nome se infiltrou entre a multid\u00e3o que ovacionava o candidato em Juiz de Fora (MG) e o atacou com uma faca no dia 6 de setembro. O atentado, que atingiu o intestino de Bolsonaro, quase lhe custou a vida. Ficou internado por 23 dias, boa parte do tempo na UTI. Mesmo fragilizado, gravou v\u00eddeos para a sua campanha de dentro do hospital, e manteve a comunica\u00e7\u00e3o unidirecional pelas redes sociais com seus seguidores. Tirou partido como nunca da comunica\u00e7\u00e3o por Whastapp, fonte de informa\u00e7\u00e3o de quase 70% de seus eleitores, que alimenta diariamente seus seguidores com centenas de not\u00edcias a favor do candidato e contra seus advers\u00e1rios. Foi para eles que Bolsonaro concedeu as primeiras declara\u00e7\u00f5es depois de saber que estava no segundo turno, por meio de uma Live no Facebook.<\/p>\n<p>Havia a expectativa de uma coletiva do candidato no Rio, convocada pelo PSL.  Os jornalistas foram submetidos a duas revistas e tiveram todas as bolsas e equipamentos longamente revistados para entrar no hotel Windsor da Barra, onde o encontro com o presidenci\u00e1vel estava marcado. Mas l\u00e1 estava Bolsonaro anunciando aos milh\u00f5es de eleitores que estava pronto para vencer via conversa pelo Facebook, a despeito da expectativa do presidente do partido, Gustavo Bebbiano, de que ele iria aparecer para falar com a imprensa. \u201cTemos como mudar destino do Brasil. N\u00e3o podemos flertar com socialismo ou comunismo\u201d, disse ele, que fez uma s\u00e9rie de promessas aos seus seguidores no Facebook.<\/p>\n<p>Seus planos ainda precisar\u00e3o ser detalhados nesta segunda etapa da campanha. O acidente o obrigou a ficar fora dos debates, o que evitou o confronto direto com seus competidores e o poupou do questionamento de suas posi\u00e7\u00f5es mais pol\u00eamicas, seja em rela\u00e7\u00e3o a minorias, seja sobre as suas propostas para a economia, sa\u00fade e educa\u00e7\u00e3o. Acabou ganhando exposi\u00e7\u00e3o gratuita na m\u00eddia a cada boletim m\u00e9dico, e apareceu mais humanizado diante dos eleitores. Foi ganhando apoios p\u00fablicos de pol\u00edticos, empres\u00e1rios e de pastores evang\u00e9licos, como Edir Macedo, dono da Record, que lhe deu de presente uma entrevista de 30 minutos, exibida durante o \u00faltimo debate da rede Globo. Ali, apareceu em sua casa, atendido por um enfermeiro, e at\u00e9 com sua bolsa intestinal que precisou adotar depois do atentado. Uma imagem que suspendeu a fama de agressivo e violento que seus advers\u00e1rios tentaram colar nele durante toda a campanha.<\/p>\n<p>Poucos dias antes da facada em Juiz de Fora, Bolsonaro havia chocado o pa\u00eds ao sugerir \u201cfuzilar a petralhada\u201d em um com\u00edcio em Rio Branco, capital do Acre, e ao ensinar crian\u00e7as a fazer o gesto de uma arma nas m\u00e3os. At\u00e9 virar candidato oficialmente, soube fazer fama com seus coment\u00e1rios politicamente incorretos, e seu desprezo pela esquerda. Subiu nas pesquisas fomentando o antipetismo, e jogando bombas desestabilizadoras, como as suspeitas levantadas para as urnas eletr\u00f4nicas \u2013 sem provas \u2014, ou a amea\u00e7a de que n\u00e3o reconheceria o resultado se n\u00e3o fosse ele o vitorioso. Voltou atr\u00e1s nesta \u00faltima, mas o boato sobre as urnas foram fermentadas nas redes pelos seus filhos e amplificadas por seus seguidores.<\/p>\n<p>Nesta segunda etapa, ter\u00e1 o mesmo tempo de propaganda que Haddad, e o candidato vai precisar vestir o uniforme de paz e amor para blindar sua vota\u00e7\u00e3o e evitar que os votos dos advers\u00e1rios derrotados migrem para Haddad.<\/p>\n<p>J\u00e1 o petista deve encarar uma batalha de Sans\u00e3o contra Golias, num dos contextos mais arriscados e desfavor\u00e1veis que seu partido j\u00e1 experimentou. Entrou na campanha oficialmente no dia 11 de setembro no lugar do ex-presidente Lula, preso desde abril em Curitiba. At\u00e9 ent\u00e3o, era Lula o candidato oficial do PT registrado no Tribunal Superior Eleitoral no dia 15 de agosto. Liderava as pesquisas eleitorais com quase 40% dos votos, mostrando que seu eleitorado estava mais \u00f3rf\u00e3o do que nunca diante de um quadro de economia arrochada para garantir o ajuste fiscal. No in\u00edcio de setembro, o tribunal barrou sua candidatura e Haddad assumiu a cabe\u00e7a de chapa com Manuela D&#8217;\u00c1vila (PCdoB) como vice.<\/p>\n<p>Tem a seu favor um Nordeste fiel que reelegeu governadores petistas j\u00e1 no primeiro turno, como \u00e9 o caso do Cear\u00e1, com Camilo Santana (79,5% dos votos), e da Bahia, com Rui Costa (75,9%). A mem\u00f3ria do lulismo garantiu a Haddad uma transfer\u00eancia de votos em tr\u00eas semanas que o levou ao segundo turno. Passou de minguados 6% para 22% na reta final. Deve contar com o apoio de Ciro Gomes que logo ap\u00f3s o resultado oficial, disse que tomaria suas posi\u00e7\u00f5es logo, e n\u00e3o trairia sua hist\u00f3ria de luta pela defesa da democracia e contra o fascismo. \u201cS\u00f3 posso dizer que ele, n\u00e3o\u201d, ironizou Ciro, em refer\u00eancia a Bolsonaro. \u201cQueremos unir os democratas do Brasil, os que t\u00eam aten\u00e7\u00e3o aos mais pobres\u201d, sinalizou.<\/p>\n<p>Nos pr\u00f3ximos vinte dias da campanha o tabuleiro no Brasil n\u00e3o colocar\u00e1 apenas um candidato contra o outro. Vai testar a uni\u00e3o dos partidos de esquerda, mais progressistas, e a for\u00e7a da onda conservadora puxada por Bolsonaro que se alimentou at\u00e9 aqui pelo \u00f3dio ao PT. Agora, ser\u00e1 a hora da verdade, onde os dois candidatos ser\u00e3o cobrados a dizer a que vieram e se v\u00e3o resistir aos limites democr\u00e1ticos que o pa\u00eds v\u00eam construindo h\u00e1 30 anos.  Ambos t\u00eam rejei\u00e7\u00e3o alt\u00edssima, e ser\u00e1 um teste definitivo para saber quem ter\u00e1 capacidade de desarmar a bomba rel\u00f3gio que se instalou no pa\u00eds na guerra surda que a pol\u00edtica embalou nos \u00faltimos anos. [Colaborou Felipe Betim]<\/p>\n","protected":false},"excerpt":{"rendered":"<p>Candidato de extrema-direita teve 46,7% dos votos contra 28,3% do petista e entra com ampla vantagem no segundo turno para se tornar o pr\u00f3ximo presidente do Brasil<\/p>\n","protected":false},"author":1,"featured_media":0,"comment_status":"closed","ping_status":"open","sticky":false,"template":"","format":"standard","meta":{"_exactmetrics_skip_tracking":false,"_exactmetrics_sitenote_active":false,"_exactmetrics_sitenote_note":"","_exactmetrics_sitenote_category":0,"jetpack_post_was_ever_published":false,"_jetpack_newsletter_access":"","_jetpack_dont_email_post_to_subs":false,"_jetpack_newsletter_tier_id":0,"_jetpack_memberships_contains_paywalled_content":false,"_jetpack_memberships_contains_paid_content":false,"footnotes":"","jetpack_publicize_message":"","jetpack_publicize_feature_enabled":true,"jetpack_social_post_already_shared":true,"jetpack_social_options":{"image_generator_settings":{"template":"highway","enabled":false},"version":2}},"categories":[1],"tags":[],"class_list":["post-19011","post","type-post","status-publish","format-standard","hentry","category-notas"],"jetpack_publicize_connections":[],"jetpack_sharing_enabled":true,"jetpack_featured_media_url":"","jetpack_shortlink":"https:\/\/wp.me\/p7wKYW-4WD","jetpack-related-posts":[],"_links":{"self":[{"href":"http:\/\/blogdalucianaoliveira.com.br\/blog\/wp-json\/wp\/v2\/posts\/19011","targetHints":{"allow":["GET"]}}],"collection":[{"href":"http:\/\/blogdalucianaoliveira.com.br\/blog\/wp-json\/wp\/v2\/posts"}],"about":[{"href":"http:\/\/blogdalucianaoliveira.com.br\/blog\/wp-json\/wp\/v2\/types\/post"}],"author":[{"embeddable":true,"href":"http:\/\/blogdalucianaoliveira.com.br\/blog\/wp-json\/wp\/v2\/users\/1"}],"replies":[{"embeddable":true,"href":"http:\/\/blogdalucianaoliveira.com.br\/blog\/wp-json\/wp\/v2\/comments?post=19011"}],"version-history":[{"count":1,"href":"http:\/\/blogdalucianaoliveira.com.br\/blog\/wp-json\/wp\/v2\/posts\/19011\/revisions"}],"predecessor-version":[{"id":19013,"href":"http:\/\/blogdalucianaoliveira.com.br\/blog\/wp-json\/wp\/v2\/posts\/19011\/revisions\/19013"}],"wp:attachment":[{"href":"http:\/\/blogdalucianaoliveira.com.br\/blog\/wp-json\/wp\/v2\/media?parent=19011"}],"wp:term":[{"taxonomy":"category","embeddable":true,"href":"http:\/\/blogdalucianaoliveira.com.br\/blog\/wp-json\/wp\/v2\/categories?post=19011"},{"taxonomy":"post_tag","embeddable":true,"href":"http:\/\/blogdalucianaoliveira.com.br\/blog\/wp-json\/wp\/v2\/tags?post=19011"}],"curies":[{"name":"wp","href":"https:\/\/api.w.org\/{rel}","templated":true}]}}