{"id":19014,"date":"2018-10-08T08:54:12","date_gmt":"2018-10-08T12:54:12","guid":{"rendered":"http:\/\/blogdalucianaoliveira.com.br\/blog\/?p=19014"},"modified":"2018-10-08T08:54:12","modified_gmt":"2018-10-08T12:54:12","slug":"bancada-feminina-cresce-de-51-para-74-na-camara-dos-deputados","status":"publish","type":"post","link":"http:\/\/blogdalucianaoliveira.com.br\/blog\/2018\/10\/08\/bancada-feminina-cresce-de-51-para-74-na-camara-dos-deputados\/","title":{"rendered":"Bancada feminina cresce de 51 para 74 na C\u00e2mara dos Deputados"},"content":{"rendered":"<p><img data-recalc-dims=\"1\" loading=\"lazy\" decoding=\"async\" data-attachment-id=\"19015\" data-permalink=\"http:\/\/blogdalucianaoliveira.com.br\/blog\/2018\/10\/08\/bancada-feminina-cresce-de-51-para-74-na-camara-dos-deputados\/mulai\/\" data-orig-file=\"https:\/\/i0.wp.com\/blogdalucianaoliveira.com.br\/blog\/wp-content\/uploads\/2018\/10\/mulai.jpg?fit=310%2C163\" data-orig-size=\"310,163\" data-comments-opened=\"0\" data-image-meta=\"{&quot;aperture&quot;:&quot;0&quot;,&quot;credit&quot;:&quot;&quot;,&quot;camera&quot;:&quot;&quot;,&quot;caption&quot;:&quot;&quot;,&quot;created_timestamp&quot;:&quot;0&quot;,&quot;copyright&quot;:&quot;&quot;,&quot;focal_length&quot;:&quot;0&quot;,&quot;iso&quot;:&quot;0&quot;,&quot;shutter_speed&quot;:&quot;0&quot;,&quot;title&quot;:&quot;&quot;,&quot;orientation&quot;:&quot;0&quot;}\" data-image-title=\"mulai\" data-image-description=\"\" data-image-caption=\"\" data-medium-file=\"https:\/\/i0.wp.com\/blogdalucianaoliveira.com.br\/blog\/wp-content\/uploads\/2018\/10\/mulai.jpg?fit=300%2C158\" data-large-file=\"https:\/\/i0.wp.com\/blogdalucianaoliveira.com.br\/blog\/wp-content\/uploads\/2018\/10\/mulai.jpg?fit=310%2C163\" src=\"https:\/\/i0.wp.com\/blogdalucianaoliveira.com.br\/blog\/wp-content\/uploads\/2018\/10\/mulai.jpg?resize=310%2C163\" alt=\"mulai\" width=\"310\" height=\"163\" class=\"alignnone size-full wp-image-19015\" srcset=\"https:\/\/i0.wp.com\/blogdalucianaoliveira.com.br\/blog\/wp-content\/uploads\/2018\/10\/mulai.jpg?w=310 310w, https:\/\/i0.wp.com\/blogdalucianaoliveira.com.br\/blog\/wp-content\/uploads\/2018\/10\/mulai.jpg?resize=300%2C158 300w\" sizes=\"auto, (max-width: 310px) 100vw, 310px\" \/><\/p>\n<p>Partido de Bolsonaro elege 7 deputadas e duas senadoras<!--more--><\/p>\n<p>A bancada feminina no Congresso Nacional cresceu nestas elei\u00e7\u00f5es. Na C\u00e2mara dos Deputados, foram eleitas 74 parlamentares do total de 513. Em 2014, eram 51.<\/p>\n<p>No Senado, 7 representantes femininas tiveram vit\u00f3ria nas urnas. \u00c9 o mesmo n\u00famero de eleitas em 2010, \u00faltima elei\u00e7\u00e3o para duas vagas na Casa. Em 2014, onde cada estado tinha uma vaga na disputa, outras 5 ganharam o pleito.<\/p>\n<p>Entre as deputadas eleitas, a renova\u00e7\u00e3o foi de metade. Das 51 que venceram o pleito em 2014, 24 foram reeleitas. Apenas 7 n\u00e3o tentaram se reeleger. Neste pequeno grupo, a maioria tentou uma vaga no Senado ou como vice na disputa pelos governos estaduais.<\/p>\n<p>Nos Estados, apenas Amazonas, Goi\u00e1s, Maranh\u00e3o e Sergipe n\u00e3o elegeram deputadas.<\/p>\n<p>O PSL, partido de Jair Bolsonaro, candidato \u00e0 Presid\u00eancia, elegeu 7 deputadas e duas senadoras. O presidenci\u00e1vel foi alvo dos protestos do #EleN\u00e3o, em respostas a posicionamentos machistas. O parlamenter \u00e9 r\u00e9u por incita\u00e7\u00e3o ao estupro.<\/p>\n<p>O percentual de mulheres concorrendo a deputada federal quase n\u00e3o se alterou em rela\u00e7\u00e3o \u00e0s \u00faltimas elei\u00e7\u00f5es. O total ficou um pouco acima do m\u00ednimo de 30% de candidatos de cada g\u00eanero para cargos proporcionais exigido por lei. Foram pouco mais de 2,6 mil candidatas, segundo a Justi\u00e7a Eleitoral. Em 2014, eram 2,3 mil.<\/p>\n<p>Quanto \u00e0s novas senadoras, das 7 que poderiam tentar um novo mandato no cargo, apenas 3 se candidataram \u00e0 reelei\u00e7\u00e3o. As outras n\u00e3o entraram na disputa eleitoral ou optaram pela C\u00e2mara, al\u00e9m de Ana Am\u00e9lia (PP-RS), que escolheu ser vice na chapa presidencial com Geraldo Alckmin (PSDB).<\/p>\n<p>Foram 62 candidaturas femininas para o Senado, um aumento expressivo em rela\u00e7\u00e3o aos anos anteriores. Em 2014, quando a renova\u00e7\u00e3o foi de um ter\u00e7o das 81 vagas, 35 concorreram. J\u00e1 em 2010, quando cada unidade da Federa\u00e7\u00e3o disputou duas vagas, o n\u00famero foi de 36.<\/p>\n<p>O Brasil fica atr\u00e1s de dezenas de pa\u00edses quanto \u00e0 presen\u00e7a de mulheres na pol\u00edtica. Est\u00e1 na 115\u00aa posi\u00e7\u00e3o no ranking mundial de representatividade feminina no Parlamento dentre os 138 pa\u00edses analisados pelo Projeto Mulheres Inspiradoras (PMI), com base no banco de dados do Banco Mundial (Bird) e do TSE (Tribunal Superior Eleitoral).<\/p>\n<p>A lei eleitoral prev\u00ea uma cota de 30% das candidaturas para cada g\u00eanero, mas a norma \u00e9 frequentemente violada por candidatas laranja. Em 2016, dos 10 candidatos com zero votos, 9 eram mulheres.<\/p>\n<p>No Congresso, a bancada feminina t\u00eam se esfor\u00e7ado em avan\u00e7ar com a cota de cadeiras no Legislativo, mas enfrentam resist\u00eancia. Aprovada em 2015 pelo Senado, a proposta de emenda \u00e0 Constitui\u00e7\u00e3o (PEC 98\/2015) n\u00e3o foi votada na C\u00e2mara.<\/p>\n<p>O texto previa um m\u00ednimo de 10% das cadeiras na primeira legislatura, 12% na segunda legislatura e 16% na terceira para C\u00e2mara e Senado, assembleias legislativas, C\u00e2mara Legislativa do Distrito Federal e c\u00e2maras municipais.<\/p>\n<p>Por outro lado, havia uma expectativa de aumento de representatividade por parte de especialistas. Representante do Escrit\u00f3rio da ONU Mulheres no Brasil, Nadine Gasman, afirmou ao HuffPost em setembro que esperava que a presen\u00e7a feminina chegasse a 30% nos cargos eletivos.<\/p>\n<p>O c\u00e1lculo tem como base decis\u00e3o do TSE de maio desde ano, de acordo com a qual, no m\u00ednimo 30% do Fundo Eleitoral precisa ser gasto com candidaturas femininas. A norma, contudo, tem sido interpretada por partidos de forma abrangente, de modo a incluir chapas em que mulheres s\u00e3o candidatas a vice ou suplentes no Senado.<\/p>\n<p>Mulheres eleitas para C\u00e2mara dos Deputados<\/p>\n<p>Acre: 4<\/p>\n<p>Mara Rocha (PSDB)<\/p>\n<p>J\u00e9ssica Sales (MDB)<\/p>\n<p>Dra. Vanda Milani (SD)<\/p>\n<p>Perpetua Almeida (PCdoB)<\/p>\n<p>Alagoas: 1<\/p>\n<p>Tereza Nelma (PSDB)<\/p>\n<p>Amap\u00e1: 4<\/p>\n<p>Aline Gurgel (PRB)<\/p>\n<p>Professora Marciv\u00e2nia (PCdoB) &#8211; reelei\u00e7\u00e3o<\/p>\n<p>Patricia Ferraz (PR)<\/p>\n<p>Leda Sadala (Avante)<\/p>\n<p>Bahia: 2<\/p>\n<p>Alice Portugal (PCdoB) &#8211; reelei\u00e7\u00e3o<\/p>\n<p>L\u00eddce da Mata (PSB)<\/p>\n<p>Cear\u00e1: 1<\/p>\n<p>Luiziane (PT) &#8211; reelei\u00e7\u00e3o<\/p>\n<p>Distrito Federal: 5<\/p>\n<p>Flavia Arruda (PR)<\/p>\n<p>Erika Kokay (PT) &#8211; reelei\u00e7\u00e3o<\/p>\n<p>Bia Kicis (PRP)<\/p>\n<p>Paula Belmonte (PPS)<\/p>\n<p>Celina Le\u00e3o (PP)<\/p>\n<p>Esp\u00edrito Santo: 3<\/p>\n<p>Dra. Soraya Manato (PSL)<\/p>\n<p>Norma Ayub (DEM)<\/p>\n<p>Lauriete (PR)<\/p>\n<p>Mato Grosso: 1<\/p>\n<p>Professora Rosa Neide (PT)<\/p>\n<p>Mato Grosso do Sul: 2<\/p>\n<p>Rose Modesto (PSDB)<\/p>\n<p>Tereza Cristina (DEM) &#8211; reelei\u00e7\u00e3o<\/p>\n<p>Minas Gerais: 4<\/p>\n<p>Aurea Carolina (PSOL)<\/p>\n<p>Margarida Salom\u00e3o (PT) &#8211; reelei\u00e7\u00e3o<\/p>\n<p>Al\u00ea Silva (PSL)<\/p>\n<p>Greyce Elias (Avante)<\/p>\n<p>Par\u00e1: 2<\/p>\n<p>Elcione (MDB)<\/p>\n<p>Julia Marinho (PSC) &#8211; reelei\u00e7\u00e3o<\/p>\n<p>Para\u00edba: 1<\/p>\n<p>Edna Henrique (PSDB)<\/p>\n<p>Paran\u00e1: 5<\/p>\n<p>Gleisi Lula (PT)<\/p>\n<p>Leandre (PV) &#8211; reelei\u00e7\u00e3o<\/p>\n<p>Christiane Yared (PR) &#8211; reelei\u00e7\u00e3o<\/p>\n<p>Luisa Canziani (PTB)<\/p>\n<p>Aline Sleutjes (PSL)<\/p>\n<p>Pernambuco: 1<\/p>\n<p>Mar\u00edlia Arraes (PT)<\/p>\n<p>Piau\u00ed: 4<\/p>\n<p>Rejane Dias (PT)<\/p>\n<p>Iracema Portella (PP) &#8211; reelei\u00e7\u00e3o<\/p>\n<p>Margarete Coelho (PP)<\/p>\n<p>Dra. Maria (PTC)<\/p>\n<p>Rio de Janeiro: 9<\/p>\n<p>Flordelis (PSD)<\/p>\n<p>Daniela do Waguinho (MDB)<\/p>\n<p>Tal\u00edria Petrone (PSol)<\/p>\n<p>Jandira Feghali (PCdoB) &#8211; reelei\u00e7\u00e3o<\/p>\n<p>Rosangela Gomes (PRB) &#8211; reelei\u00e7\u00e3o<\/p>\n<p>Soraya Santos (PR) &#8211; reelei\u00e7\u00e3o<\/p>\n<p>Benedita da Silva (PT) &#8211; reelei\u00e7\u00e3o<\/p>\n<p>Chris Tonietto (PSL)<\/p>\n<p>Clarissa Garotinho (PROS) &#8211; reelei\u00e7\u00e3o<\/p>\n<p>Rio Grande do Norte: 1<\/p>\n<p>Natalia Bonavides (PT)<\/p>\n<p>Rio Grande do Sul: 3<\/p>\n<p>Fernanda Melchionna (PSol)<\/p>\n<p>Maria do Ros\u00e1rio (PT) &#8211; reelei\u00e7\u00e3o<\/p>\n<p>Liziane Bayer (PSB)<\/p>\n<p>Rond\u00f4nia: 3<\/p>\n<p>Mariana Carvalho (PSDB) &#8211; reelei\u00e7\u00e3o<\/p>\n<p>Jaqueline Cassol (PP)<\/p>\n<p>Silvia Cristina (PDT)<\/p>\n<p>Roraima: 2<\/p>\n<p>Sh\u00e9ridan (PSDB) &#8211; reelei\u00e7\u00e3o<\/p>\n<p>Joenia Wapichana (Rede)<\/p>\n<p>Santa Catarina: 4<\/p>\n<p>Caroline de Toni (PSL)<\/p>\n<p>Geovania de S\u00e1 (PSDB) &#8211; reelei\u00e7\u00e3o<\/p>\n<p>Angela Amin (PP)<\/p>\n<p>Carmen Zanotto (PPS) &#8211; reelei\u00e7\u00e3o<\/p>\n<p>S\u00e3o Paulo: 11<\/p>\n<p>Joice Hasselmann (PSL)<\/p>\n<p>Tabata Amaral (PDT)<\/p>\n<p>Policial Katia Sastre (PR)<\/p>\n<p>S\u00e2mia Bomfim (PSol)<\/p>\n<p>Luiza Erundina (PSol) &#8211; reelei\u00e7\u00e3o<\/p>\n<p>Renata Abreu (Podemos) &#8211; reelei\u00e7\u00e3o<\/p>\n<p>Rosana Valle (PSB)<\/p>\n<p>Bruna Furlan (PSDB) &#8211; reelei\u00e7\u00e3o<\/p>\n<p>Carla Zambelli (PSL)<\/p>\n<p>Maria Rosas (PRB)<\/p>\n<p>Adriana Ventura (Novo)<\/p>\n<p>Tocantins: 2<\/p>\n<p>Professora Dorinha (DEM) &#8211; reelei\u00e7\u00e3o<\/p>\n<p>Dulce Miranda (MDB)<\/p>\n<p>Mulheres eleitas para o Senado Federal<\/p>\n<p>Daniella Ribeiro (PP-PB)<\/p>\n<p>Dra Zenaide Maia (PHS-RN)<\/p>\n<p>Eliziane Gama (PPS-MA)<\/p>\n<p>Juiza Selma Arruda (PSL-MT)<\/p>\n<p>Leila do V\u00f4lei (PSB-DF)<\/p>\n<p>Mara Gabrilli (PSDB-SP)<\/p>\n<p>Soraya Thronicke (PSL-MS)<\/p>\n","protected":false},"excerpt":{"rendered":"<p>Partido de Bolsonaro elege 7 deputadas e duas senadoras<\/p>\n","protected":false},"author":1,"featured_media":0,"comment_status":"closed","ping_status":"open","sticky":false,"template":"","format":"standard","meta":{"_exactmetrics_skip_tracking":false,"_exactmetrics_sitenote_active":false,"_exactmetrics_sitenote_note":"","_exactmetrics_sitenote_category":0,"jetpack_post_was_ever_published":false,"_jetpack_newsletter_access":"","_jetpack_dont_email_post_to_subs":false,"_jetpack_newsletter_tier_id":0,"_jetpack_memberships_contains_paywalled_content":false,"_jetpack_memberships_contains_paid_content":false,"footnotes":"","jetpack_publicize_message":"","jetpack_publicize_feature_enabled":true,"jetpack_social_post_already_shared":true,"jetpack_social_options":{"image_generator_settings":{"template":"highway","enabled":false},"version":2}},"categories":[1],"tags":[],"class_list":["post-19014","post","type-post","status-publish","format-standard","hentry","category-notas"],"jetpack_publicize_connections":[],"jetpack_sharing_enabled":true,"jetpack_featured_media_url":"","jetpack_shortlink":"https:\/\/wp.me\/p7wKYW-4WG","jetpack-related-posts":[],"_links":{"self":[{"href":"http:\/\/blogdalucianaoliveira.com.br\/blog\/wp-json\/wp\/v2\/posts\/19014","targetHints":{"allow":["GET"]}}],"collection":[{"href":"http:\/\/blogdalucianaoliveira.com.br\/blog\/wp-json\/wp\/v2\/posts"}],"about":[{"href":"http:\/\/blogdalucianaoliveira.com.br\/blog\/wp-json\/wp\/v2\/types\/post"}],"author":[{"embeddable":true,"href":"http:\/\/blogdalucianaoliveira.com.br\/blog\/wp-json\/wp\/v2\/users\/1"}],"replies":[{"embeddable":true,"href":"http:\/\/blogdalucianaoliveira.com.br\/blog\/wp-json\/wp\/v2\/comments?post=19014"}],"version-history":[{"count":1,"href":"http:\/\/blogdalucianaoliveira.com.br\/blog\/wp-json\/wp\/v2\/posts\/19014\/revisions"}],"predecessor-version":[{"id":19016,"href":"http:\/\/blogdalucianaoliveira.com.br\/blog\/wp-json\/wp\/v2\/posts\/19014\/revisions\/19016"}],"wp:attachment":[{"href":"http:\/\/blogdalucianaoliveira.com.br\/blog\/wp-json\/wp\/v2\/media?parent=19014"}],"wp:term":[{"taxonomy":"category","embeddable":true,"href":"http:\/\/blogdalucianaoliveira.com.br\/blog\/wp-json\/wp\/v2\/categories?post=19014"},{"taxonomy":"post_tag","embeddable":true,"href":"http:\/\/blogdalucianaoliveira.com.br\/blog\/wp-json\/wp\/v2\/tags?post=19014"}],"curies":[{"name":"wp","href":"https:\/\/api.w.org\/{rel}","templated":true}]}}