{"id":19017,"date":"2018-10-08T12:28:46","date_gmt":"2018-10-08T16:28:46","guid":{"rendered":"http:\/\/blogdalucianaoliveira.com.br\/blog\/?p=19017"},"modified":"2018-10-08T12:28:46","modified_gmt":"2018-10-08T16:28:46","slug":"brasil-tera-o-congresso-mais-conservador-das-ultimas-tres-decadas","status":"publish","type":"post","link":"http:\/\/blogdalucianaoliveira.com.br\/blog\/2018\/10\/08\/brasil-tera-o-congresso-mais-conservador-das-ultimas-tres-decadas\/","title":{"rendered":"Brasil ter\u00e1 o Congresso mais conservador das \u00faltimas tr\u00eas d\u00e9cadas"},"content":{"rendered":"<p><img data-recalc-dims=\"1\" loading=\"lazy\" decoding=\"async\" data-attachment-id=\"19018\" data-permalink=\"http:\/\/blogdalucianaoliveira.com.br\/blog\/2018\/10\/08\/brasil-tera-o-congresso-mais-conservador-das-ultimas-tres-decadas\/dc\/\" data-orig-file=\"https:\/\/i0.wp.com\/blogdalucianaoliveira.com.br\/blog\/wp-content\/uploads\/2018\/10\/dc.png?fit=600%2C337\" data-orig-size=\"600,337\" data-comments-opened=\"0\" data-image-meta=\"{&quot;aperture&quot;:&quot;0&quot;,&quot;credit&quot;:&quot;&quot;,&quot;camera&quot;:&quot;&quot;,&quot;caption&quot;:&quot;&quot;,&quot;created_timestamp&quot;:&quot;0&quot;,&quot;copyright&quot;:&quot;&quot;,&quot;focal_length&quot;:&quot;0&quot;,&quot;iso&quot;:&quot;0&quot;,&quot;shutter_speed&quot;:&quot;0&quot;,&quot;title&quot;:&quot;&quot;,&quot;orientation&quot;:&quot;0&quot;}\" data-image-title=\"dc\" data-image-description=\"\" data-image-caption=\"\" data-medium-file=\"https:\/\/i0.wp.com\/blogdalucianaoliveira.com.br\/blog\/wp-content\/uploads\/2018\/10\/dc.png?fit=300%2C169\" data-large-file=\"https:\/\/i0.wp.com\/blogdalucianaoliveira.com.br\/blog\/wp-content\/uploads\/2018\/10\/dc.png?fit=600%2C337\" src=\"https:\/\/i0.wp.com\/blogdalucianaoliveira.com.br\/blog\/wp-content\/uploads\/2018\/10\/dc.png?resize=600%2C337\" alt=\"dc\" width=\"600\" height=\"337\" class=\"alignnone size-full wp-image-19018\" srcset=\"https:\/\/i0.wp.com\/blogdalucianaoliveira.com.br\/blog\/wp-content\/uploads\/2018\/10\/dc.png?w=600 600w, https:\/\/i0.wp.com\/blogdalucianaoliveira.com.br\/blog\/wp-content\/uploads\/2018\/10\/dc.png?resize=300%2C169 300w, https:\/\/i0.wp.com\/blogdalucianaoliveira.com.br\/blog\/wp-content\/uploads\/2018\/10\/dc.png?resize=534%2C300 534w\" sizes=\"auto, (max-width: 600px) 100vw, 600px\" \/><\/p>\n<p>PUBLICADO ORIGINALMENTE NO GOSPEL PRIME &#8211; A maioria das pesquisas dava como certa a reelei\u00e7\u00e3o de antigos \u201cmedalh\u00f5es\u201d do Congresso Nacional. Alguns especialistas chegaram a dizer que a renova\u00e7\u00e3o seria no m\u00e1ximo na casa dos 30%. Erraram.<!--more--><\/p>\n<p>No Senado, por exemplo, chegou a 87%. 46 dos 54 eleitos s\u00e3o novos. O perfil da composi\u00e7\u00e3o de senadores e deputados federais que se desenha para a nova legisla\u00e7\u00e3o \u00e9 o mais conservador desde a redemocratiza\u00e7\u00e3o.<\/p>\n<p>Esta \u201conda\u201d liderada pelo presidenci\u00e1vel Jair Bolsonaro \u00e9 melhor vista no fortalecimento do PSL, partido que em 2014 elegeu apenas um deputado. Com as migra\u00e7\u00f5es, atualmente tem 8 e nas elei\u00e7\u00f5es de 2018 formou uma bancada de 52 deputados dentre as 513 vagas, 10% do total. A primeira \u00e9 do PT, com 56.<\/p>\n<p>A nova cara do Parlamento \u00e9 vista tamb\u00e9m com a explos\u00e3o de popularidade de Eduardo Bolsonaro, filho do presidenci\u00e1vel. Ele tornou-se o deputado federal mais votado da hist\u00f3ria, com 1,8 milh\u00e3o de votos em S\u00e3o Paulo. Fl\u00e1vio, o outro filho que concorria este ano, foi o Senador mais votado pelo Rio de Janeiro.<\/p>\n<p>Ao mesmo tempo, uma s\u00e9rie de pol\u00edticos que se antagonizam ao capit\u00e3o do ex\u00e9rcito n\u00e3o se reelegeram ou tiveram vota\u00e7\u00e3o p\u00edfia. Dilma Rousseff foi derrotada na disputa pelo Senado em Minas Gerais e Jean Wyllys, que chegou a cuspir em Bolsonaro no plen\u00e1rio amargou a 77\u00aa posi\u00e7\u00e3o, com 0,32% dos votos no Rio de Janeiro. Conseguiu sua reelei\u00e7\u00e3o somente por causa do coeficiente eleitoral de sua coliga\u00e7\u00e3o.<\/p>\n<p>Em grande parte, as den\u00fancias da Lava-Jato tiveram forte efeito, e os partidos tradicionais, envolvidos com o esquema de corrup\u00e7\u00e3o, perderam muito de sua for\u00e7a, especialmente o MDB ( de 51 para 34) e o PSDB (49 para 29 agora).<\/p>\n<p>Os tucanos foram reduzidos a 24 deputados, menor bancada do partido desde 1994. J\u00e1 o MDB de Michel Temer foi reduzido pela metade: de 66 eleitos em 2014 para 33 deputados.<\/p>\n<p>Bancada Evang\u00e9lica tamb\u00e9m ser\u00e1 renovada<br \/>\nDentre as mudan\u00e7as significativas, destaca-se a tentativa frustrada de elei\u00e7\u00e3o de v\u00e1rios membros da bancada evang\u00e9lica. Seu atual presidente, Pastor Takayama (PSC\/PR) n\u00e3o voltar\u00e1 a Bras\u00edlia nos pr\u00f3ximos 4 anos.<\/p>\n<p>Alguns de seus membros mais conhecidos tamb\u00e9m tiveram uma redu\u00e7\u00e3o dr\u00e1stica de votos ou n\u00e3o tiveram \u00eaxito no pleito. O caso mais emblem\u00e1tico \u00e9 do senador Magno Malta (PR\/ES), que acabou ficando de fora.<\/p>\n<p>Acaba evidenciando-se que o eleitor n\u00e3o est\u00e1 preocupado somente com pautas morais e que o apoio da bancada a Temer, presidente mais impopular da hist\u00f3ria recente do pa\u00eds, teve um alto custo.<\/p>\n","protected":false},"excerpt":{"rendered":"<p>PUBLICADO ORIGINALMENTE NO GOSPEL PRIME &#8211; A maioria das pesquisas dava como certa a reelei\u00e7\u00e3o de antigos \u201cmedalh\u00f5es\u201d do Congresso Nacional. Alguns especialistas chegaram a dizer que a renova\u00e7\u00e3o seria no m\u00e1ximo na casa dos 30%. Erraram.<\/p>\n","protected":false},"author":1,"featured_media":0,"comment_status":"closed","ping_status":"open","sticky":false,"template":"","format":"standard","meta":{"_exactmetrics_skip_tracking":false,"_exactmetrics_sitenote_active":false,"_exactmetrics_sitenote_note":"","_exactmetrics_sitenote_category":0,"jetpack_post_was_ever_published":false,"_jetpack_newsletter_access":"","_jetpack_dont_email_post_to_subs":false,"_jetpack_newsletter_tier_id":0,"_jetpack_memberships_contains_paywalled_content":false,"_jetpack_memberships_contains_paid_content":false,"footnotes":"","jetpack_publicize_message":"","jetpack_publicize_feature_enabled":true,"jetpack_social_post_already_shared":true,"jetpack_social_options":{"image_generator_settings":{"template":"highway","enabled":false},"version":2}},"categories":[1],"tags":[],"class_list":["post-19017","post","type-post","status-publish","format-standard","hentry","category-notas"],"jetpack_publicize_connections":[],"jetpack_sharing_enabled":true,"jetpack_featured_media_url":"","jetpack_shortlink":"https:\/\/wp.me\/p7wKYW-4WJ","jetpack-related-posts":[],"_links":{"self":[{"href":"http:\/\/blogdalucianaoliveira.com.br\/blog\/wp-json\/wp\/v2\/posts\/19017","targetHints":{"allow":["GET"]}}],"collection":[{"href":"http:\/\/blogdalucianaoliveira.com.br\/blog\/wp-json\/wp\/v2\/posts"}],"about":[{"href":"http:\/\/blogdalucianaoliveira.com.br\/blog\/wp-json\/wp\/v2\/types\/post"}],"author":[{"embeddable":true,"href":"http:\/\/blogdalucianaoliveira.com.br\/blog\/wp-json\/wp\/v2\/users\/1"}],"replies":[{"embeddable":true,"href":"http:\/\/blogdalucianaoliveira.com.br\/blog\/wp-json\/wp\/v2\/comments?post=19017"}],"version-history":[{"count":1,"href":"http:\/\/blogdalucianaoliveira.com.br\/blog\/wp-json\/wp\/v2\/posts\/19017\/revisions"}],"predecessor-version":[{"id":19019,"href":"http:\/\/blogdalucianaoliveira.com.br\/blog\/wp-json\/wp\/v2\/posts\/19017\/revisions\/19019"}],"wp:attachment":[{"href":"http:\/\/blogdalucianaoliveira.com.br\/blog\/wp-json\/wp\/v2\/media?parent=19017"}],"wp:term":[{"taxonomy":"category","embeddable":true,"href":"http:\/\/blogdalucianaoliveira.com.br\/blog\/wp-json\/wp\/v2\/categories?post=19017"},{"taxonomy":"post_tag","embeddable":true,"href":"http:\/\/blogdalucianaoliveira.com.br\/blog\/wp-json\/wp\/v2\/tags?post=19017"}],"curies":[{"name":"wp","href":"https:\/\/api.w.org\/{rel}","templated":true}]}}