{"id":1902,"date":"2016-06-24T17:34:34","date_gmt":"2016-06-24T21:34:34","guid":{"rendered":"http:\/\/blogdalucianaoliveira.com.br\/blog\/?p=1902"},"modified":"2016-06-24T18:24:37","modified_gmt":"2016-06-24T22:24:37","slug":"reflexao-oportuna-sobre-o-advogado-que-foi-vitima-de-violencia-policial","status":"publish","type":"post","link":"http:\/\/blogdalucianaoliveira.com.br\/blog\/2016\/06\/24\/reflexao-oportuna-sobre-o-advogado-que-foi-vitima-de-violencia-policial\/","title":{"rendered":"Reflex\u00e3o oportuna sobre o advogado que foi v\u00edtima de viol\u00eancia policial"},"content":{"rendered":"<p><img data-recalc-dims=\"1\" loading=\"lazy\" decoding=\"async\" data-attachment-id=\"1903\" data-permalink=\"http:\/\/blogdalucianaoliveira.com.br\/blog\/2016\/06\/24\/reflexao-oportuna-sobre-o-advogado-que-foi-vitima-de-violencia-policial\/image-411\/\" data-orig-file=\"https:\/\/i0.wp.com\/blogdalucianaoliveira.com.br\/blog\/wp-content\/uploads\/2016\/06\/image-104.jpeg?fit=721%2C1280\" data-orig-size=\"721,1280\" data-comments-opened=\"0\" data-image-meta=\"{&quot;aperture&quot;:&quot;0&quot;,&quot;credit&quot;:&quot;&quot;,&quot;camera&quot;:&quot;&quot;,&quot;caption&quot;:&quot;&quot;,&quot;created_timestamp&quot;:&quot;0&quot;,&quot;copyright&quot;:&quot;&quot;,&quot;focal_length&quot;:&quot;0&quot;,&quot;iso&quot;:&quot;0&quot;,&quot;shutter_speed&quot;:&quot;0&quot;,&quot;title&quot;:&quot;&quot;,&quot;orientation&quot;:&quot;0&quot;}\" data-image-title=\"image\" data-image-description=\"\" data-image-caption=\"\" data-medium-file=\"https:\/\/i0.wp.com\/blogdalucianaoliveira.com.br\/blog\/wp-content\/uploads\/2016\/06\/image-104.jpeg?fit=169%2C300\" data-large-file=\"https:\/\/i0.wp.com\/blogdalucianaoliveira.com.br\/blog\/wp-content\/uploads\/2016\/06\/image-104.jpeg?fit=577%2C1024\" src=\"https:\/\/i0.wp.com\/blogdalucianaoliveira.com.br\/blog\/wp-content\/uploads\/2016\/06\/image-104.jpeg?resize=600%2C1065\" alt=\"image\" width=\"600\" height=\"1065\" class=\"alignnone size-full wp-image-1903\" srcset=\"https:\/\/i0.wp.com\/blogdalucianaoliveira.com.br\/blog\/wp-content\/uploads\/2016\/06\/image-104.jpeg?w=721 721w, https:\/\/i0.wp.com\/blogdalucianaoliveira.com.br\/blog\/wp-content\/uploads\/2016\/06\/image-104.jpeg?resize=169%2C300 169w, https:\/\/i0.wp.com\/blogdalucianaoliveira.com.br\/blog\/wp-content\/uploads\/2016\/06\/image-104.jpeg?resize=577%2C1024 577w\" sizes=\"auto, (max-width: 600px) 100vw, 600px\" \/><\/p>\n<p>Uma blitz da Opera\u00e7\u00e3o Lei Seca terminou com uma cena brutal de espancamento. A v\u00edtima ficou com o rosto completamente desfigurado e consta no registro da ocorr\u00eancia que as les\u00f5es foram provocadas por uma queda. <!--more--><\/p>\n<p>\u201cO conduzido caiu com o rosto ao solo, momento em que tanto o policial quanto o conduzido vieram a cair ao solo, por este motivo h\u00e1 escoria\u00e7\u00f5es no rosto do conduzido.\u201d<br \/>\nFaltou descrever a altura da queda. Uns 15 metros, talvez?<\/p>\n<p>A v\u00edtima teria agredido os policiais que reagiram com indiscut\u00edvel abuso, seguido de intenso sofrimento f\u00edsico com o emprego de viol\u00eancia. Podia ter morrido com a \u2018queda\u2019 que sofreu, como alegaram os policiais.<br \/>\nEst\u00e1 na cara que o registro da ocorr\u00eancia n\u00e3o \u00e9 verdadeiro, literalmente, na da v\u00edtima.<\/p>\n<p><img data-recalc-dims=\"1\" loading=\"lazy\" decoding=\"async\" data-attachment-id=\"1904\" data-permalink=\"http:\/\/blogdalucianaoliveira.com.br\/blog\/2016\/06\/24\/reflexao-oportuna-sobre-o-advogado-que-foi-vitima-de-violencia-policial\/image-412\/\" data-orig-file=\"https:\/\/i0.wp.com\/blogdalucianaoliveira.com.br\/blog\/wp-content\/uploads\/2016\/06\/image-105.jpeg?fit=721%2C1280\" data-orig-size=\"721,1280\" data-comments-opened=\"0\" data-image-meta=\"{&quot;aperture&quot;:&quot;0&quot;,&quot;credit&quot;:&quot;&quot;,&quot;camera&quot;:&quot;&quot;,&quot;caption&quot;:&quot;&quot;,&quot;created_timestamp&quot;:&quot;0&quot;,&quot;copyright&quot;:&quot;&quot;,&quot;focal_length&quot;:&quot;0&quot;,&quot;iso&quot;:&quot;0&quot;,&quot;shutter_speed&quot;:&quot;0&quot;,&quot;title&quot;:&quot;&quot;,&quot;orientation&quot;:&quot;0&quot;}\" data-image-title=\"image\" data-image-description=\"\" data-image-caption=\"\" data-medium-file=\"https:\/\/i0.wp.com\/blogdalucianaoliveira.com.br\/blog\/wp-content\/uploads\/2016\/06\/image-105.jpeg?fit=169%2C300\" data-large-file=\"https:\/\/i0.wp.com\/blogdalucianaoliveira.com.br\/blog\/wp-content\/uploads\/2016\/06\/image-105.jpeg?fit=577%2C1024\" src=\"https:\/\/i0.wp.com\/blogdalucianaoliveira.com.br\/blog\/wp-content\/uploads\/2016\/06\/image-105.jpeg?resize=600%2C1065\" alt=\"image\" width=\"600\" height=\"1065\" class=\"alignnone size-full wp-image-1904\" srcset=\"https:\/\/i0.wp.com\/blogdalucianaoliveira.com.br\/blog\/wp-content\/uploads\/2016\/06\/image-105.jpeg?w=721 721w, https:\/\/i0.wp.com\/blogdalucianaoliveira.com.br\/blog\/wp-content\/uploads\/2016\/06\/image-105.jpeg?resize=169%2C300 169w, https:\/\/i0.wp.com\/blogdalucianaoliveira.com.br\/blog\/wp-content\/uploads\/2016\/06\/image-105.jpeg?resize=577%2C1024 577w\" sizes=\"auto, (max-width: 600px) 100vw, 600px\" \/><\/p>\n<p>O relato \u00e9 comum, se repete diariamente nas delegacias. S\u00f3 que desta vez a v\u00edtima \u00e9 um advogado.<\/p>\n<p>\u00c9 uma diferen\u00e7a enorme, porque o advogado possui prerrogativas que um cidad\u00e3o comum n\u00e3o tem. Ningu\u00e9m sob a guarda do Estado pode ser submetido a castigo ou medida preventiva com o uso da viol\u00eancia que imponha grave amea\u00e7a \u00e0 sua integridade f\u00edsica e mental.<br \/>\nMas, felizmente, n\u00e3o \u00e9 comum vermos advogados como v\u00edtimas de tortura policial.<\/p>\n<p>O advogado agredido, inclusive quando  policial, foi condenado a indenizar familiares de um funcion\u00e1rio do Ibama que matou durante uma briga. Agora, o advogado que era policial virou v\u00edtima da pol\u00edcia. <\/p>\n<p>http:\/\/www.jornalorondoniense.com.br\/noticias.asp?cd=43262<\/p>\n<p>Precisamos refletir sobre esses tempos insanos. Nada justifica a viol\u00eancia policial, mas infelizmente muita gente acha que sim. <\/p>\n<p>Tra\u00e7o o paralelo, porque este fato inaceit\u00e1vel aconteceu no momento em que o pa\u00eds v\u00ea crescer uma onda parlamentar conservadora que despreza a crescente viol\u00eancia policial. <\/p>\n<p>H\u00e1 dez dias, divulguei que o presidente interino Michel Temer havia retirado a urg\u00eancia do Projeto de Lei 5124\/16, que estabelece procedimentos para a apura\u00e7\u00e3o de mortes envolvendo a a\u00e7\u00e3o policial.<br \/>\nAntes de ser afastada, a presidente Dilma pediu tramita\u00e7\u00e3o com urg\u00eancia constitucional ao Congresso Nacional.<\/p>\n<p>Na ocasi\u00e3o, destaquei: \u201cSegundo dados da ONG F\u00f3rum Brasileiro de Seguran\u00e7a P\u00fablica, 3.022 pessoas foram mortas por policiais no Brasil em 2014 \u2013 oito por dia. O n\u00famero representa um aumento de 37,2% em rela\u00e7\u00e3o a 2013. Entre 2008 e 2013 foram contabilizadas 11.197 v\u00edtimas de confrontos policiais em todo o Brasil. Segundo a ONG Conectas, esse n\u00famero \u00e9 maior do que o de pessoas mortas em 30 anos por todas as pol\u00edcias dos Estados Unidos, pa\u00eds com popula\u00e7\u00e3o bem maior que a brasileira.\u201d<\/p>\n<blockquote class=\"wp-embedded-content\" data-secret=\"1CJ6OHQAJX\"><p><a href=\"http:\/\/blogdalucianaoliveira.com.br\/blog\/2016\/06\/15\/policial-bandido-bom-e-policial-bandido-solto-temer-retira-urgencia-de-projeto-que-endurece-apuracao-de-mortes-por-pms\/\">Policial bandido bom \u00e9 policial bandido solto. Temer retira urg\u00eancia de projeto que endurece apura\u00e7\u00e3o de mortes por PMs<\/a><\/p><\/blockquote>\n<p><iframe loading=\"lazy\" class=\"wp-embedded-content\" sandbox=\"allow-scripts\" security=\"restricted\" style=\"position: absolute; clip: rect(1px, 1px, 1px, 1px);\" title=\"&#8220;Policial bandido bom \u00e9 policial bandido solto. Temer retira urg\u00eancia de projeto que endurece apura\u00e7\u00e3o de mortes por PMs&#8221; &#8212; Blog da Luciana Oliveira\" src=\"http:\/\/blogdalucianaoliveira.com.br\/blog\/2016\/06\/15\/policial-bandido-bom-e-policial-bandido-solto-temer-retira-urgencia-de-projeto-que-endurece-apuracao-de-mortes-por-pms\/embed\/#?secret=54NFKZIA9g#?secret=1CJ6OHQAJX\" data-secret=\"1CJ6OHQAJX\" width=\"600\" height=\"338\" frameborder=\"0\" marginwidth=\"0\" marginheight=\"0\" scrolling=\"no\"><\/iframe><\/p>\n<p>Pela reflex\u00e3o me expus a um debate insano com advogados e advogadas nas redes sociais e, inacreditavelmente, alguns e n\u00e3o importa quantos, defenderam mais rigor na a\u00e7\u00e3o da pol\u00edcia. Uma advogada teve a indec\u00eancia de escrever que direito \u00e9 pra cidad\u00e3o direito e por isso, \u00f3bvio, encerrei o debate.<\/p>\n<p>Outro, sem qualquer cerim\u00f4nia, declarou que deseja Jair Bolsonaro como presidente e, c\u00e1 pr\u00e1 n\u00f3s, n\u00e3o preciso repetir o que deputado j\u00e1 disse sobre o tipo de pol\u00edcia que quer nas ruas pra inibir a viol\u00eancia.<br \/>\nComo bacharel, tive que ler horrores nas redes sociais nos \u00faltimos dias. Tive que suportar advogados compartilhando a frase: \u201cfalou em cultura do estupro, j\u00e1 sei que \u00e9 retardada\u201d.<\/p>\n<p>Quando Bolsonaro se tornou r\u00e9u por incitar o crime de estupro, nem um, nem dois, mas v\u00e1rios advogados e advogadas consideraram injusto. E o que dizer dos que corroboram com a conceitua\u00e7\u00e3o pejorativa de que os Direitos Humanos s\u00f3 servem a bandidos? Pois \u00e9, tem muito operador do direito que fortalece esse equ\u00edvoco, prejudicando uma conquista de toda a humanidade.<\/p>\n<p>Nesses tempos medonhos, que essa agress\u00e3o brutal contra o advogado n\u00e3o fique impune, que os policiais envolvidos sejam afastados dos cargos imediatamente, mas que sirva tamb\u00e9m como reflex\u00e3o aos advogados e advogadas que promovem a trucul\u00eancia policial e fazem coro \u00e0 barb\u00e1rie.<\/p>\n<p>No debate que travei nas redes sociais com inscritos na OAB-RO, disse justamente o que a seccional pontuou na nota enviada \u00e0 imprensa, que n\u00e3o h\u00e1 nada que justifique a autoridade policial praticar conduta criminosa.<\/p>\n<p>Um advogado me provocou quanto \u00e0 &#8216;inutilidade&#8217; da defesa dos Direitos Humanos com a pergunta: &#8220;E se for v\u00edtima de bandido, voc\u00ea ainda vai dizer que Direitos Humanos s\u00e3o bons?&#8221;<\/p>\n<p>Respondi na ocasi\u00e3o: E se voc\u00ea for v\u00edtima de viol\u00eancia policial, vai dizer que Direitos Humanos s\u00e3o bons?<\/p>\n<p>Da banalidade do mal, todo advogado devia saber. <\/p>\n<p>A lei s\u00f3 \u00e9 eficaz quando \u00e9 pra todos.<br \/>\nDo contr\u00e1rio, um dia torturam um negro s\u00f3 porque \u00e9 negro e quem n\u00e3o \u00e9 negro n\u00e3o se importa e noutro, torturam um advogado e quem n\u00e3o \u00e9 advogado tamb\u00e9m n\u00e3o se importa.<\/p>\n","protected":false},"excerpt":{"rendered":"<p>Uma blitz da Opera\u00e7\u00e3o Lei Seca terminou com uma cena brutal de espancamento. A v\u00edtima ficou com o rosto completamente desfigurado e consta no registro da ocorr\u00eancia que as les\u00f5es foram provocadas por uma queda.<\/p>\n","protected":false},"author":1,"featured_media":0,"comment_status":"closed","ping_status":"open","sticky":false,"template":"","format":"standard","meta":{"_exactmetrics_skip_tracking":false,"_exactmetrics_sitenote_active":false,"_exactmetrics_sitenote_note":"","_exactmetrics_sitenote_category":0,"jetpack_post_was_ever_published":false,"_jetpack_newsletter_access":"","_jetpack_dont_email_post_to_subs":false,"_jetpack_newsletter_tier_id":0,"_jetpack_memberships_contains_paywalled_content":false,"_jetpack_memberships_contains_paid_content":false,"footnotes":"","jetpack_publicize_message":"","jetpack_publicize_feature_enabled":true,"jetpack_social_post_already_shared":true,"jetpack_social_options":{"image_generator_settings":{"template":"highway","enabled":false},"version":2}},"categories":[1],"tags":[],"class_list":["post-1902","post","type-post","status-publish","format-standard","hentry","category-notas"],"jetpack_publicize_connections":[],"jetpack_sharing_enabled":true,"jetpack_featured_media_url":"","jetpack_shortlink":"https:\/\/wp.me\/p7wKYW-uG","jetpack-related-posts":[],"_links":{"self":[{"href":"http:\/\/blogdalucianaoliveira.com.br\/blog\/wp-json\/wp\/v2\/posts\/1902","targetHints":{"allow":["GET"]}}],"collection":[{"href":"http:\/\/blogdalucianaoliveira.com.br\/blog\/wp-json\/wp\/v2\/posts"}],"about":[{"href":"http:\/\/blogdalucianaoliveira.com.br\/blog\/wp-json\/wp\/v2\/types\/post"}],"author":[{"embeddable":true,"href":"http:\/\/blogdalucianaoliveira.com.br\/blog\/wp-json\/wp\/v2\/users\/1"}],"replies":[{"embeddable":true,"href":"http:\/\/blogdalucianaoliveira.com.br\/blog\/wp-json\/wp\/v2\/comments?post=1902"}],"version-history":[{"count":5,"href":"http:\/\/blogdalucianaoliveira.com.br\/blog\/wp-json\/wp\/v2\/posts\/1902\/revisions"}],"predecessor-version":[{"id":1914,"href":"http:\/\/blogdalucianaoliveira.com.br\/blog\/wp-json\/wp\/v2\/posts\/1902\/revisions\/1914"}],"wp:attachment":[{"href":"http:\/\/blogdalucianaoliveira.com.br\/blog\/wp-json\/wp\/v2\/media?parent=1902"}],"wp:term":[{"taxonomy":"category","embeddable":true,"href":"http:\/\/blogdalucianaoliveira.com.br\/blog\/wp-json\/wp\/v2\/categories?post=1902"},{"taxonomy":"post_tag","embeddable":true,"href":"http:\/\/blogdalucianaoliveira.com.br\/blog\/wp-json\/wp\/v2\/tags?post=1902"}],"curies":[{"name":"wp","href":"https:\/\/api.w.org\/{rel}","templated":true}]}}