{"id":19020,"date":"2018-10-08T20:00:47","date_gmt":"2018-10-09T00:00:47","guid":{"rendered":"http:\/\/blogdalucianaoliveira.com.br\/blog\/?p=19020"},"modified":"2018-10-08T21:20:53","modified_gmt":"2018-10-09T01:20:53","slug":"a-onda-bolsonaro-fara-bem-ao-brasil-depois-de-muito-caldo","status":"publish","type":"post","link":"http:\/\/blogdalucianaoliveira.com.br\/blog\/2018\/10\/08\/a-onda-bolsonaro-fara-bem-ao-brasil-depois-de-muito-caldo\/","title":{"rendered":"A ONDA BOLSONARO FAR\u00c1 BEM AO BRASIL. DEPOIS DE MUITO CALDO"},"content":{"rendered":"<p><img data-recalc-dims=\"1\" loading=\"lazy\" decoding=\"async\" data-attachment-id=\"19021\" data-permalink=\"http:\/\/blogdalucianaoliveira.com.br\/blog\/2018\/10\/08\/a-onda-bolsonaro-fara-bem-ao-brasil-depois-de-muito-caldo\/coiso1\/\" data-orig-file=\"https:\/\/i0.wp.com\/blogdalucianaoliveira.com.br\/blog\/wp-content\/uploads\/2018\/10\/coiso1.jpg?fit=1024%2C683\" data-orig-size=\"1024,683\" data-comments-opened=\"0\" data-image-meta=\"{&quot;aperture&quot;:&quot;0&quot;,&quot;credit&quot;:&quot;&quot;,&quot;camera&quot;:&quot;&quot;,&quot;caption&quot;:&quot;&quot;,&quot;created_timestamp&quot;:&quot;0&quot;,&quot;copyright&quot;:&quot;&quot;,&quot;focal_length&quot;:&quot;0&quot;,&quot;iso&quot;:&quot;0&quot;,&quot;shutter_speed&quot;:&quot;0&quot;,&quot;title&quot;:&quot;&quot;,&quot;orientation&quot;:&quot;0&quot;}\" data-image-title=\"coiso1\" data-image-description=\"\" data-image-caption=\"\" data-medium-file=\"https:\/\/i0.wp.com\/blogdalucianaoliveira.com.br\/blog\/wp-content\/uploads\/2018\/10\/coiso1.jpg?fit=300%2C200\" data-large-file=\"https:\/\/i0.wp.com\/blogdalucianaoliveira.com.br\/blog\/wp-content\/uploads\/2018\/10\/coiso1.jpg?fit=600%2C400\" src=\"https:\/\/i0.wp.com\/blogdalucianaoliveira.com.br\/blog\/wp-content\/uploads\/2018\/10\/coiso1.jpg?resize=600%2C400\" alt=\"coiso1\" width=\"600\" height=\"400\" class=\"alignnone size-full wp-image-19021\" srcset=\"https:\/\/i0.wp.com\/blogdalucianaoliveira.com.br\/blog\/wp-content\/uploads\/2018\/10\/coiso1.jpg?w=1024 1024w, https:\/\/i0.wp.com\/blogdalucianaoliveira.com.br\/blog\/wp-content\/uploads\/2018\/10\/coiso1.jpg?resize=300%2C200 300w, https:\/\/i0.wp.com\/blogdalucianaoliveira.com.br\/blog\/wp-content\/uploads\/2018\/10\/coiso1.jpg?resize=768%2C512 768w, https:\/\/i0.wp.com\/blogdalucianaoliveira.com.br\/blog\/wp-content\/uploads\/2018\/10\/coiso1.jpg?resize=450%2C300 450w\" sizes=\"auto, (max-width: 600px) 100vw, 600px\" \/><br \/>\nFoto: T\u00e2nia R\u00eago\/Ag\u00eancia Brasil<\/p>\n<p>N\u00e3o pense que \u00e9 f\u00e1cil para uma militante progressista concluir que o pa\u00eds precisa estrebuchar para recuperar o vigor de sua democracia.<\/p>\n<p>Mas, convenhamos, estranho seria se n\u00e3o defendesse a soberania das urnas, por pior que seja o resultado.<!--more--><\/p>\n<p>\u00c9 muito forte a representa\u00e7\u00e3o que o PSL conquistou com Jair Bolsonaro, 52  cadeiras na C\u00e2mara contra 1 em 2014.<\/p>\n<p>Em 2010, o partido n\u00e3o tinha nenhum senador e agora tem 4.<\/p>\n<p>Entre as duas elei\u00e7\u00f5es, o n\u00famero de policiais e militares eleitos para o Legislativo saltou de 18 para 73 e destes, 43 s\u00e3o do PSL.<\/p>\n<p>Eduardo e Fl\u00e1vio Bolsonaro se elegeram com vota\u00e7\u00f5es expressivas e at\u00e9 o ex-ator porn\u00f4 Alexandre Frota, se deu bem defendendo os \u2018valores\u2019 morais, \u00e9ticos, patri\u00f3ticos e familiares de Jair.<\/p>\n<p>N\u00e3o \u00e9 uma onda, mas um tsunami que devastou a consci\u00eancia de uma parcela enorme da sociedade.<\/p>\n<p>Nos estados que ter\u00e3o segundo turno para escolha de governadores, h\u00e1 disputa pelo apoio ao presidenci\u00e1vel de extrema-direita.<\/p>\n<p>Em Rond\u00f4nia, o candidato do PSDB, Expedito J\u00fanior (ex-senador cassado), declarou apoio em sentido oposto ao de l\u00edderes tucanos como FHC e Alckmim.<\/p>\n<p>A disputa ser\u00e1 com o coronel Marcos Rocha que s\u00f3 por ser do PSL, se segurou firme na prancha quando ningu\u00e9m apostava que conseguiria surfar na onda Bolsonaro.<\/p>\n<p>O \u2018larga que \u00e9 meu\u2019 \u00e9 o triunfo da pol\u00edtica do oportunismo nestas e outras plagas.<\/p>\n<p>Passar por Bolsonaro, seus surfistas e eleitores, pode ser a \u00fanica forma de recuperarmos o medo de sermos tragados pela onda do fascismo.<\/p>\n<p>Os alertas foram dados pelos quatro  quantos do pa\u00eds e mesmo assim, a fila foi grande para o mergulho de cabe\u00e7a.<\/p>\n<p>\u00c9 melhor j\u00e1 ir se acostumando com mais viol\u00eancia, porque absolutamente nada indica que \u00e9 seguro correr o risco do presidente despreparado, mau e hip\u00f3crita.<\/p>\n<p>N\u00e3o pego essa onda que vai quebrar com viol\u00eancia e causar estragos que s\u00f3 ser\u00e3o recuperados com anos ou d\u00e9cadas.<br \/>\nOs \u2018caldos\u2019 deixar\u00e3o muitos nus e talvez os vexames, nos devolvam a vergonha. <\/p>\n<p>Parafraseando Rui Barbosa, \u201cde tanto ver triunfar as nulidades; de tanto ver prosperar a desonra, de tanto ver crescer a injusti\u00e7a. De tanto ver agigantarem-se os poderes nas m\u00e3os dos maus\u201d, recuperemos o voto consciente.<\/p>\n","protected":false},"excerpt":{"rendered":"<p>Foto: T\u00e2nia R\u00eago\/Ag\u00eancia Brasil N\u00e3o pense que \u00e9 f\u00e1cil para uma militante progressista concluir que o pa\u00eds precisa estrebuchar para recuperar o vigor de sua democracia. Mas, convenhamos, estranho seria se n\u00e3o defendesse a soberania das urnas, por pior que seja o resultado.<\/p>\n","protected":false},"author":1,"featured_media":0,"comment_status":"closed","ping_status":"open","sticky":false,"template":"","format":"standard","meta":{"_exactmetrics_skip_tracking":false,"_exactmetrics_sitenote_active":false,"_exactmetrics_sitenote_note":"","_exactmetrics_sitenote_category":0,"jetpack_post_was_ever_published":false,"_jetpack_newsletter_access":"","_jetpack_dont_email_post_to_subs":false,"_jetpack_newsletter_tier_id":0,"_jetpack_memberships_contains_paywalled_content":false,"_jetpack_memberships_contains_paid_content":false,"footnotes":"","jetpack_publicize_message":"","jetpack_publicize_feature_enabled":true,"jetpack_social_post_already_shared":true,"jetpack_social_options":{"image_generator_settings":{"template":"highway","enabled":false},"version":2}},"categories":[1],"tags":[],"class_list":["post-19020","post","type-post","status-publish","format-standard","hentry","category-notas"],"jetpack_publicize_connections":[],"jetpack_sharing_enabled":true,"jetpack_featured_media_url":"","jetpack_shortlink":"https:\/\/wp.me\/p7wKYW-4WM","jetpack-related-posts":[],"_links":{"self":[{"href":"http:\/\/blogdalucianaoliveira.com.br\/blog\/wp-json\/wp\/v2\/posts\/19020","targetHints":{"allow":["GET"]}}],"collection":[{"href":"http:\/\/blogdalucianaoliveira.com.br\/blog\/wp-json\/wp\/v2\/posts"}],"about":[{"href":"http:\/\/blogdalucianaoliveira.com.br\/blog\/wp-json\/wp\/v2\/types\/post"}],"author":[{"embeddable":true,"href":"http:\/\/blogdalucianaoliveira.com.br\/blog\/wp-json\/wp\/v2\/users\/1"}],"replies":[{"embeddable":true,"href":"http:\/\/blogdalucianaoliveira.com.br\/blog\/wp-json\/wp\/v2\/comments?post=19020"}],"version-history":[{"count":2,"href":"http:\/\/blogdalucianaoliveira.com.br\/blog\/wp-json\/wp\/v2\/posts\/19020\/revisions"}],"predecessor-version":[{"id":19023,"href":"http:\/\/blogdalucianaoliveira.com.br\/blog\/wp-json\/wp\/v2\/posts\/19020\/revisions\/19023"}],"wp:attachment":[{"href":"http:\/\/blogdalucianaoliveira.com.br\/blog\/wp-json\/wp\/v2\/media?parent=19020"}],"wp:term":[{"taxonomy":"category","embeddable":true,"href":"http:\/\/blogdalucianaoliveira.com.br\/blog\/wp-json\/wp\/v2\/categories?post=19020"},{"taxonomy":"post_tag","embeddable":true,"href":"http:\/\/blogdalucianaoliveira.com.br\/blog\/wp-json\/wp\/v2\/tags?post=19020"}],"curies":[{"name":"wp","href":"https:\/\/api.w.org\/{rel}","templated":true}]}}