{"id":19026,"date":"2018-10-09T12:02:27","date_gmt":"2018-10-09T16:02:27","guid":{"rendered":"http:\/\/blogdalucianaoliveira.com.br\/blog\/?p=19026"},"modified":"2018-10-09T12:02:27","modified_gmt":"2018-10-09T16:02:27","slug":"conheca-as-principais-diferencas-entre-bolsonaro-e-haddad","status":"publish","type":"post","link":"http:\/\/blogdalucianaoliveira.com.br\/blog\/2018\/10\/09\/conheca-as-principais-diferencas-entre-bolsonaro-e-haddad\/","title":{"rendered":"Conhe\u00e7a as principais diferen\u00e7as entre Bolsonaro e Haddad"},"content":{"rendered":"<p><img data-recalc-dims=\"1\" loading=\"lazy\" decoding=\"async\" data-attachment-id=\"19027\" data-permalink=\"http:\/\/blogdalucianaoliveira.com.br\/blog\/2018\/10\/09\/conheca-as-principais-diferencas-entre-bolsonaro-e-haddad\/eles\/\" data-orig-file=\"https:\/\/i0.wp.com\/blogdalucianaoliveira.com.br\/blog\/wp-content\/uploads\/2018\/10\/eles.jpg?fit=640%2C427\" data-orig-size=\"640,427\" data-comments-opened=\"0\" data-image-meta=\"{&quot;aperture&quot;:&quot;0&quot;,&quot;credit&quot;:&quot;&quot;,&quot;camera&quot;:&quot;&quot;,&quot;caption&quot;:&quot;&quot;,&quot;created_timestamp&quot;:&quot;0&quot;,&quot;copyright&quot;:&quot;&quot;,&quot;focal_length&quot;:&quot;0&quot;,&quot;iso&quot;:&quot;0&quot;,&quot;shutter_speed&quot;:&quot;0&quot;,&quot;title&quot;:&quot;&quot;,&quot;orientation&quot;:&quot;0&quot;}\" data-image-title=\"eles\" data-image-description=\"\" data-image-caption=\"\" data-medium-file=\"https:\/\/i0.wp.com\/blogdalucianaoliveira.com.br\/blog\/wp-content\/uploads\/2018\/10\/eles.jpg?fit=300%2C200\" data-large-file=\"https:\/\/i0.wp.com\/blogdalucianaoliveira.com.br\/blog\/wp-content\/uploads\/2018\/10\/eles.jpg?fit=600%2C400\" src=\"https:\/\/i0.wp.com\/blogdalucianaoliveira.com.br\/blog\/wp-content\/uploads\/2018\/10\/eles.jpg?resize=600%2C400\" alt=\"eles\" width=\"600\" height=\"400\" class=\"alignnone size-full wp-image-19027\" srcset=\"https:\/\/i0.wp.com\/blogdalucianaoliveira.com.br\/blog\/wp-content\/uploads\/2018\/10\/eles.jpg?w=640 640w, https:\/\/i0.wp.com\/blogdalucianaoliveira.com.br\/blog\/wp-content\/uploads\/2018\/10\/eles.jpg?resize=300%2C200 300w, https:\/\/i0.wp.com\/blogdalucianaoliveira.com.br\/blog\/wp-content\/uploads\/2018\/10\/eles.jpg?resize=450%2C300 450w\" sizes=\"auto, (max-width: 600px) 100vw, 600px\" \/><\/p>\n<p>Programas de governo dos presidenci\u00e1veis t\u00eam ra\u00edzes distintas, especialmente para a economia e os direitos humanos<!--more--><\/p>\n<p>Cristiane Sampaio<\/p>\n<p>Brasil de Fato | Bras\u00edlia (DF)<\/p>\n<p>O Brasil viver\u00e1, no pr\u00f3ximo dia 28, a segunda etapa da corrida eleitoral rumo ao Pal\u00e1cio do Planalto, com a realiza\u00e7\u00e3o do segundo turno. Pelos resultados das urnas nesse domingo (7), a escolha dos eleitores \u00e9 entre o ex-prefeito de S\u00e3o Paulo Fernando Haddad (PT) e o candidato Jair Bolsonaro (PSL), que atualmente tem mandato de deputado federal.<\/p>\n<p>O petista tem como candidata a vice a deputada estadual pelo Rio Grande do Sul Manuela d\u2019\u00c1vila (PCdoB), enquanto o l\u00edder do PSL conta com o general da reserva do Ex\u00e9rcito Hamilton Mour\u00e3o (PRTB) na disputa. O primeiro tem como slogan de campanha \u201cO Brasil feliz de novo\u201d, e o segundo, \u201cBrasil acima de tudo, Deus acima de todos\u201d.<\/p>\n<p>As duas chapas se situam em espectros distintos do cen\u00e1rio pol\u00edtico: Haddad \u00e9 um dos expoentes da esquerda e, portanto, lideran\u00e7a do campo progressista; j\u00e1 Bolsonaro, conhecido pelas ideias reacion\u00e1rias, representa um projeto pol\u00edtico de extrema-direita. Como consequ\u00eancia, os programas de governo dos dois presidenci\u00e1veis guardam diferen\u00e7as fundamentais. Veja a seguir algumas delas.<\/p>\n<p>Economia e emprego<\/p>\n<p>Haddad, que \u00e9 professor do Departamento de Ci\u00eancia Pol\u00edtica da Universidade de S\u00e3o Paulo (DCP-USP), prop\u00f5e medidas de valoriza\u00e7\u00e3o do Estado. Entre elas est\u00e3o a revoga\u00e7\u00e3o do Teto de Gastos, que limita por vinte anos os investimentos nas \u00e1reas sociais, e da reforma trabalhista, ambos de iniciativa do governo Michel Temer (MDB).<\/p>\n<p>Al\u00e9m disso, o ex-prefeito defende o fim do atual processo de privatiza\u00e7\u00f5es; o equil\u00edbrio das contas da Previd\u00eancia por meio da gera\u00e7\u00e3o de empregos e do combate \u00e0 sonega\u00e7\u00e3o; e uma reforma tribut\u00e1ria que compreenda, entre outras medidas, isen\u00e7\u00e3o de Imposto de Renda (IR) para trabalhadores com renda de at\u00e9 cinco sal\u00e1rios m\u00ednimos (cerca de R$ 4.770).<\/p>\n<p>No que se refere ao mercado de trabalho, Haddad prop\u00f5e a cria\u00e7\u00e3o de novos postos por meio do programa Meu Emprego Novo; o retorno imediato de 2.800 grandes obras que est\u00e3o paradas em todo o pa\u00eds; e a retomada do programa Minha Casa, Minha Vida. O petista tamb\u00e9m defende o fortalecimento da Petrobras.<\/p>\n<p>J\u00e1 o programa econ\u00f4mico de Bolsonaro prev\u00ea a redu\u00e7\u00e3o da m\u00e1quina do Estado e faz acenos ao mercado com propostas como: reforma da Previd\u00eancia; independ\u00eancia do Banco Central; privatiza\u00e7\u00e3o da maioria das estatais, concess\u00f5es e venda im\u00f3veis da Uni\u00e3o.<\/p>\n<p>Al\u00e9m disso, o candidato defende o fim do monop\u00f3lio da Petrobras no que se refere ao g\u00e1s natural e uma tabela de pre\u00e7os da estatal baseada no mercado internacional.<\/p>\n<p>Para o mercado de trabalho, Bolsonaro prop\u00f5e a cria\u00e7\u00e3o de uma nova carteira de trabalho, que tamb\u00e9m ter\u00e1 o contrato individual prevalecendo sobre as normas da Consolida\u00e7\u00e3o das Leis do Trabalho (CLT). Para sindicatos e outros setores populares, a medida fragiliza ainda mais os direitos da classe trabalhadora.<\/p>\n<p>Seguran\u00e7a<\/p>\n<p>Bolsonaro prop\u00f5e medidas como flexibiliza\u00e7\u00e3o da legisla\u00e7\u00e3o sobre o porte de armas; redu\u00e7\u00e3o da maioridade penal para 16 anos; e tipifica\u00e7\u00e3o de \u201cinvas\u00f5es de propriedades rurais e urbanas\u201d como terrorismo.<\/p>\n<p>J\u00e1 Haddad defende mudan\u00e7as na atual pol\u00edtica de drogas, com observa\u00e7\u00e3o das experi\u00eancias internacionais de descriminaliza\u00e7\u00e3o e regula\u00e7\u00e3o do com\u00e9rcio de entorpecentes; aprimoramento da pol\u00edtica de controle de armas; e integra\u00e7\u00e3o dos servi\u00e7os de intelig\u00eancia.<\/p>\n<p>Educa\u00e7\u00e3o e direitos reprodutivos<\/p>\n<p>Com discurso conservador, o candidato do PSL critica a educa\u00e7\u00e3o sexual, com refer\u00eancia a uma suposta tentativa de \u201cdoutrina\u00e7\u00e3o e sexualiza\u00e7\u00e3o precoce\u201d por parte de setores progressistas.<\/p>\n<p>O programa n\u00e3o menciona, por exemplo, a tem\u00e1tica do aborto, mas Bolsonaro \u00e9 conhecido defensor do impedimento de altera\u00e7\u00f5es na atual legisla\u00e7\u00e3o, que libera a pr\u00e1tica apenas em casos de estupro e gravidez de anenc\u00e9falos. Ele tamb\u00e9m n\u00e3o faz refer\u00eancia aos direitos do p\u00fablico LGBT, mas por diversas vezes j\u00e1 se pronunciou publicamente com posicionamentos homof\u00f3bicos.<\/p>\n<p>Haddad tamb\u00e9m n\u00e3o faz refer\u00eancia ao aborto, mas destaca a defesa do Estado laico e prop\u00f5e a promo\u00e7\u00e3o da sa\u00fade integral da mulher para o exerc\u00edcio dos direitos sexuais e reprodutivos, al\u00e9m do fortalecimento de uma perspectiva \u201cinclusiva, n\u00e3o sexista, n\u00e3o racista e sem discrimina\u00e7\u00e3o e viol\u00eancia contra o LGBTI+ na educa\u00e7\u00e3o e nas demais pol\u00edticas p\u00fablicas\u201d.  <\/p>\n<p>O petista defende a promo\u00e7\u00e3o da cidadania LGBT, a criminaliza\u00e7\u00e3o da LGBTfobia e a inser\u00e7\u00e3o desse  p\u00fablico no mercado de trabalho.<\/p>\n<p>Outros<\/p>\n<p>Haddad defende ainda medidas que favore\u00e7am as soberanias nacional e popular; o retorno a uma \u201cpol\u00edtica externa altiva e ativa\u201d, com base, por exemplo, na integra\u00e7\u00e3o latino-americana; reformas do Estado e do sistema de Justi\u00e7a; promo\u00e7\u00e3o da diversidade na m\u00eddia; promo\u00e7\u00e3o dos direitos dos idosos e das pessoas com defici\u00eancia; al\u00e9m da defesa dos direitos dos povos do campo, das florestas e das \u00e1guas.  <\/p>\n<p>J\u00e1 o programa de governo de Bolsonaro se manifesta em defesa da aproxima\u00e7\u00e3o diplom\u00e1tica do Brasil com pa\u00edses como Estados Unidos e Israel, critica pa\u00edses como a Venezuela e n\u00e3o menciona, por exemplo, o Mercosul. Ao contr\u00e1rio, defende \u201cacordos bilaterais\u201d.<\/p>\n<p>O candidato do PSL tamb\u00e9m n\u00e3o menciona, por exemplo, em seu programa de governo, os direitos das pessoas com defici\u00eancia.<\/p>\n<p>Al\u00e9m disso, fala em \u201cimprensa livre e independente\u201d sem mencionar, no entanto, a pluralidade midi\u00e1tica. Ao mesmo tempo, o candidato defende, em discursos e entrevistas, pr\u00e1ticas da ditadura militar, conhecida, entre outras coisas, pelo cerceamento da liberdade de imprensa.<\/p>\n<p>Edi\u00e7\u00e3o: Diego Sartorato<\/p>\n","protected":false},"excerpt":{"rendered":"<p>Programas de governo dos presidenci\u00e1veis t\u00eam ra\u00edzes distintas, especialmente para a economia e os direitos humanos<\/p>\n","protected":false},"author":1,"featured_media":0,"comment_status":"closed","ping_status":"open","sticky":false,"template":"","format":"standard","meta":{"_exactmetrics_skip_tracking":false,"_exactmetrics_sitenote_active":false,"_exactmetrics_sitenote_note":"","_exactmetrics_sitenote_category":0,"jetpack_post_was_ever_published":false,"_jetpack_newsletter_access":"","_jetpack_dont_email_post_to_subs":false,"_jetpack_newsletter_tier_id":0,"_jetpack_memberships_contains_paywalled_content":false,"_jetpack_memberships_contains_paid_content":false,"footnotes":"","jetpack_publicize_message":"","jetpack_publicize_feature_enabled":true,"jetpack_social_post_already_shared":true,"jetpack_social_options":{"image_generator_settings":{"template":"highway","enabled":false},"version":2}},"categories":[1],"tags":[],"class_list":["post-19026","post","type-post","status-publish","format-standard","hentry","category-notas"],"jetpack_publicize_connections":[],"jetpack_sharing_enabled":true,"jetpack_featured_media_url":"","jetpack_shortlink":"https:\/\/wp.me\/p7wKYW-4WS","jetpack-related-posts":[],"_links":{"self":[{"href":"http:\/\/blogdalucianaoliveira.com.br\/blog\/wp-json\/wp\/v2\/posts\/19026","targetHints":{"allow":["GET"]}}],"collection":[{"href":"http:\/\/blogdalucianaoliveira.com.br\/blog\/wp-json\/wp\/v2\/posts"}],"about":[{"href":"http:\/\/blogdalucianaoliveira.com.br\/blog\/wp-json\/wp\/v2\/types\/post"}],"author":[{"embeddable":true,"href":"http:\/\/blogdalucianaoliveira.com.br\/blog\/wp-json\/wp\/v2\/users\/1"}],"replies":[{"embeddable":true,"href":"http:\/\/blogdalucianaoliveira.com.br\/blog\/wp-json\/wp\/v2\/comments?post=19026"}],"version-history":[{"count":1,"href":"http:\/\/blogdalucianaoliveira.com.br\/blog\/wp-json\/wp\/v2\/posts\/19026\/revisions"}],"predecessor-version":[{"id":19028,"href":"http:\/\/blogdalucianaoliveira.com.br\/blog\/wp-json\/wp\/v2\/posts\/19026\/revisions\/19028"}],"wp:attachment":[{"href":"http:\/\/blogdalucianaoliveira.com.br\/blog\/wp-json\/wp\/v2\/media?parent=19026"}],"wp:term":[{"taxonomy":"category","embeddable":true,"href":"http:\/\/blogdalucianaoliveira.com.br\/blog\/wp-json\/wp\/v2\/categories?post=19026"},{"taxonomy":"post_tag","embeddable":true,"href":"http:\/\/blogdalucianaoliveira.com.br\/blog\/wp-json\/wp\/v2\/tags?post=19026"}],"curies":[{"name":"wp","href":"https:\/\/api.w.org\/{rel}","templated":true}]}}