{"id":19029,"date":"2018-10-09T12:11:22","date_gmt":"2018-10-09T16:11:22","guid":{"rendered":"http:\/\/blogdalucianaoliveira.com.br\/blog\/?p=19029"},"modified":"2018-10-09T12:12:03","modified_gmt":"2018-10-09T16:12:03","slug":"eleicoes-2018-os-desafios-de-bolsonaro-e-haddad-na-batalha-pelo-voto-do-nordeste-alvo-de-discursos-de-odio","status":"publish","type":"post","link":"http:\/\/blogdalucianaoliveira.com.br\/blog\/2018\/10\/09\/eleicoes-2018-os-desafios-de-bolsonaro-e-haddad-na-batalha-pelo-voto-do-nordeste-alvo-de-discursos-de-odio\/","title":{"rendered":"Elei\u00e7\u00f5es 2018: os desafios de Bolsonaro e Haddad na batalha pelo voto do Nordeste, alvo de discursos de \u00f3dio"},"content":{"rendered":"<p><img data-recalc-dims=\"1\" loading=\"lazy\" decoding=\"async\" data-attachment-id=\"19030\" data-permalink=\"http:\/\/blogdalucianaoliveira.com.br\/blog\/2018\/10\/09\/eleicoes-2018-os-desafios-de-bolsonaro-e-haddad-na-batalha-pelo-voto-do-nordeste-alvo-de-discursos-de-odio\/mapa-3\/\" data-orig-file=\"https:\/\/i0.wp.com\/blogdalucianaoliveira.com.br\/blog\/wp-content\/uploads\/2018\/10\/mapa.jpg?fit=660%2C371\" data-orig-size=\"660,371\" data-comments-opened=\"0\" data-image-meta=\"{&quot;aperture&quot;:&quot;0&quot;,&quot;credit&quot;:&quot;&quot;,&quot;camera&quot;:&quot;&quot;,&quot;caption&quot;:&quot;&quot;,&quot;created_timestamp&quot;:&quot;0&quot;,&quot;copyright&quot;:&quot;&quot;,&quot;focal_length&quot;:&quot;0&quot;,&quot;iso&quot;:&quot;0&quot;,&quot;shutter_speed&quot;:&quot;0&quot;,&quot;title&quot;:&quot;&quot;,&quot;orientation&quot;:&quot;0&quot;}\" data-image-title=\"mapa\" data-image-description=\"\" data-image-caption=\"\" data-medium-file=\"https:\/\/i0.wp.com\/blogdalucianaoliveira.com.br\/blog\/wp-content\/uploads\/2018\/10\/mapa.jpg?fit=300%2C169\" data-large-file=\"https:\/\/i0.wp.com\/blogdalucianaoliveira.com.br\/blog\/wp-content\/uploads\/2018\/10\/mapa.jpg?fit=600%2C337\" class=\"alignnone size-full wp-image-19030\" src=\"https:\/\/i0.wp.com\/blogdalucianaoliveira.com.br\/blog\/wp-content\/uploads\/2018\/10\/mapa.jpg?resize=600%2C337\" alt=\"mapa\" width=\"600\" height=\"337\" srcset=\"https:\/\/i0.wp.com\/blogdalucianaoliveira.com.br\/blog\/wp-content\/uploads\/2018\/10\/mapa.jpg?w=660 660w, https:\/\/i0.wp.com\/blogdalucianaoliveira.com.br\/blog\/wp-content\/uploads\/2018\/10\/mapa.jpg?resize=300%2C169 300w, https:\/\/i0.wp.com\/blogdalucianaoliveira.com.br\/blog\/wp-content\/uploads\/2018\/10\/mapa.jpg?resize=534%2C300 534w\" sizes=\"auto, (max-width: 600px) 100vw, 600px\" \/><\/p>\n<p>&nbsp;<\/p>\n<div class=\"story-body\">\n<div class=\"story-body__inner\">\n<p class=\"story-body__introduction\">O avan\u00e7o do candidato Jair Bolsonaro (PSL) na elei\u00e7\u00e3o de domingo foi contido, sobretudo, pelo voto da regi\u00e3o Nordeste, onde o ex-prefeito paulistano Fernando Haddad (PT) superou o advers\u00e1rio em todos os 9 Estados.<\/p>\n<p><!--more--><\/p>\n<\/div>\n<p>Paula Adamo Idoeta<br \/>\nDa BBC News Brasil em S\u00e3o Paulo<\/p>\n<p>O resultado, que repete o desempenho petista no Nordeste em elei\u00e7\u00f5es presidenciais anteriores, voltou a alimentar discursos de \u00f3dio nas redes sociais. Ao mesmo tempo, j\u00e1 h\u00e1 indicativos, das campanhas dos dois candidatos, que a regi\u00e3o ser\u00e1 um importante palco da disputa de votos no segundo turno.<\/p>\n<div class=\"story-body__inner\">\n<p>Para al\u00e9m de ideias pr\u00e9-concebidas, o que explica o voto em peso do Nordeste em candidatos do PT? E como isso pode ou n\u00e3o mudar no segundo turno?<\/p>\n<figure class=\"media-landscape no-caption full-width\"><span class=\"image-and-copyright-container\"><img data-recalc-dims=\"1\" loading=\"lazy\" decoding=\"async\" class=\"responsive-image__img js-image-replace\" src=\"https:\/\/i0.wp.com\/ichef.bbci.co.uk\/news\/624\/cpsprodpb\/13426\/production\/_103768887_grafico_3-nc.png?resize=600%2C409&#038;ssl=1\" alt=\"Gr\u00e1fico mostra a decomposi\u00e7\u00e3o da vota\u00e7\u00e3o de Bolsonaro, Haddad e Ciro por regi\u00e3o do Brasil\" width=\"600\" height=\"409\" data-highest-encountered-width=\"624\" \/><\/span><\/figure>\n<p>Primeiro, vamos aos n\u00fameros: dos 49 milh\u00f5es de votos em Bolsonaro, 68% vieram de eleitores do Sul e Sudeste, e apenas 15% vieram do Nordeste.<\/p>\n<p>Haddad, por sua vez, perdeu em todo o pa\u00eds, com exce\u00e7\u00e3o do Par\u00e1 e dos oito Estados do Nordeste \u2013 de onde vieram 46% de seus votos \u2013, embora sua vota\u00e7\u00e3o na regi\u00e3o tenha sido inferior \u00e0 registrada por Lula e Dilma Rousseff nas elei\u00e7\u00f5es anteriores e de, no Cear\u00e1, ele ter sido superado por Ciro Gomes (PDT) no \u00faltimo domingo.<\/p>\n<figure class=\"media-landscape has-caption full-width\"><span class=\"image-and-copyright-container\"><img data-recalc-dims=\"1\" loading=\"lazy\" decoding=\"async\" class=\"responsive-image__img js-image-replace\" src=\"https:\/\/i0.wp.com\/ichef.bbci.co.uk\/news\/624\/cpsprodpb\/50F6\/production\/_103762702_18ea5587-8e25-4778-b533-e4b457882465.jpg?resize=600%2C338&#038;ssl=1\" alt=\"Jair Bolsonaro e Fernando Haddad\" width=\"600\" height=\"338\" data-highest-encountered-width=\"624\" \/><span class=\"off-screen\">Direito de imagem<\/span><span class=\"story-image-copyright\">REUTERS<\/span><\/span><figcaption class=\"media-caption\"><span class=\"off-screen\">Image caption<\/span><span class=\"media-caption__text\">Polariza\u00e7\u00e3o entre ideias de Jair Bolsonaro e Fernando Haddad, que j\u00e1 se mostrava no primeiro turno, continua forte<\/span><\/figcaption><\/figure>\n<div id=\"comp-pattern-library\" class=\"distinct-component-group container-parrot\">\n<aside class=\"parrot\">Em artigo no Observat\u00f3rio das Elei\u00e7\u00f5es, o cientista pol\u00edtico Jairo Nicolau explica que, no in\u00edcio dos anos 2000, n\u00e3o se viam as regi\u00f5es brasileiras como redutos eleitorais. Isso mudou, diz ele, com a elei\u00e7\u00e3o de 2006, quando o ex-presidente Luiz In\u00e1cio Lula da Silva conquistou no primeiro turno 60% dos votos dos eleitores nordestinos &#8211; o maior percentual alcan\u00e7ado na hist\u00f3ria dos pleitos presidenciais por um candidato em uma determinada regi\u00e3o.<\/aside>\n<\/div>\n<p>E, desde ent\u00e3o, &#8220;foram seis turnos de vit\u00f3rias avassaladoras&#8221; petistas no Nordeste, aponta Nicolau.<\/p>\n<p>Em 2010, ap\u00f3s Dilma Rousseff vencer a elei\u00e7\u00e3o nos nove Estados nordestinos, ficou famoso o caso da estudante que postou no Twitter que &#8220;nordestino n\u00e3o \u00e9 gente. Fa\u00e7a um favor a SP, mate um nordestino afogado&#8221; (dois anos mais tarde, ela seria condenada \u00e0 pris\u00e3o por discrimina\u00e7\u00e3o ou preconceito, pena que foi convertida em presta\u00e7\u00e3o de servi\u00e7o comunit\u00e1rio e pagamento de multa).<\/p>\n<p>Neste domingo, amostras de discurso semelhante pipocaram nas redes sociais, com a ret\u00f3rica de que o voto dos eleitores da regi\u00e3o \u00e9 dado &#8220;sem pensar&#8221; e &#8220;s\u00f3 por causa do Bolsa Fam\u00edlia, porque ningu\u00e9m quer trabalhar&#8221;.<\/p>\n<p>Em rea\u00e7\u00e3o, eleitores contr\u00e1rios a Bolsonaro que vivem em outras \u00e1reas do pa\u00eds t\u00eam agradecido ao Nordeste pelo segundo turno.<\/p>\n<figure class=\"media-portrait no-caption full-width\"><span class=\"image-and-copyright-container\"><img data-recalc-dims=\"1\" loading=\"lazy\" decoding=\"async\" class=\"responsive-image__img js-image-replace\" src=\"https:\/\/i0.wp.com\/ichef.bbci.co.uk\/news\/624\/cpsprodpb\/02D6\/production\/_103762700_mapa-resultados-brasil-2018por-nc.png?resize=600%2C693&#038;ssl=1\" alt=\"Mapa mostrando qual dos pesidenci\u00e1veis venceu em cada Estado\" width=\"600\" height=\"693\" data-highest-encountered-width=\"624\" \/><\/span><\/figure>\n<h2 class=\"story-body__crosshead\">Voto e pol\u00edtica local<\/h2>\n<p>Analistas ouvidos pela BBC News Brasil apontam que o voto nordestino, embora n\u00e3o necessariamente ideol\u00f3gico, est\u00e1 ligado \u00e0 forte import\u00e2ncia de pol\u00edticas de distribui\u00e7\u00e3o de renda, a exemplo do Bolsa Fam\u00edlia, mas tamb\u00e9m de outros fatores.<\/p>\n<p>&#8220;Acredito que uma parcela (do voto em Haddad) \u00e9 reconhecimento pelas pol\u00edticas distributivas e assistenciais, al\u00e9m do elemento carism\u00e1tico de Lula, que \u00e9 forte no Brasil inteiro, mas muito mais no Nordeste&#8221;, opina Leonardo Barreto, cientista pol\u00edtico da consultoria brasiliense Factual.<\/p>\n<p>&#8220;Mas um terceiro fator \u00e9 racional mesmo: se eu eleitor preciso de pol\u00edticas distributivas, (\u00e9 natural que) vote em quem \u00e9 refer\u00eancia nessa quest\u00e3o. (&#8230;) Porque, se voltarmos no tempo, antes das pol\u00edticas (sociais implementadas nos governos petistas), o que havia para essas pessoas era apenas distribui\u00e7\u00e3o de cesta b\u00e1sica. Al\u00e9m disso, no per\u00edodo Lula, o Nordeste foi a regi\u00e3o que teve o maior crescimento. \u00c9 muito forte a utopia regressiva, de lembrar de um per\u00edodo quando a expectativa de vida melhorou.&#8221;<\/p>\n<p>Para o cientista pol\u00edtico baiano Jorge Antonio Alves, professor-assistente de Ci\u00eancias Pol\u00edticas da Universidade City de Nova York e autor de artigos estudando o voto nordestino, a pol\u00edtica local tamb\u00e9m desempenha um papel importante.<\/p>\n<figure class=\"media-landscape has-caption full-width\"><span class=\"image-and-copyright-container\"><img data-recalc-dims=\"1\" loading=\"lazy\" decoding=\"async\" class=\"responsive-image__img js-image-replace\" src=\"https:\/\/i0.wp.com\/ichef.bbci.co.uk\/news\/624\/cpsprodpb\/68F3\/production\/_103776862_nordeste-desfocado.jpg?resize=600%2C338&#038;ssl=1\" alt=\"Post no Instagram com a seguinte mensagem: &quot;Nordeste vota no PT...Depois vem pro Sul vender rede e capa de volante&quot;. \u00c9 um dos exemplos que t\u00eam sido publicados nas redes sociais como cr\u00edtica aos votos da regi\u00e3o mais favor\u00e1veis a Fernando Haddad, candidato do partido \u00e0 presid\u00eancia da Rep\u00fablica\" width=\"600\" height=\"338\" data-highest-encountered-width=\"624\" \/><span class=\"off-screen\">Direito de imagem<\/span><span class=\"story-image-copyright\">REPRODU\u00c7\u00c3O INSTAGRAM<\/span><\/span><figcaption class=\"media-caption\"><span class=\"off-screen\">Image caption<\/span><span class=\"media-caption__text\">Cr\u00edticas aos votos do Nordeste no PT se espalharam nas redes sociais ap\u00f3s o resultado do primeiro turno<\/span><\/figcaption><\/figure>\n<p>Para al\u00e9m das pol\u00edticas distributivas, Alves defende que um fator-chave para o PT ter transferido sua base eleitoral para o Nordeste \u00e9 que o partido conseguiu, em seus anos de poder, a ades\u00e3o de elites locais &#8211; ou seja, das fam\u00edlias que tradicionalmente dominaram a pol\u00edtica nordestina &#8211; a suas coaliz\u00f5es de governo, com a alavancagem de recursos estatais para obter legitimidade, mesmo que \u00e0s vezes sacrificando quest\u00f5es ideol\u00f3gicas e program\u00e1ticas.<\/p>\n<p>O apoio de governadores locais, nesse contexto, acabou sendo crucial &#8211; at\u00e9 mesmo nestas elei\u00e7\u00f5es, as vota\u00e7\u00f5es mais expressivas de Haddad vieram dos Estados que reelegeram governadores petistas em primeiro turno: a Bahia e o Piau\u00ed.<\/p>\n<p>Dito isso, ele analisa o racioc\u00ednio como sendo &#8220;&#8216;Lula est\u00e1 na pris\u00e3o, mas trouxe coisas para o sert\u00e3o que ningu\u00e9m trazia, e vou premiar (com o voto) quem nos trouxe servi\u00e7os&#8217;. Esse racioc\u00ednio \u00e9 um sinal de que a democracia est\u00e1 funcionando ou de clientelismo? \u00c9 dif\u00edcil dizer. Talvez um pouco dos dois. Tem um lado program\u00e1tico por tr\u00e1s, e tamb\u00e9m do voto em quem traz benef\u00edcios.&#8221;<\/p>\n<p>E, agrega Alves, o mesmo racioc\u00ednio talvez possa ser replicado no outro lado da disputa: &#8220;O Jair Bolsonaro recebeu tantos votos porque o eleitor est\u00e1 mais bem informado, ou por que a elite pode estar se sentindo atacada e amedrontada, em um efeito irracional e ideol\u00f3gico? Tamb\u00e9m n\u00e3o sei.&#8221;<\/p>\n<figure class=\"media-landscape has-caption full-width\"><span class=\"image-and-copyright-container\"><img data-recalc-dims=\"1\" loading=\"lazy\" decoding=\"async\" class=\"responsive-image__img js-image-replace\" src=\"https:\/\/i0.wp.com\/ichef.bbci.co.uk\/news\/624\/cpsprodpb\/1AD3\/production\/_103776860_jfcrz_abr_0608182747.jpg?resize=600%2C338&#038;ssl=1\" alt=\"Ciro Gomes\" width=\"600\" height=\"338\" data-highest-encountered-width=\"624\" \/><span class=\"off-screen\">Direito de imagem<\/span><span class=\"story-image-copyright\">JOS\u00c9 CRUZ\/AG\u00caNCIA BRASIL<\/span><\/span><figcaption class=\"media-caption\"><span class=\"off-screen\">Image caption<\/span><span class=\"media-caption__text\">Para professor, no que diz respeito ao Nordeste, a grande quest\u00e3o \u00e9 para onde migrar\u00e3o os votos de Ciro Gomes<\/span><\/figcaption><\/figure>\n<h2 class=\"story-body__crosshead\">O que pode mudar no segundo turno?<\/h2>\n<p>Agora, como as for\u00e7as em jogo podem se realinhar no segundo turno, quando o voto nordestino ser\u00e1 fortemente disputado?<\/p>\n<p>Para S\u00e9rgio Pra\u00e7a, professor e pesquisador da Escola de Ci\u00eancias Sociais da FGV-RJ, no que diz respeito ao Nordeste, a grande quest\u00e3o \u00e9 para onde migrar\u00e3o os votos de Ciro Gomes.<\/p>\n<p>No restante do pa\u00eds, a tentativa de Haddad ser\u00e1 buscar o centro, mas com o grande obst\u00e1culo de ter tido 18 milh\u00f5es de votos a menos que o advers\u00e1rio no primeiro turno.<\/p>\n<p>Barreto lembra que, mesmo tendo perdido para Haddad, Bolsonaro teve expressivos 7,5 milh\u00f5es de votos no Nordeste &#8211; e pode capitalizar em cima de sua defesa de &#8220;valores familiares&#8221; e de um discurso mais duro na quest\u00e3o da seguran\u00e7a p\u00fablica.<\/p>\n<p>&#8220;\u00c9 importante destacar que a popula\u00e7\u00e3o de baixa renda n\u00e3o raro \u00e9 mais conservadora no campo dos valores. Por fim, o Bolsonaro cresce nas capitais por causa do problema epid\u00eamico da viol\u00eancia, e o PT n\u00e3o tem uma agenda forte na seguran\u00e7a p\u00fablica&#8221;, opina.<\/p>\n<p>De todas as nove capitais nordestinas, Haddad s\u00f3 conseguiu superar Bolsonaro em tr\u00eas, Teresina, Salvador &#8211; onde o PT conseguiu eleger governadores j\u00e1 no 1\u00ba turno &#8211; e S\u00e3o Luis, por uma apertada margem, inferior a dois pontos percentuais. Nas outras cinco capitais, Bolsonaro bateu Haddad conquistando expressivas vota\u00e7\u00f5es, sendo as maiores registradas em Macei\u00f3 e Jo\u00e3o Pessoa, onde o candidato do PSL beirou 50% dos votos v\u00e1lidos com o petista conseguindo meros 20%.<\/p>\n<p>Ao mesmo tempo, para Haddad o desafio \u00e9 expandir seu eleitorado para al\u00e9m do Nordeste e modular seu discurso para atrair o eleitor do centro-sul do pa\u00eds. Barreto opina, por\u00e9m, que para os votantes centro-sulistas, a estrat\u00e9gia de mostrar-se como sucessor de Lula &#8220;acaba fragilizando Haddad&#8221;.<\/p>\n<p>Na mesma linha, Alves defende que talvez o &#8220;\u00fanico jeito&#8221; para Haddad seja &#8220;se desvencilhar do carisma de Lula&#8221;, que lhe rendeu tanto apoio do Nordeste, em favor de buscar o voto do centro, estrat\u00e9gia que, segundo analistas, talvez enfrente resist\u00eancia da ala ideol\u00f3gica do PT.<\/p>\n<h2 class=\"story-body__crosshead\">Alian\u00e7as<\/h2>\n<p>Ele agrega que o PT ainda depender\u00e1 em grande medida de suas alian\u00e7as locais para se manter forte ou mesmo crescer no Nordeste, embora nem todas estejam garantidas &#8211; partidos fortes localmente, como o PSB, n\u00e3o s\u00e3o apoios garantidos.<\/p>\n<p>Ao mesmo tempo, Alves destaca que entender o voto nordestino passa pelo mesmo processo de respeitar a pluralidade da democracia.<\/p>\n<p>&#8220;E isso \u00e9 justamente o mais dif\u00edcil da democracia, porque acabamos atacando as pessoas, em vez de a diferen\u00e7a de opini\u00f5es. \u00c9 preciso entender que, para o eleitor nordestino, a vida \u00e9 complicada de uma determinada forma que o leva a fazer um determinado c\u00e1lculo eleitoral. Assim como \u00e9 f\u00e1cil dizer que os eleitores do Bolsonaro s\u00e3o todos reacion\u00e1rios, quando parte deles provavelmente fez um c\u00e1lculo dif\u00edcil (para decidir seu voto)&#8221;, opina.<\/p>\n<\/div>\n<\/div>\n","protected":false},"excerpt":{"rendered":"<p>&nbsp; O avan\u00e7o do candidato Jair Bolsonaro (PSL) na elei\u00e7\u00e3o de domingo foi contido, sobretudo, pelo voto da regi\u00e3o Nordeste, onde o ex-prefeito paulistano Fernando Haddad (PT) superou o advers\u00e1rio em todos os 9 Estados.<\/p>\n","protected":false},"author":1,"featured_media":0,"comment_status":"closed","ping_status":"open","sticky":false,"template":"","format":"standard","meta":{"_exactmetrics_skip_tracking":false,"_exactmetrics_sitenote_active":false,"_exactmetrics_sitenote_note":"","_exactmetrics_sitenote_category":0,"jetpack_post_was_ever_published":false,"_jetpack_newsletter_access":"","_jetpack_dont_email_post_to_subs":false,"_jetpack_newsletter_tier_id":0,"_jetpack_memberships_contains_paywalled_content":false,"_jetpack_memberships_contains_paid_content":false,"footnotes":"","jetpack_publicize_message":"","jetpack_publicize_feature_enabled":true,"jetpack_social_post_already_shared":true,"jetpack_social_options":{"image_generator_settings":{"template":"highway","enabled":false},"version":2}},"categories":[1],"tags":[],"class_list":["post-19029","post","type-post","status-publish","format-standard","hentry","category-notas"],"jetpack_publicize_connections":[],"jetpack_sharing_enabled":true,"jetpack_featured_media_url":"","jetpack_shortlink":"https:\/\/wp.me\/p7wKYW-4WV","jetpack-related-posts":[],"_links":{"self":[{"href":"http:\/\/blogdalucianaoliveira.com.br\/blog\/wp-json\/wp\/v2\/posts\/19029","targetHints":{"allow":["GET"]}}],"collection":[{"href":"http:\/\/blogdalucianaoliveira.com.br\/blog\/wp-json\/wp\/v2\/posts"}],"about":[{"href":"http:\/\/blogdalucianaoliveira.com.br\/blog\/wp-json\/wp\/v2\/types\/post"}],"author":[{"embeddable":true,"href":"http:\/\/blogdalucianaoliveira.com.br\/blog\/wp-json\/wp\/v2\/users\/1"}],"replies":[{"embeddable":true,"href":"http:\/\/blogdalucianaoliveira.com.br\/blog\/wp-json\/wp\/v2\/comments?post=19029"}],"version-history":[{"count":2,"href":"http:\/\/blogdalucianaoliveira.com.br\/blog\/wp-json\/wp\/v2\/posts\/19029\/revisions"}],"predecessor-version":[{"id":19032,"href":"http:\/\/blogdalucianaoliveira.com.br\/blog\/wp-json\/wp\/v2\/posts\/19029\/revisions\/19032"}],"wp:attachment":[{"href":"http:\/\/blogdalucianaoliveira.com.br\/blog\/wp-json\/wp\/v2\/media?parent=19029"}],"wp:term":[{"taxonomy":"category","embeddable":true,"href":"http:\/\/blogdalucianaoliveira.com.br\/blog\/wp-json\/wp\/v2\/categories?post=19029"},{"taxonomy":"post_tag","embeddable":true,"href":"http:\/\/blogdalucianaoliveira.com.br\/blog\/wp-json\/wp\/v2\/tags?post=19029"}],"curies":[{"name":"wp","href":"https:\/\/api.w.org\/{rel}","templated":true}]}}