{"id":19057,"date":"2018-10-11T11:01:43","date_gmt":"2018-10-11T15:01:43","guid":{"rendered":"http:\/\/blogdalucianaoliveira.com.br\/blog\/?p=19057"},"modified":"2018-10-11T11:01:43","modified_gmt":"2018-10-11T15:01:43","slug":"trio-de-professores-e-condenado-a-pagar-r-30-mil-em-indenizacao-a-ex-reitora-da-unir-ela-prometeu-doar-o-valor","status":"publish","type":"post","link":"http:\/\/blogdalucianaoliveira.com.br\/blog\/2018\/10\/11\/trio-de-professores-e-condenado-a-pagar-r-30-mil-em-indenizacao-a-ex-reitora-da-unir-ela-prometeu-doar-o-valor\/","title":{"rendered":"Trio de professores \u00e9 condenado a pagar R$ 30 mil em indeniza\u00e7\u00e3o \u00e0 ex-reitora da UNIR; ela prometeu doar o valor"},"content":{"rendered":"<p><img data-recalc-dims=\"1\" loading=\"lazy\" decoding=\"async\" data-attachment-id=\"19058\" data-permalink=\"http:\/\/blogdalucianaoliveira.com.br\/blog\/2018\/10\/11\/trio-de-professores-e-condenado-a-pagar-r-30-mil-em-indenizacao-a-ex-reitora-da-unir-ela-prometeu-doar-o-valor\/f0aaac69-a98d-4a4e-bf5d-974478dd8881\/\" data-orig-file=\"https:\/\/i0.wp.com\/blogdalucianaoliveira.com.br\/blog\/wp-content\/uploads\/2018\/10\/F0AAAC69-A98D-4A4E-BF5D-974478DD8881.jpeg?fit=700%2C700\" data-orig-size=\"700,700\" data-comments-opened=\"0\" data-image-meta=\"{&quot;aperture&quot;:&quot;0&quot;,&quot;credit&quot;:&quot;&quot;,&quot;camera&quot;:&quot;&quot;,&quot;caption&quot;:&quot;&quot;,&quot;created_timestamp&quot;:&quot;0&quot;,&quot;copyright&quot;:&quot;&quot;,&quot;focal_length&quot;:&quot;0&quot;,&quot;iso&quot;:&quot;0&quot;,&quot;shutter_speed&quot;:&quot;0&quot;,&quot;title&quot;:&quot;&quot;,&quot;orientation&quot;:&quot;1&quot;}\" data-image-title=\"F0AAAC69-A98D-4A4E-BF5D-974478DD8881\" data-image-description=\"\" data-image-caption=\"\" data-medium-file=\"https:\/\/i0.wp.com\/blogdalucianaoliveira.com.br\/blog\/wp-content\/uploads\/2018\/10\/F0AAAC69-A98D-4A4E-BF5D-974478DD8881.jpeg?fit=300%2C300\" data-large-file=\"https:\/\/i0.wp.com\/blogdalucianaoliveira.com.br\/blog\/wp-content\/uploads\/2018\/10\/F0AAAC69-A98D-4A4E-BF5D-974478DD8881.jpeg?fit=600%2C600\" src=\"https:\/\/i0.wp.com\/blogdalucianaoliveira.com.br\/blog\/wp-content\/uploads\/2018\/10\/F0AAAC69-A98D-4A4E-BF5D-974478DD8881.jpeg?resize=600%2C600\" alt=\"F0AAAC69-A98D-4A4E-BF5D-974478DD8881\" width=\"600\" height=\"600\" class=\"alignnone size-full wp-image-19058\" srcset=\"https:\/\/i0.wp.com\/blogdalucianaoliveira.com.br\/blog\/wp-content\/uploads\/2018\/10\/F0AAAC69-A98D-4A4E-BF5D-974478DD8881.jpeg?w=700 700w, https:\/\/i0.wp.com\/blogdalucianaoliveira.com.br\/blog\/wp-content\/uploads\/2018\/10\/F0AAAC69-A98D-4A4E-BF5D-974478DD8881.jpeg?resize=150%2C150 150w, https:\/\/i0.wp.com\/blogdalucianaoliveira.com.br\/blog\/wp-content\/uploads\/2018\/10\/F0AAAC69-A98D-4A4E-BF5D-974478DD8881.jpeg?resize=300%2C300 300w\" sizes=\"auto, (max-width: 600px) 100vw, 600px\" \/><\/p>\n<p>No Rond\u00f4nia Din\u00e2mica  \u2013 A 2\u00aa Vara C\u00edvel de Porto Velho condenou os professores Fabr\u00edcio Moraes de Almeida, Pedro di T\u00e1rique Barreto Crispim e Izan Fabr\u00edcio Neves Calderaro a indenizar em R$ 30 mil a ex-reitora da Universidade Federal de Rond\u00f4nia (UNIR) Maria Berenice Alho da Costa Tourinho.<!--more--><\/p>\n<p>Ainda cabe recurso da decis\u00e3o. <\/p>\n<p>Em novembro do ano passado, a educadora prometeu doar o valor, caso a decis\u00e3o transite em julgado a seu favor, \u00e0 compra de livros e ao Hospital do C\u00e2ncer.<\/p>\n<p>O trio foi sentenciado por ter, resumidamente, acusado a professora de falsificar a revali\u00e7\u00e3o do seu diploma de doutorado, obtido em universidade estrangeira.<\/p>\n<p>Berenice Tourinho alegou, ent\u00e3o, que os tr\u00eas envolvidos protocolaram representa\u00e7\u00f5es contra a a ex-reitora em \u00f3rg\u00e3os p\u00fablicos e divulgaram no WhatsApp e por e-mail, sempre colocando em relevo que ela teria participado ou se locupletado da inusitada falsidade da revalida\u00e7\u00e3o.<\/p>\n<p>Afirmou, ainda, que a repetida postagem de uma mentira nas redes sociais \u00e9 amplificada para al\u00e9m da comunidade de interesse, \u201cpodendo se tornar uma verdade e que se os requeridos realizaram uso indevido das informa\u00e7\u00f5es e dos respectivos documentos\u201d.<\/p>\n<p>Sobre as representa\u00e7\u00f5es, o magistrado respons\u00e1vel pontuou:<\/p>\n<p>\u201c[&#8230;] analisando os fundamentos dos pedidos da autora em sua inicial, a discuss\u00e3o dos autos n\u00e3o gira em torno das representa\u00e7\u00f5es levadas a efeito pelos requeridos, mas sim pela forma como foi feita a divulga\u00e7\u00e3o das representa\u00e7\u00f5es e se h\u00e1 danos morais sofridos pela parte autora em raz\u00e3o disso\u201d.<\/p>\n<p>Em seguida, avaliou que, a despeito disso, obserou que os professores processados, na condi\u00e7\u00e3o de cidad\u00e3os, \u201cpoderiam ter apresentado as representa\u00e7\u00f5es, como o fizeram\u201d.<\/p>\n<p>\u201cObservo, ainda, que as representa\u00e7\u00f5es foram acompanhadas de seus devidos fundamentos, o que afasta ilegalidade ou abuso de direito em si. O fato de das representa\u00e7\u00f5es terem sido rejeitadas e arquivadas ap\u00f3s as an\u00e1lises pelos \u00f3rg\u00e3os competentes n\u00e3o as tornam ilegais ou abusivas\u201d.<\/p>\n<p>Por outro lado, o Poder Judici\u00e1rio entendeu, em diversos pontos da decis\u00e3o, que Fabr\u00edcio Moraes de Almeida, Pedro di T\u00e1rique Barreto Crispim e Izan Fabr\u00edcio Neves tinha a plena inten\u00e7\u00e3o de macular a imagem de Berenice Tourinho, proliferando conte\u00fado falso atrav\u00e9s de e-mails e das redes sociais mesmo sabendo que a den\u00fancia era caluniosa, sem qualquer tipo de arcabou\u00e7o probat\u00f3rio.<\/p>\n<p><img data-recalc-dims=\"1\" loading=\"lazy\" decoding=\"async\" data-attachment-id=\"19059\" data-permalink=\"http:\/\/blogdalucianaoliveira.com.br\/blog\/2018\/10\/11\/trio-de-professores-e-condenado-a-pagar-r-30-mil-em-indenizacao-a-ex-reitora-da-unir-ela-prometeu-doar-o-valor\/9c47ee53-1ea1-45de-ab54-688ae8685bd4\/\" data-orig-file=\"https:\/\/i0.wp.com\/blogdalucianaoliveira.com.br\/blog\/wp-content\/uploads\/2018\/10\/9C47EE53-1EA1-45DE-AB54-688AE8685BD4.jpeg?fit=700%2C997\" data-orig-size=\"700,997\" data-comments-opened=\"0\" data-image-meta=\"{&quot;aperture&quot;:&quot;0&quot;,&quot;credit&quot;:&quot;&quot;,&quot;camera&quot;:&quot;&quot;,&quot;caption&quot;:&quot;&quot;,&quot;created_timestamp&quot;:&quot;0&quot;,&quot;copyright&quot;:&quot;&quot;,&quot;focal_length&quot;:&quot;0&quot;,&quot;iso&quot;:&quot;0&quot;,&quot;shutter_speed&quot;:&quot;0&quot;,&quot;title&quot;:&quot;&quot;,&quot;orientation&quot;:&quot;1&quot;}\" data-image-title=\"9C47EE53-1EA1-45DE-AB54-688AE8685BD4\" data-image-description=\"\" data-image-caption=\"\" data-medium-file=\"https:\/\/i0.wp.com\/blogdalucianaoliveira.com.br\/blog\/wp-content\/uploads\/2018\/10\/9C47EE53-1EA1-45DE-AB54-688AE8685BD4.jpeg?fit=211%2C300\" data-large-file=\"https:\/\/i0.wp.com\/blogdalucianaoliveira.com.br\/blog\/wp-content\/uploads\/2018\/10\/9C47EE53-1EA1-45DE-AB54-688AE8685BD4.jpeg?fit=600%2C855\" src=\"https:\/\/i0.wp.com\/blogdalucianaoliveira.com.br\/blog\/wp-content\/uploads\/2018\/10\/9C47EE53-1EA1-45DE-AB54-688AE8685BD4.jpeg?resize=600%2C855\" alt=\"9C47EE53-1EA1-45DE-AB54-688AE8685BD4\" width=\"600\" height=\"855\" class=\"alignnone size-full wp-image-19059\" srcset=\"https:\/\/i0.wp.com\/blogdalucianaoliveira.com.br\/blog\/wp-content\/uploads\/2018\/10\/9C47EE53-1EA1-45DE-AB54-688AE8685BD4.jpeg?w=700 700w, https:\/\/i0.wp.com\/blogdalucianaoliveira.com.br\/blog\/wp-content\/uploads\/2018\/10\/9C47EE53-1EA1-45DE-AB54-688AE8685BD4.jpeg?resize=211%2C300 211w\" sizes=\"auto, (max-width: 600px) 100vw, 600px\" \/><\/p>\n","protected":false},"excerpt":{"rendered":"<p>No Rond\u00f4nia Din\u00e2mica \u2013 A 2\u00aa Vara C\u00edvel de Porto Velho condenou os professores Fabr\u00edcio Moraes de Almeida, Pedro di T\u00e1rique Barreto Crispim e Izan Fabr\u00edcio Neves Calderaro a indenizar em R$ 30 mil a ex-reitora da Universidade Federal de Rond\u00f4nia (UNIR) Maria Berenice Alho da Costa Tourinho.<\/p>\n","protected":false},"author":1,"featured_media":0,"comment_status":"closed","ping_status":"open","sticky":false,"template":"","format":"standard","meta":{"_exactmetrics_skip_tracking":false,"_exactmetrics_sitenote_active":false,"_exactmetrics_sitenote_note":"","_exactmetrics_sitenote_category":0,"jetpack_post_was_ever_published":false,"_jetpack_newsletter_access":"","_jetpack_dont_email_post_to_subs":false,"_jetpack_newsletter_tier_id":0,"_jetpack_memberships_contains_paywalled_content":false,"_jetpack_memberships_contains_paid_content":false,"footnotes":"","jetpack_publicize_message":"","jetpack_publicize_feature_enabled":true,"jetpack_social_post_already_shared":true,"jetpack_social_options":{"image_generator_settings":{"template":"highway","enabled":false},"version":2}},"categories":[1],"tags":[],"class_list":["post-19057","post","type-post","status-publish","format-standard","hentry","category-notas"],"jetpack_publicize_connections":[],"jetpack_sharing_enabled":true,"jetpack_featured_media_url":"","jetpack_shortlink":"https:\/\/wp.me\/p7wKYW-4Xn","jetpack-related-posts":[],"_links":{"self":[{"href":"http:\/\/blogdalucianaoliveira.com.br\/blog\/wp-json\/wp\/v2\/posts\/19057","targetHints":{"allow":["GET"]}}],"collection":[{"href":"http:\/\/blogdalucianaoliveira.com.br\/blog\/wp-json\/wp\/v2\/posts"}],"about":[{"href":"http:\/\/blogdalucianaoliveira.com.br\/blog\/wp-json\/wp\/v2\/types\/post"}],"author":[{"embeddable":true,"href":"http:\/\/blogdalucianaoliveira.com.br\/blog\/wp-json\/wp\/v2\/users\/1"}],"replies":[{"embeddable":true,"href":"http:\/\/blogdalucianaoliveira.com.br\/blog\/wp-json\/wp\/v2\/comments?post=19057"}],"version-history":[{"count":1,"href":"http:\/\/blogdalucianaoliveira.com.br\/blog\/wp-json\/wp\/v2\/posts\/19057\/revisions"}],"predecessor-version":[{"id":19060,"href":"http:\/\/blogdalucianaoliveira.com.br\/blog\/wp-json\/wp\/v2\/posts\/19057\/revisions\/19060"}],"wp:attachment":[{"href":"http:\/\/blogdalucianaoliveira.com.br\/blog\/wp-json\/wp\/v2\/media?parent=19057"}],"wp:term":[{"taxonomy":"category","embeddable":true,"href":"http:\/\/blogdalucianaoliveira.com.br\/blog\/wp-json\/wp\/v2\/categories?post=19057"},{"taxonomy":"post_tag","embeddable":true,"href":"http:\/\/blogdalucianaoliveira.com.br\/blog\/wp-json\/wp\/v2\/tags?post=19057"}],"curies":[{"name":"wp","href":"https:\/\/api.w.org\/{rel}","templated":true}]}}