{"id":19061,"date":"2018-10-11T18:17:28","date_gmt":"2018-10-11T22:17:28","guid":{"rendered":"http:\/\/blogdalucianaoliveira.com.br\/blog\/?p=19061"},"modified":"2018-10-11T18:17:28","modified_gmt":"2018-10-11T22:17:28","slug":"cnbb-recebe-haddad-e-se-posiciona-em-defesa-da-democracia","status":"publish","type":"post","link":"http:\/\/blogdalucianaoliveira.com.br\/blog\/2018\/10\/11\/cnbb-recebe-haddad-e-se-posiciona-em-defesa-da-democracia\/","title":{"rendered":"CNBB recebe Haddad e se posiciona em defesa da democracia"},"content":{"rendered":"<p><img data-recalc-dims=\"1\" loading=\"lazy\" decoding=\"async\" data-attachment-id=\"19062\" data-permalink=\"http:\/\/blogdalucianaoliveira.com.br\/blog\/2018\/10\/11\/cnbb-recebe-haddad-e-se-posiciona-em-defesa-da-democracia\/cn\/\" data-orig-file=\"https:\/\/i0.wp.com\/blogdalucianaoliveira.com.br\/blog\/wp-content\/uploads\/2018\/10\/cn.jpg?fit=640%2C325\" data-orig-size=\"640,325\" data-comments-opened=\"0\" data-image-meta=\"{&quot;aperture&quot;:&quot;0&quot;,&quot;credit&quot;:&quot;&quot;,&quot;camera&quot;:&quot;&quot;,&quot;caption&quot;:&quot;&quot;,&quot;created_timestamp&quot;:&quot;0&quot;,&quot;copyright&quot;:&quot;&quot;,&quot;focal_length&quot;:&quot;0&quot;,&quot;iso&quot;:&quot;0&quot;,&quot;shutter_speed&quot;:&quot;0&quot;,&quot;title&quot;:&quot;&quot;,&quot;orientation&quot;:&quot;0&quot;}\" data-image-title=\"cn\" data-image-description=\"\" data-image-caption=\"\" data-medium-file=\"https:\/\/i0.wp.com\/blogdalucianaoliveira.com.br\/blog\/wp-content\/uploads\/2018\/10\/cn.jpg?fit=300%2C152\" data-large-file=\"https:\/\/i0.wp.com\/blogdalucianaoliveira.com.br\/blog\/wp-content\/uploads\/2018\/10\/cn.jpg?fit=600%2C305\" class=\"alignnone size-full wp-image-19062\" src=\"https:\/\/i0.wp.com\/blogdalucianaoliveira.com.br\/blog\/wp-content\/uploads\/2018\/10\/cn.jpg?resize=600%2C305\" alt=\"cn\" width=\"600\" height=\"305\" srcset=\"https:\/\/i0.wp.com\/blogdalucianaoliveira.com.br\/blog\/wp-content\/uploads\/2018\/10\/cn.jpg?w=640 640w, https:\/\/i0.wp.com\/blogdalucianaoliveira.com.br\/blog\/wp-content\/uploads\/2018\/10\/cn.jpg?resize=300%2C152 300w, https:\/\/i0.wp.com\/blogdalucianaoliveira.com.br\/blog\/wp-content\/uploads\/2018\/10\/cn.jpg?resize=591%2C300 591w\" sizes=\"auto, (max-width: 600px) 100vw, 600px\" \/><\/p>\n<p>Candidato do PT solicitou apoio da comunidade cat\u00f3lica para combater a onda de fake news durante segundo turno<!--more--><\/p>\n<p>Cristiane Sampaio<\/p>\n<p>Brasil de Fato | Bras\u00edlia (DF)<\/p>\n<p>Em reuni\u00e3o realizada na manh\u00e3 desta quinta-feira (11) com a Confer\u00eancia Nacional dos Bispos do Brasil (CNBB), em Bras\u00edlia (DF), o candidato \u00e0 Presid\u00eancia da Rep\u00fablica Fernando Haddad (PT) se comprometeu a cumprir pontos considerados centrais para a comunidade cat\u00f3lica nas elei\u00e7\u00f5es 2018, em caso de vit\u00f3ria da chapa PT\/PCdoB no segundo turno.<\/p>\n<p>Haddad encontrou-se com o secret\u00e1rio-geral da entidade, dom Leonardo Steiner, que pediu compromisso com cinco pautas espec\u00edficas.<\/p>\n<p>A primeira delas diz respeito \u00e0 atua\u00e7\u00e3o do Estado para combater a cultura da viol\u00eancia no pa\u00eds; a segunda \u00e9 o fortalecimento das institui\u00e7\u00f5es democr\u00e1ticas; em seguida, vem o fortalecimento dos \u00f3rg\u00e3os de combate \u00e0 corrup\u00e7\u00e3o, como Pol\u00edcia Federal, Minist\u00e9rio P\u00fablico e Poder Judici\u00e1rio, para que continuem recebendo apoio do Executivo, mantenham a autonomia e a independ\u00eancia e ajudem a preservar a democracia no pa\u00eds.<\/p>\n<p>O quarto ponto ressaltado pela CNBB trata do compromisso com o meio ambiente, com base no combate \u00e0 devasta\u00e7\u00e3o ambiental, na preserva\u00e7\u00e3o dos recursos naturais e no controle das emiss\u00f5es de carbono. O \u00faltimo diz respeito ao compromisso com a preserva\u00e7\u00e3o da vida, considerada o maior de todos os princ\u00edpios crist\u00e3os.<\/p>\n<p>Dom Leonardo Steiner n\u00e3o falou \u00e0 imprensa ap\u00f3s a reuni\u00e3o, mas Haddad informou que n\u00e3o h\u00e1, para os cat\u00f3licos, uma hierarquia entre os cinco pontos, que seriam considerados igualmente relevantes.<\/p>\n<p>\u201cNosso programa de governo prev\u00ea a\u00e7\u00f5es alinhadas com esses princ\u00edpios e n\u00f3s, recebendo novos subs\u00eddios e sugest\u00f5es, vamos aprimor\u00e1-lo, no que for poss\u00edvel, nessa mesma linha. Porque os princ\u00edpios est\u00e3o todos de acordo com o que imaginamos ser uma sociedade civilizada, da paz e dos direitos\u201d, afirmou.<\/p>\n<p>A CNBB j\u00e1 havia se manifestado em rela\u00e7\u00e3o \u00e0s elei\u00e7\u00f5es, na \u00faltima segunda (8), quando, em entrevista ao portal UOL, Steiner pediu que os eleitores cat\u00f3licos observem os candidatos que contribuem para a democracia.<\/p>\n<p>Na ocasi\u00e3o, o religioso disse que os padres n\u00e3o devem defender um candidato espec\u00edfico, mas defendem a import\u00e2ncia da preserva\u00e7\u00e3o do sistema democr\u00e1tico.  <\/p>\n<p>Outro tema que tem preocupado a igreja s\u00e3o as medidas de austeridade, como o Teto de Gastos e a reforma trabalhista, ambas iniciativas de Michel Temer (MDB). Segundo Haddad, esses pontos tamb\u00e9m foram abordados pela CNBB durante a reuni\u00e3o e o candidato se comprometeu a revogar tais medidas, caso seja eleito.<\/p>\n<p>Fake news &#038; Bolsonaro<\/p>\n<p>O candidato do PT tamb\u00e9m informou que pediu ao secret\u00e1rio-geral da CNBB que fizesse um alerta ao p\u00fablico sobre a necessidade de um cuidado maior com informa\u00e7\u00f5es que circulam na internet: \u201cN\u00e3o \u00e9 pra inibir o fluxo de informa\u00e7\u00f5es, mas pra checar antes se aquilo \u00e9 verdade ou n\u00e3o. Se for, as pessoas t\u00eam que saber, mas, se n\u00e3o for, elas t\u00eam que ter o compromisso de barrar a propaga\u00e7\u00e3o da mentira\u201d.<\/p>\n<p>A afirma\u00e7\u00e3o \u00e9 uma refer\u00eancia \u00e0 onda de fake news que tem se alastrado pelo pa\u00eds, especialmente via grupos de WhatsApp. A chapa do petista tem sido alvo de diferentes conte\u00fados falsos na internet.<\/p>\n<p>Na \u00faltima segunda (8), por exemplo, o Tribunal Superior Eleitoral (TSE), determinou a retirada imediata de 33 links do Facebook que criticavam a chapa PT\/PCdoB com base em informa\u00e7\u00f5es falsas. Os posts tiveram amplo alcance, com mais de 146 mil compartilhamentos e cerca de 5,1 milh\u00f5es de visualiza\u00e7\u00f5es.<\/p>\n<p>\u201cN\u00f3s temos que ganhar a elei\u00e7\u00e3o por meio do  melhor projeto, do melhor argumento, de como tirar o pa\u00eds da crise, e n\u00e3o atacando a honra das pessoas com informa\u00e7\u00f5es falsas. Usar a mentira pra ganhar voto n\u00e3o me parece recomend\u00e1vel no Estado democr\u00e1tico de direito\u201d, afirmou Haddad.  <\/p>\n<p>O petista tamb\u00e9m comentou a recente ideia apresentada por Jair Bolsonaro (PSL) de implanta\u00e7\u00e3o de um 13\u00ba para o Bolsa Fam\u00edlia.<\/p>\n<p>A proposta foi interpretada como um aceno aos eleitores do Nordeste, onde 29,3% dos domic\u00edlios recebe o benef\u00edcio, segundo dados do IBGE de 2017. A regi\u00e3o \u00e9 tamb\u00e9m a \u00fanica onde Bolsonaro perdeu para o petista em n\u00famero de votos no primeiro turno em todos os estados.<\/p>\n<p>Haddad lembrou a atua\u00e7\u00e3o do candidato de extrema direita na C\u00e2mara dos Deputados, onde ele tem mandato h\u00e1 28 anos, e destacou que, em 2015, Bolsonaro votou contra o projeto que criou a Lei Brasileira de Inclus\u00e3o (LBI), formulada com o objetivo de proteger pessoas com defici\u00eancia.<\/p>\n<p>O petista tamb\u00e9m lembrou o apoio do l\u00edder do PSL a medidas como a reforma trabalhista e o Teto de Gastos.<\/p>\n<p>\u201cS\u00f3 vota contra o trabalhador e agora quer dar um cavalo de pau e dizer que defende os pobres?\u201d, questionou o ex-prefeito.<\/p>\n<p>Datafolha<\/p>\n<p>Na ocasi\u00e3o da coletiva concedida \u00e0 imprensa em Bras\u00edlia, Fernando Haddad tamb\u00e9m comentou a pesquisa Datafolha divulgada nessa quarta-feira (10). De acordo com o levantamento, o petista teria atualmente 42% dos votos v\u00e1lidos, enquanto Jair Bolsonaro (PSL) estaria com 58%.<\/p>\n<p>Haddad agradeceu o apoio que teve do eleitorado no primeiro turno e disse que se sente confiante em rela\u00e7\u00e3o \u00e0 segunda fase da disputa.<\/p>\n<p>\u201cEu sou candidato h\u00e1 trinta dias, sa\u00ed de 4% das inten\u00e7\u00f5es de voto e estou com 42% e nem come\u00e7ou o segundo turno, que come\u00e7a agora sexta-feira, Por isso, me sinto estimulado\u201d, disse.<\/p>\n<p>Por fim, o candidato informou que a chapa PT\/PCdoB trabalha atualmente na formula\u00e7\u00e3o da estrat\u00e9gia de campanha a ser adotada durante o segundo turno. Segundo normas definidas pelo TSE, os programas e r\u00e1dio e TV recome\u00e7am nesta sexta (12) e seguem at\u00e9 o dia 26 de outubro, antev\u00e9spera da vota\u00e7\u00e3o.  <\/p>\n<p>CNBB<\/p>\n<p>Em nota divulgada nesta tarde \u00e0 imprensa, dom Leonardo Steiner ressaltou que Haddad n\u00e3o foi \u00e0 sede da CNBB para pedir apoio e esclareceu que a entidade n\u00e3o tem partido nem candidato.<\/p>\n<p>\u201cA Confer\u00eancia Nacional dos Bispos do Brasil (CNBB) \u00e9 uma institui\u00e7\u00e3o aberta ao di\u00e1logo com pessoas e grupos da sociedade brasileira. \u00c9 comum, em per\u00edodo eleitoral, que candidatos de diversos partidos e grupos pol\u00edticos solicitem agenda e sejam recebidos. O candidato exp\u00f4s suas propostas de governo e sua preocupa\u00e7\u00e3o com o Brasil. Da minha parte, abordei com o candidato assuntos que preocupam os bispos do Brasil\u201d, disse o religioso.<\/p>\n<p>Edi\u00e7\u00e3o: Daniel Giovanaz<\/p>\n","protected":false},"excerpt":{"rendered":"<p>Candidato do PT solicitou apoio da comunidade cat\u00f3lica para combater a onda de fake news durante segundo turno<\/p>\n","protected":false},"author":1,"featured_media":0,"comment_status":"closed","ping_status":"open","sticky":false,"template":"","format":"standard","meta":{"_exactmetrics_skip_tracking":false,"_exactmetrics_sitenote_active":false,"_exactmetrics_sitenote_note":"","_exactmetrics_sitenote_category":0,"jetpack_post_was_ever_published":false,"_jetpack_newsletter_access":"","_jetpack_dont_email_post_to_subs":false,"_jetpack_newsletter_tier_id":0,"_jetpack_memberships_contains_paywalled_content":false,"_jetpack_memberships_contains_paid_content":false,"footnotes":"","jetpack_publicize_message":"","jetpack_publicize_feature_enabled":true,"jetpack_social_post_already_shared":true,"jetpack_social_options":{"image_generator_settings":{"template":"highway","enabled":false},"version":2}},"categories":[1],"tags":[],"class_list":["post-19061","post","type-post","status-publish","format-standard","hentry","category-notas"],"jetpack_publicize_connections":[],"jetpack_sharing_enabled":true,"jetpack_featured_media_url":"","jetpack_shortlink":"https:\/\/wp.me\/p7wKYW-4Xr","jetpack-related-posts":[],"_links":{"self":[{"href":"http:\/\/blogdalucianaoliveira.com.br\/blog\/wp-json\/wp\/v2\/posts\/19061","targetHints":{"allow":["GET"]}}],"collection":[{"href":"http:\/\/blogdalucianaoliveira.com.br\/blog\/wp-json\/wp\/v2\/posts"}],"about":[{"href":"http:\/\/blogdalucianaoliveira.com.br\/blog\/wp-json\/wp\/v2\/types\/post"}],"author":[{"embeddable":true,"href":"http:\/\/blogdalucianaoliveira.com.br\/blog\/wp-json\/wp\/v2\/users\/1"}],"replies":[{"embeddable":true,"href":"http:\/\/blogdalucianaoliveira.com.br\/blog\/wp-json\/wp\/v2\/comments?post=19061"}],"version-history":[{"count":1,"href":"http:\/\/blogdalucianaoliveira.com.br\/blog\/wp-json\/wp\/v2\/posts\/19061\/revisions"}],"predecessor-version":[{"id":19063,"href":"http:\/\/blogdalucianaoliveira.com.br\/blog\/wp-json\/wp\/v2\/posts\/19061\/revisions\/19063"}],"wp:attachment":[{"href":"http:\/\/blogdalucianaoliveira.com.br\/blog\/wp-json\/wp\/v2\/media?parent=19061"}],"wp:term":[{"taxonomy":"category","embeddable":true,"href":"http:\/\/blogdalucianaoliveira.com.br\/blog\/wp-json\/wp\/v2\/categories?post=19061"},{"taxonomy":"post_tag","embeddable":true,"href":"http:\/\/blogdalucianaoliveira.com.br\/blog\/wp-json\/wp\/v2\/tags?post=19061"}],"curies":[{"name":"wp","href":"https:\/\/api.w.org\/{rel}","templated":true}]}}