{"id":1907,"date":"2016-06-24T17:57:38","date_gmt":"2016-06-24T21:57:38","guid":{"rendered":"http:\/\/blogdalucianaoliveira.com.br\/blog\/?p=1907"},"modified":"2016-06-24T17:57:38","modified_gmt":"2016-06-24T21:57:38","slug":"oab-ro-emite-nota-de-repudio-por-violencia-contra-advogado","status":"publish","type":"post","link":"http:\/\/blogdalucianaoliveira.com.br\/blog\/2016\/06\/24\/oab-ro-emite-nota-de-repudio-por-violencia-contra-advogado\/","title":{"rendered":"OAB-RO emite nota de rep\u00fadio por viol\u00eancia contra advogado"},"content":{"rendered":"<p><img data-recalc-dims=\"1\" loading=\"lazy\" decoding=\"async\" data-attachment-id=\"1908\" data-permalink=\"http:\/\/blogdalucianaoliveira.com.br\/blog\/2016\/06\/24\/oab-ro-emite-nota-de-repudio-por-violencia-contra-advogado\/image-413\/\" data-orig-file=\"https:\/\/i0.wp.com\/blogdalucianaoliveira.com.br\/blog\/wp-content\/uploads\/2016\/06\/image-106.jpeg?fit=1280%2C960\" data-orig-size=\"1280,960\" data-comments-opened=\"0\" data-image-meta=\"{&quot;aperture&quot;:&quot;0&quot;,&quot;credit&quot;:&quot;&quot;,&quot;camera&quot;:&quot;&quot;,&quot;caption&quot;:&quot;&quot;,&quot;created_timestamp&quot;:&quot;0&quot;,&quot;copyright&quot;:&quot;&quot;,&quot;focal_length&quot;:&quot;0&quot;,&quot;iso&quot;:&quot;0&quot;,&quot;shutter_speed&quot;:&quot;0&quot;,&quot;title&quot;:&quot;&quot;,&quot;orientation&quot;:&quot;1&quot;}\" data-image-title=\"image\" data-image-description=\"\" data-image-caption=\"\" data-medium-file=\"https:\/\/i0.wp.com\/blogdalucianaoliveira.com.br\/blog\/wp-content\/uploads\/2016\/06\/image-106.jpeg?fit=300%2C225\" data-large-file=\"https:\/\/i0.wp.com\/blogdalucianaoliveira.com.br\/blog\/wp-content\/uploads\/2016\/06\/image-106.jpeg?fit=600%2C450\" src=\"https:\/\/i0.wp.com\/blogdalucianaoliveira.com.br\/blog\/wp-content\/uploads\/2016\/06\/image-106.jpeg?resize=600%2C450\" alt=\"image\" width=\"600\" height=\"450\" class=\"alignnone size-full wp-image-1908\" srcset=\"https:\/\/i0.wp.com\/blogdalucianaoliveira.com.br\/blog\/wp-content\/uploads\/2016\/06\/image-106.jpeg?w=1280 1280w, https:\/\/i0.wp.com\/blogdalucianaoliveira.com.br\/blog\/wp-content\/uploads\/2016\/06\/image-106.jpeg?resize=300%2C225 300w, https:\/\/i0.wp.com\/blogdalucianaoliveira.com.br\/blog\/wp-content\/uploads\/2016\/06\/image-106.jpeg?resize=768%2C576 768w, https:\/\/i0.wp.com\/blogdalucianaoliveira.com.br\/blog\/wp-content\/uploads\/2016\/06\/image-106.jpeg?resize=1024%2C768 1024w, https:\/\/i0.wp.com\/blogdalucianaoliveira.com.br\/blog\/wp-content\/uploads\/2016\/06\/image-106.jpeg?resize=400%2C300 400w, https:\/\/i0.wp.com\/blogdalucianaoliveira.com.br\/blog\/wp-content\/uploads\/2016\/06\/image-106.jpeg?w=1200 1200w\" sizes=\"auto, (max-width: 600px) 100vw, 600px\" \/><\/p>\n<p>NOTA DE REP\u00daDIO<!--more--><\/p>\n<p>A Seccional de Rond\u00f4nia da Ordem dos Advogados do Brasil vem a p\u00fablico repudiar com veem\u00eancia os atos de viol\u00eancia f\u00edsica, psicol\u00f3gica e moral praticados, nas primeira horas da manh\u00e3 de hoje, por policiais militares do Estado de Rond\u00f4nia contra um advogado e, antes de tudo, um cidad\u00e3o, infligindo-lhe graves les\u00f5es, tudo a indicar a abomin\u00e1vel pr\u00e1tica de tortura. <\/p>\n<p>Numa sociedade minimamente civilizada, tanto mais num estado que se quer democr\u00e1tico e de direito, o uso da for\u00e7a por agentes estatais deve sempre guardar modera\u00e7\u00e3o, somente se justificando se necess\u00e1rio e na exata medida para a conten\u00e7\u00e3o. <\/p>\n<p>Os relatos e imagens do ocorrido evidenciam conduta das autoridades policiais mais que criminosa, um inaceit\u00e1vel atentado a garantias fundamentais que n\u00e3o se admitir\u00e1 passe em branco.<\/p>\n<p>A OABRO, por sua Diretoria e Comiss\u00f5es de Defesa das Prerrogativas e de Direitos Humanos est\u00e1 prestando a devida assist\u00eancia e acompanhamento do caso desde o in\u00edcio da manh\u00e3, j\u00e1 tendo adotado medidas imediatas para a exata e pronta apura\u00e7\u00e3o, a fim de que os ofensores sejam exemplarmente punidos.<\/p>\n<p>\u00c9 imperioso que o Estado de Rond\u00f4nia, por suas autoridades constitu\u00eddas, trate o caso com a gravidade que inequivocamente apresenta, provendo resposta \u00e1gil e que traduza mensagem clara \u00e0 sociedade de que condutas com essa n\u00e3o ser\u00e3o toleradas. A OABRO permanecer\u00e1 em estado de alerta. <\/p>\n<p>Andrey Cavalcante<br \/>\nPresidente da Ordem dos Advogados do Brasil<\/p>\n","protected":false},"excerpt":{"rendered":"<p>NOTA DE REP\u00daDIO<\/p>\n","protected":false},"author":1,"featured_media":0,"comment_status":"closed","ping_status":"open","sticky":false,"template":"","format":"standard","meta":{"_exactmetrics_skip_tracking":false,"_exactmetrics_sitenote_active":false,"_exactmetrics_sitenote_note":"","_exactmetrics_sitenote_category":0,"jetpack_post_was_ever_published":false,"_jetpack_newsletter_access":"","_jetpack_dont_email_post_to_subs":false,"_jetpack_newsletter_tier_id":0,"_jetpack_memberships_contains_paywalled_content":false,"_jetpack_memberships_contains_paid_content":false,"footnotes":"","jetpack_publicize_message":"","jetpack_publicize_feature_enabled":true,"jetpack_social_post_already_shared":true,"jetpack_social_options":{"image_generator_settings":{"template":"highway","enabled":false},"version":2}},"categories":[1],"tags":[],"class_list":["post-1907","post","type-post","status-publish","format-standard","hentry","category-notas"],"jetpack_publicize_connections":[],"jetpack_sharing_enabled":true,"jetpack_featured_media_url":"","jetpack_shortlink":"https:\/\/wp.me\/p7wKYW-uL","jetpack-related-posts":[],"_links":{"self":[{"href":"http:\/\/blogdalucianaoliveira.com.br\/blog\/wp-json\/wp\/v2\/posts\/1907","targetHints":{"allow":["GET"]}}],"collection":[{"href":"http:\/\/blogdalucianaoliveira.com.br\/blog\/wp-json\/wp\/v2\/posts"}],"about":[{"href":"http:\/\/blogdalucianaoliveira.com.br\/blog\/wp-json\/wp\/v2\/types\/post"}],"author":[{"embeddable":true,"href":"http:\/\/blogdalucianaoliveira.com.br\/blog\/wp-json\/wp\/v2\/users\/1"}],"replies":[{"embeddable":true,"href":"http:\/\/blogdalucianaoliveira.com.br\/blog\/wp-json\/wp\/v2\/comments?post=1907"}],"version-history":[{"count":1,"href":"http:\/\/blogdalucianaoliveira.com.br\/blog\/wp-json\/wp\/v2\/posts\/1907\/revisions"}],"predecessor-version":[{"id":1909,"href":"http:\/\/blogdalucianaoliveira.com.br\/blog\/wp-json\/wp\/v2\/posts\/1907\/revisions\/1909"}],"wp:attachment":[{"href":"http:\/\/blogdalucianaoliveira.com.br\/blog\/wp-json\/wp\/v2\/media?parent=1907"}],"wp:term":[{"taxonomy":"category","embeddable":true,"href":"http:\/\/blogdalucianaoliveira.com.br\/blog\/wp-json\/wp\/v2\/categories?post=1907"},{"taxonomy":"post_tag","embeddable":true,"href":"http:\/\/blogdalucianaoliveira.com.br\/blog\/wp-json\/wp\/v2\/tags?post=1907"}],"curies":[{"name":"wp","href":"https:\/\/api.w.org\/{rel}","templated":true}]}}