{"id":19079,"date":"2018-10-15T09:52:59","date_gmt":"2018-10-15T13:52:59","guid":{"rendered":"http:\/\/blogdalucianaoliveira.com.br\/blog\/?p=19079"},"modified":"2018-10-15T09:52:59","modified_gmt":"2018-10-15T13:52:59","slug":"quem-fica-em-cima-do-muro-pode-ser-rasgado-ao-meio","status":"publish","type":"post","link":"http:\/\/blogdalucianaoliveira.com.br\/blog\/2018\/10\/15\/quem-fica-em-cima-do-muro-pode-ser-rasgado-ao-meio\/","title":{"rendered":"Quem fica em cima do muro pode ser rasgado ao meio"},"content":{"rendered":"<p><img data-recalc-dims=\"1\" loading=\"lazy\" decoding=\"async\" data-attachment-id=\"19080\" data-permalink=\"http:\/\/blogdalucianaoliveira.com.br\/blog\/2018\/10\/15\/quem-fica-em-cima-do-muro-pode-ser-rasgado-ao-meio\/e739d706-df44-4459-a8bf-dc7c85a6fbc8\/\" data-orig-file=\"https:\/\/i0.wp.com\/blogdalucianaoliveira.com.br\/blog\/wp-content\/uploads\/2018\/10\/E739D706-DF44-4459-A8BF-DC7C85A6FBC8.jpeg?fit=310%2C146\" data-orig-size=\"310,146\" data-comments-opened=\"0\" data-image-meta=\"{&quot;aperture&quot;:&quot;0&quot;,&quot;credit&quot;:&quot;&quot;,&quot;camera&quot;:&quot;&quot;,&quot;caption&quot;:&quot;&quot;,&quot;created_timestamp&quot;:&quot;0&quot;,&quot;copyright&quot;:&quot;&quot;,&quot;focal_length&quot;:&quot;0&quot;,&quot;iso&quot;:&quot;0&quot;,&quot;shutter_speed&quot;:&quot;0&quot;,&quot;title&quot;:&quot;&quot;,&quot;orientation&quot;:&quot;1&quot;}\" data-image-title=\"E739D706-DF44-4459-A8BF-DC7C85A6FBC8\" data-image-description=\"\" data-image-caption=\"\" data-medium-file=\"https:\/\/i0.wp.com\/blogdalucianaoliveira.com.br\/blog\/wp-content\/uploads\/2018\/10\/E739D706-DF44-4459-A8BF-DC7C85A6FBC8.jpeg?fit=300%2C141\" data-large-file=\"https:\/\/i0.wp.com\/blogdalucianaoliveira.com.br\/blog\/wp-content\/uploads\/2018\/10\/E739D706-DF44-4459-A8BF-DC7C85A6FBC8.jpeg?fit=310%2C146\" src=\"https:\/\/i0.wp.com\/blogdalucianaoliveira.com.br\/blog\/wp-content\/uploads\/2018\/10\/E739D706-DF44-4459-A8BF-DC7C85A6FBC8.jpeg?resize=310%2C146\" alt=\"E739D706-DF44-4459-A8BF-DC7C85A6FBC8\" width=\"310\" height=\"146\" class=\"alignnone size-full wp-image-19080\" srcset=\"https:\/\/i0.wp.com\/blogdalucianaoliveira.com.br\/blog\/wp-content\/uploads\/2018\/10\/E739D706-DF44-4459-A8BF-DC7C85A6FBC8.jpeg?w=310 310w, https:\/\/i0.wp.com\/blogdalucianaoliveira.com.br\/blog\/wp-content\/uploads\/2018\/10\/E739D706-DF44-4459-A8BF-DC7C85A6FBC8.jpeg?resize=300%2C141 300w\" sizes=\"auto, (max-width: 310px) 100vw, 310px\" \/><\/p>\n<p>Estou realmente triste com quem deveria se manifestar contra a onda reacion\u00e1ria e se cala.<!--more--><\/p>\n<p>A obviedade dos que perderam a elei\u00e7\u00e3o, mas tiveram milhares de votos e querem manter \u2018simpatia\u2019 dos eleitores pra engabela\u00e7\u00e3o futura, \u00e9 monstruosa. <\/p>\n<p>Dos que querem votos no segundo turno, fuleiragem pura. <\/p>\n<p>E tem ainda a neutralidade antipetista, a demasiada insanidade. <\/p>\n<p>Aplaudo quem d\u00e1 voto \u00fatil ao Brasil. <\/p>\n<p>Aplaudo Jo\u00e3o Filho que escreveu:<\/p>\n<p>\u201cDiante do quadro terr\u00edvel que se avizinha, h\u00e1 quem ache razo\u00e1vel se manter neutro. A neutralidade virou o ref\u00fagio dos covardes. A hist\u00f3ria cobrar\u00e1 caro.\u201d<\/p>\n","protected":false},"excerpt":{"rendered":"<p>Estou realmente triste com quem deveria se manifestar contra a onda reacion\u00e1ria e se cala.<\/p>\n","protected":false},"author":1,"featured_media":0,"comment_status":"closed","ping_status":"open","sticky":false,"template":"","format":"standard","meta":{"_exactmetrics_skip_tracking":false,"_exactmetrics_sitenote_active":false,"_exactmetrics_sitenote_note":"","_exactmetrics_sitenote_category":0,"jetpack_post_was_ever_published":false,"_jetpack_newsletter_access":"","_jetpack_dont_email_post_to_subs":false,"_jetpack_newsletter_tier_id":0,"_jetpack_memberships_contains_paywalled_content":false,"_jetpack_memberships_contains_paid_content":false,"footnotes":"","jetpack_publicize_message":"","jetpack_publicize_feature_enabled":true,"jetpack_social_post_already_shared":true,"jetpack_social_options":{"image_generator_settings":{"template":"highway","enabled":false},"version":2}},"categories":[1],"tags":[],"class_list":["post-19079","post","type-post","status-publish","format-standard","hentry","category-notas"],"jetpack_publicize_connections":[],"jetpack_sharing_enabled":true,"jetpack_featured_media_url":"","jetpack_shortlink":"https:\/\/wp.me\/p7wKYW-4XJ","jetpack-related-posts":[],"_links":{"self":[{"href":"http:\/\/blogdalucianaoliveira.com.br\/blog\/wp-json\/wp\/v2\/posts\/19079","targetHints":{"allow":["GET"]}}],"collection":[{"href":"http:\/\/blogdalucianaoliveira.com.br\/blog\/wp-json\/wp\/v2\/posts"}],"about":[{"href":"http:\/\/blogdalucianaoliveira.com.br\/blog\/wp-json\/wp\/v2\/types\/post"}],"author":[{"embeddable":true,"href":"http:\/\/blogdalucianaoliveira.com.br\/blog\/wp-json\/wp\/v2\/users\/1"}],"replies":[{"embeddable":true,"href":"http:\/\/blogdalucianaoliveira.com.br\/blog\/wp-json\/wp\/v2\/comments?post=19079"}],"version-history":[{"count":1,"href":"http:\/\/blogdalucianaoliveira.com.br\/blog\/wp-json\/wp\/v2\/posts\/19079\/revisions"}],"predecessor-version":[{"id":19081,"href":"http:\/\/blogdalucianaoliveira.com.br\/blog\/wp-json\/wp\/v2\/posts\/19079\/revisions\/19081"}],"wp:attachment":[{"href":"http:\/\/blogdalucianaoliveira.com.br\/blog\/wp-json\/wp\/v2\/media?parent=19079"}],"wp:term":[{"taxonomy":"category","embeddable":true,"href":"http:\/\/blogdalucianaoliveira.com.br\/blog\/wp-json\/wp\/v2\/categories?post=19079"},{"taxonomy":"post_tag","embeddable":true,"href":"http:\/\/blogdalucianaoliveira.com.br\/blog\/wp-json\/wp\/v2\/tags?post=19079"}],"curies":[{"name":"wp","href":"https:\/\/api.w.org\/{rel}","templated":true}]}}