{"id":19094,"date":"2018-10-16T14:11:38","date_gmt":"2018-10-16T18:11:38","guid":{"rendered":"http:\/\/blogdalucianaoliveira.com.br\/blog\/?p=19094"},"modified":"2018-10-16T15:00:21","modified_gmt":"2018-10-16T19:00:21","slug":"nao-vou-escolher-entre-o-ovo-e-a-serpente","status":"publish","type":"post","link":"http:\/\/blogdalucianaoliveira.com.br\/blog\/2018\/10\/16\/nao-vou-escolher-entre-o-ovo-e-a-serpente\/","title":{"rendered":"N\u00e3o vou escolher entre o ovo e a serpente"},"content":{"rendered":"<p><img data-recalc-dims=\"1\" loading=\"lazy\" decoding=\"async\" data-attachment-id=\"19095\" data-permalink=\"http:\/\/blogdalucianaoliveira.com.br\/blog\/2018\/10\/16\/nao-vou-escolher-entre-o-ovo-e-a-serpente\/b23d2030-da37-478c-99db-19e200cefb7b\/\" data-orig-file=\"https:\/\/i0.wp.com\/blogdalucianaoliveira.com.br\/blog\/wp-content\/uploads\/2018\/10\/B23D2030-DA37-478C-99DB-19E200CEFB7B.jpeg?fit=650%2C275\" data-orig-size=\"650,275\" data-comments-opened=\"0\" data-image-meta=\"{&quot;aperture&quot;:&quot;0&quot;,&quot;credit&quot;:&quot;&quot;,&quot;camera&quot;:&quot;&quot;,&quot;caption&quot;:&quot;&quot;,&quot;created_timestamp&quot;:&quot;0&quot;,&quot;copyright&quot;:&quot;&quot;,&quot;focal_length&quot;:&quot;0&quot;,&quot;iso&quot;:&quot;0&quot;,&quot;shutter_speed&quot;:&quot;0&quot;,&quot;title&quot;:&quot;&quot;,&quot;orientation&quot;:&quot;0&quot;}\" data-image-title=\"B23D2030-DA37-478C-99DB-19E200CEFB7B\" data-image-description=\"\" data-image-caption=\"\" data-medium-file=\"https:\/\/i0.wp.com\/blogdalucianaoliveira.com.br\/blog\/wp-content\/uploads\/2018\/10\/B23D2030-DA37-478C-99DB-19E200CEFB7B.jpeg?fit=300%2C127\" data-large-file=\"https:\/\/i0.wp.com\/blogdalucianaoliveira.com.br\/blog\/wp-content\/uploads\/2018\/10\/B23D2030-DA37-478C-99DB-19E200CEFB7B.jpeg?fit=600%2C254\" src=\"https:\/\/i0.wp.com\/blogdalucianaoliveira.com.br\/blog\/wp-content\/uploads\/2018\/10\/B23D2030-DA37-478C-99DB-19E200CEFB7B.jpeg?resize=600%2C254\" alt=\"B23D2030-DA37-478C-99DB-19E200CEFB7B\" width=\"600\" height=\"254\" class=\"alignnone size-full wp-image-19095\" srcset=\"https:\/\/i0.wp.com\/blogdalucianaoliveira.com.br\/blog\/wp-content\/uploads\/2018\/10\/B23D2030-DA37-478C-99DB-19E200CEFB7B.jpeg?w=650 650w, https:\/\/i0.wp.com\/blogdalucianaoliveira.com.br\/blog\/wp-content\/uploads\/2018\/10\/B23D2030-DA37-478C-99DB-19E200CEFB7B.jpeg?resize=300%2C127 300w\" sizes=\"auto, (max-width: 600px) 100vw, 600px\" \/><\/p>\n<p>&#8211; Luciana, voc\u00ea \u00e9 uma mulher t\u00e3o inteligente e vai votar nulo para governo?<\/p>\n<p>O voto nulo \u00e9 um direito numa democracia.<\/p>\n<p>\u00c9 a op\u00e7\u00e3o para o eleitor que n\u00e3o tem a op\u00e7\u00e3o \u2018menos pior\u2019.<!--more--><\/p>\n<p>N\u00e3o se confunde com a covardia da neutralidade, sobretudo dos que t\u00eam o dever se posicionar diante do pior. <\/p>\n<p>Voto nulo, em branco ou absten\u00e7\u00e3o, s\u00e3o alternativas leg\u00edtimas a quem n\u00e3o quer legitimar um ou outro candidato como representante do povo.<\/p>\n<p>\u00c9 de crit\u00e9rio meramente ideol\u00f3gico o voto nulo.<\/p>\n<p>E d\u00f3i fazer essa escolha, acredite.<\/p>\n<p>Quando anunciei meu primeiro e espero que \u00faltimo voto nulo, n\u00e3o o fiz como sugest\u00e3o a ningu\u00e9m.<br \/>\nTemos dois candidatos e ambos apoiam Jair Bolsonaro \u00e0 presid\u00eancia da rep\u00fablica.<\/p>\n<p>O coronel Marcos Rocha ser\u00e1 uma desgra\u00e7a para Rond\u00f4nia, sobretudo porque \u00e9 um estado que est\u00e1 sempre no topo das estat\u00edsticas de mortes por conflitos agr\u00e1rios. Se diz como Bolsonaro, logo, o pior est\u00e1 por vir.<\/p>\n<p>Expedito Jr., ex-senador cassado, \u00e9, quem estiver mais pr\u00f3ximo do poder. N\u00e3o titubearia em se acomodar \u00e0 nova \u2018ordem\u2019 de um governo reacion\u00e1rio e autorit\u00e1rio com a mesma motiva\u00e7\u00e3o oportunista: manter apoio pol\u00edtico e aprova\u00e7\u00e3o popular.<\/p>\n<p>Ambos t\u00eam por tr\u00e1s de suas campanhas for\u00e7as pol\u00edticas nefastas.<\/p>\n<p>N\u00e3o emburreci por decidir votar nulo.<\/p>\n<p>S\u00f3 n\u00e3o quero escolher entre o ovo e a serpente.<\/p>\n<p>Quem calcula como \u00fatil o voto num para impedir outro e que me chama aten\u00e7\u00e3o para fazer o mesmo, deveria ter se dedicado no primeiro turno para eleger o candidato que segundo seus c\u00e1lculos, seria o menos pior e com mais chances de passar de fase. <\/p>\n<p>Errou feio em n\u00e3o prever o candidato do PSL na final da disputa majorit\u00e1ria.<\/p>\n<p>Ele estava aqui o tempo todo e ningu\u00e9m viu. <\/p>\n<p>Todos fracassamos ao subestimar o \u00f3bvio que saltava aos olhos.<\/p>\n<p>Agora \u00e9 tarde para impedir a serpentinha ou a serpentona e como bom calculista, deve saber disso.<\/p>\n<p>O ovo est\u00e1 sendo chocado e voc\u00ea n\u00e3o viu.<\/p>\n<p>Por que devo seguir tua orienta\u00e7\u00e3o?<\/p>\n<p>Quem tanto se dedica a promover a obviedade, falha na interpreta\u00e7\u00e3o do comportamento humano num cen\u00e1rio pol\u00edtico de del\u00edrio.<\/p>\n<p>Meu voto nulo d\u00f3i e nenhum cientista pode calcular quanto.<\/p>\n<p>Entrei em lutas insanas com ineg\u00e1vel injusta paridade de armas, mas com valores intactos.<\/p>\n<p>Dizer n\u00e3o no segundo turno desta elei\u00e7\u00e3o \u00e9 direito de resposta por n\u00e3o me sentir representada pelos candidatos em disputa.<\/p>\n<p>O que tiver que acontecer, n\u00e3o ser\u00e1 por culpa do meu voto nulo. <\/p>\n<p>Lutei e lutarei sempre contra quem apoie Bolsonaro.<\/p>\n","protected":false},"excerpt":{"rendered":"<p>&#8211; Luciana, voc\u00ea \u00e9 uma mulher t\u00e3o inteligente e vai votar nulo para governo? O voto nulo \u00e9 um direito numa democracia. \u00c9 a op\u00e7\u00e3o para o eleitor que n\u00e3o tem a op\u00e7\u00e3o \u2018menos pior\u2019.<\/p>\n","protected":false},"author":1,"featured_media":0,"comment_status":"closed","ping_status":"open","sticky":false,"template":"","format":"standard","meta":{"_exactmetrics_skip_tracking":false,"_exactmetrics_sitenote_active":false,"_exactmetrics_sitenote_note":"","_exactmetrics_sitenote_category":0,"jetpack_post_was_ever_published":false,"_jetpack_newsletter_access":"","_jetpack_dont_email_post_to_subs":false,"_jetpack_newsletter_tier_id":0,"_jetpack_memberships_contains_paywalled_content":false,"_jetpack_memberships_contains_paid_content":false,"footnotes":"","jetpack_publicize_message":"","jetpack_publicize_feature_enabled":true,"jetpack_social_post_already_shared":true,"jetpack_social_options":{"image_generator_settings":{"template":"highway","enabled":false},"version":2}},"categories":[1],"tags":[],"class_list":["post-19094","post","type-post","status-publish","format-standard","hentry","category-notas"],"jetpack_publicize_connections":[],"jetpack_sharing_enabled":true,"jetpack_featured_media_url":"","jetpack_shortlink":"https:\/\/wp.me\/p7wKYW-4XY","jetpack-related-posts":[],"_links":{"self":[{"href":"http:\/\/blogdalucianaoliveira.com.br\/blog\/wp-json\/wp\/v2\/posts\/19094","targetHints":{"allow":["GET"]}}],"collection":[{"href":"http:\/\/blogdalucianaoliveira.com.br\/blog\/wp-json\/wp\/v2\/posts"}],"about":[{"href":"http:\/\/blogdalucianaoliveira.com.br\/blog\/wp-json\/wp\/v2\/types\/post"}],"author":[{"embeddable":true,"href":"http:\/\/blogdalucianaoliveira.com.br\/blog\/wp-json\/wp\/v2\/users\/1"}],"replies":[{"embeddable":true,"href":"http:\/\/blogdalucianaoliveira.com.br\/blog\/wp-json\/wp\/v2\/comments?post=19094"}],"version-history":[{"count":2,"href":"http:\/\/blogdalucianaoliveira.com.br\/blog\/wp-json\/wp\/v2\/posts\/19094\/revisions"}],"predecessor-version":[{"id":19097,"href":"http:\/\/blogdalucianaoliveira.com.br\/blog\/wp-json\/wp\/v2\/posts\/19094\/revisions\/19097"}],"wp:attachment":[{"href":"http:\/\/blogdalucianaoliveira.com.br\/blog\/wp-json\/wp\/v2\/media?parent=19094"}],"wp:term":[{"taxonomy":"category","embeddable":true,"href":"http:\/\/blogdalucianaoliveira.com.br\/blog\/wp-json\/wp\/v2\/categories?post=19094"},{"taxonomy":"post_tag","embeddable":true,"href":"http:\/\/blogdalucianaoliveira.com.br\/blog\/wp-json\/wp\/v2\/tags?post=19094"}],"curies":[{"name":"wp","href":"https:\/\/api.w.org\/{rel}","templated":true}]}}