{"id":191,"date":"2016-05-04T12:28:50","date_gmt":"2016-05-04T16:28:50","guid":{"rendered":"http:\/\/blogdalucianaoliveira.com.br\/blog\/?p=191"},"modified":"2016-05-04T12:28:50","modified_gmt":"2016-05-04T16:28:50","slug":"eu-lavo-as-minhas-maos","status":"publish","type":"post","link":"http:\/\/blogdalucianaoliveira.com.br\/blog\/2016\/05\/04\/eu-lavo-as-minhas-maos\/","title":{"rendered":"Eu lavo as minhas m\u00e3os"},"content":{"rendered":"<p><img data-recalc-dims=\"1\" loading=\"lazy\" decoding=\"async\" data-attachment-id=\"192\" data-permalink=\"http:\/\/blogdalucianaoliveira.com.br\/blog\/2016\/05\/04\/eu-lavo-as-minhas-maos\/image-21\/\" data-orig-file=\"https:\/\/i0.wp.com\/blogdalucianaoliveira.com.br\/blog\/wp-content\/uploads\/2016\/05\/image-18.jpeg?fit=460%2C320\" data-orig-size=\"460,320\" data-comments-opened=\"0\" data-image-meta=\"{&quot;aperture&quot;:&quot;0&quot;,&quot;credit&quot;:&quot;&quot;,&quot;camera&quot;:&quot;&quot;,&quot;caption&quot;:&quot;&quot;,&quot;created_timestamp&quot;:&quot;0&quot;,&quot;copyright&quot;:&quot;&quot;,&quot;focal_length&quot;:&quot;0&quot;,&quot;iso&quot;:&quot;0&quot;,&quot;shutter_speed&quot;:&quot;0&quot;,&quot;title&quot;:&quot;&quot;,&quot;orientation&quot;:&quot;0&quot;}\" data-image-title=\"image\" data-image-description=\"\" data-image-caption=\"\" data-medium-file=\"https:\/\/i0.wp.com\/blogdalucianaoliveira.com.br\/blog\/wp-content\/uploads\/2016\/05\/image-18.jpeg?fit=300%2C209\" data-large-file=\"https:\/\/i0.wp.com\/blogdalucianaoliveira.com.br\/blog\/wp-content\/uploads\/2016\/05\/image-18.jpeg?fit=460%2C320\" class=\"alignnone size-full wp-image-192\" src=\"https:\/\/i0.wp.com\/blogdalucianaoliveira.com.br\/blog\/wp-content\/uploads\/2016\/05\/image-18.jpeg?resize=460%2C320\" alt=\"image\" width=\"460\" height=\"320\" srcset=\"https:\/\/i0.wp.com\/blogdalucianaoliveira.com.br\/blog\/wp-content\/uploads\/2016\/05\/image-18.jpeg?w=460 460w, https:\/\/i0.wp.com\/blogdalucianaoliveira.com.br\/blog\/wp-content\/uploads\/2016\/05\/image-18.jpeg?resize=300%2C209 300w, https:\/\/i0.wp.com\/blogdalucianaoliveira.com.br\/blog\/wp-content\/uploads\/2016\/05\/image-18.jpeg?resize=431%2C300 431w\" sizes=\"auto, (max-width: 460px) 100vw, 460px\" \/><\/p>\n<p>Jornal do Brasil<br \/>\nO vice-presidente Michel Temer (PMDB-SP) n\u00e3o quer entrar no debate sobre a necessidade de afastamento ou cassa\u00e7\u00e3o do correligion\u00e1rio presidente da C\u00e2mara, Eduardo Cunha (PMDB-RJ), r\u00e9u no STF por envolvimento com o &#8220;petrol\u00e3o&#8221;, que determinou a abertura do processo de impeachment contra a presidente Dilma Rousseff. &#8220;Nem para ajudar nem para atrapalhar&#8221;, garante Temer. Para o vice, Cunha \u00e9 assunto do judici\u00e1rio e do Conselho de \u00c9tica. &#8220;N\u00e3o cabe a mim, por demagogia, atac\u00e1-lo.&#8221;<\/p>\n","protected":false},"excerpt":{"rendered":"<p>Jornal do Brasil O vice-presidente Michel Temer (PMDB-SP) n\u00e3o quer entrar no debate sobre a necessidade de afastamento ou cassa\u00e7\u00e3o do correligion\u00e1rio presidente da C\u00e2mara, Eduardo Cunha (PMDB-RJ), r\u00e9u no STF por envolvimento com o &#8220;petrol\u00e3o&#8221;, que determinou a abertura do processo de impeachment contra a presidente Dilma Rousseff. &#8220;Nem para ajudar nem para atrapalhar&#8221;,&#8230;<a class=\"more-link\" href=\"http:\/\/blogdalucianaoliveira.com.br\/blog\/2016\/05\/04\/eu-lavo-as-minhas-maos\/\">Continue a leitura <span class=\"meta-nav\">&raquo;<\/span><\/a><\/p>\n","protected":false},"author":1,"featured_media":0,"comment_status":"closed","ping_status":"open","sticky":false,"template":"","format":"standard","meta":{"_exactmetrics_skip_tracking":false,"_exactmetrics_sitenote_active":false,"_exactmetrics_sitenote_note":"","_exactmetrics_sitenote_category":0,"jetpack_post_was_ever_published":false,"_jetpack_newsletter_access":"","_jetpack_dont_email_post_to_subs":false,"_jetpack_newsletter_tier_id":0,"_jetpack_memberships_contains_paywalled_content":false,"_jetpack_memberships_contains_paid_content":false,"footnotes":"","jetpack_publicize_message":"","jetpack_publicize_feature_enabled":true,"jetpack_social_post_already_shared":false,"jetpack_social_options":{"image_generator_settings":{"template":"highway","enabled":false},"version":2}},"categories":[1],"tags":[],"class_list":["post-191","post","type-post","status-publish","format-standard","hentry","category-notas"],"jetpack_publicize_connections":[],"jetpack_sharing_enabled":true,"jetpack_featured_media_url":"","jetpack_shortlink":"https:\/\/wp.me\/p7wKYW-35","jetpack-related-posts":[],"_links":{"self":[{"href":"http:\/\/blogdalucianaoliveira.com.br\/blog\/wp-json\/wp\/v2\/posts\/191","targetHints":{"allow":["GET"]}}],"collection":[{"href":"http:\/\/blogdalucianaoliveira.com.br\/blog\/wp-json\/wp\/v2\/posts"}],"about":[{"href":"http:\/\/blogdalucianaoliveira.com.br\/blog\/wp-json\/wp\/v2\/types\/post"}],"author":[{"embeddable":true,"href":"http:\/\/blogdalucianaoliveira.com.br\/blog\/wp-json\/wp\/v2\/users\/1"}],"replies":[{"embeddable":true,"href":"http:\/\/blogdalucianaoliveira.com.br\/blog\/wp-json\/wp\/v2\/comments?post=191"}],"version-history":[{"count":1,"href":"http:\/\/blogdalucianaoliveira.com.br\/blog\/wp-json\/wp\/v2\/posts\/191\/revisions"}],"predecessor-version":[{"id":193,"href":"http:\/\/blogdalucianaoliveira.com.br\/blog\/wp-json\/wp\/v2\/posts\/191\/revisions\/193"}],"wp:attachment":[{"href":"http:\/\/blogdalucianaoliveira.com.br\/blog\/wp-json\/wp\/v2\/media?parent=191"}],"wp:term":[{"taxonomy":"category","embeddable":true,"href":"http:\/\/blogdalucianaoliveira.com.br\/blog\/wp-json\/wp\/v2\/categories?post=191"},{"taxonomy":"post_tag","embeddable":true,"href":"http:\/\/blogdalucianaoliveira.com.br\/blog\/wp-json\/wp\/v2\/tags?post=191"}],"curies":[{"name":"wp","href":"https:\/\/api.w.org\/{rel}","templated":true}]}}