{"id":19106,"date":"2018-10-17T09:44:23","date_gmt":"2018-10-17T13:44:23","guid":{"rendered":"http:\/\/blogdalucianaoliveira.com.br\/blog\/?p=19106"},"modified":"2018-10-17T09:44:23","modified_gmt":"2018-10-17T13:44:23","slug":"isencao-sob-a-otica-do-candidato-e-seu-eleitorado","status":"publish","type":"post","link":"http:\/\/blogdalucianaoliveira.com.br\/blog\/2018\/10\/17\/isencao-sob-a-otica-do-candidato-e-seu-eleitorado\/","title":{"rendered":"&#8216;Isen\u00e7\u00e3o&#8217; sob a \u00f3tica do candidato e seu eleitorado"},"content":{"rendered":"<p><img data-recalc-dims=\"1\" loading=\"lazy\" decoding=\"async\" data-attachment-id=\"19107\" data-permalink=\"http:\/\/blogdalucianaoliveira.com.br\/blog\/2018\/10\/17\/isencao-sob-a-otica-do-candidato-e-seu-eleitorado\/nti\/\" data-orig-file=\"https:\/\/i0.wp.com\/blogdalucianaoliveira.com.br\/blog\/wp-content\/uploads\/2018\/10\/nti.jpg?fit=750%2C704\" data-orig-size=\"750,704\" data-comments-opened=\"0\" data-image-meta=\"{&quot;aperture&quot;:&quot;0&quot;,&quot;credit&quot;:&quot;&quot;,&quot;camera&quot;:&quot;&quot;,&quot;caption&quot;:&quot;&quot;,&quot;created_timestamp&quot;:&quot;0&quot;,&quot;copyright&quot;:&quot;&quot;,&quot;focal_length&quot;:&quot;0&quot;,&quot;iso&quot;:&quot;0&quot;,&quot;shutter_speed&quot;:&quot;0&quot;,&quot;title&quot;:&quot;&quot;,&quot;orientation&quot;:&quot;0&quot;}\" data-image-title=\"nti\" data-image-description=\"\" data-image-caption=\"\" data-medium-file=\"https:\/\/i0.wp.com\/blogdalucianaoliveira.com.br\/blog\/wp-content\/uploads\/2018\/10\/nti.jpg?fit=300%2C282\" data-large-file=\"https:\/\/i0.wp.com\/blogdalucianaoliveira.com.br\/blog\/wp-content\/uploads\/2018\/10\/nti.jpg?fit=600%2C563\" src=\"https:\/\/i0.wp.com\/blogdalucianaoliveira.com.br\/blog\/wp-content\/uploads\/2018\/10\/nti.jpg?resize=600%2C563\" alt=\"nti\" width=\"600\" height=\"563\" class=\"alignnone size-full wp-image-19107\" srcset=\"https:\/\/i0.wp.com\/blogdalucianaoliveira.com.br\/blog\/wp-content\/uploads\/2018\/10\/nti.jpg?w=750 750w, https:\/\/i0.wp.com\/blogdalucianaoliveira.com.br\/blog\/wp-content\/uploads\/2018\/10\/nti.jpg?resize=300%2C282 300w, https:\/\/i0.wp.com\/blogdalucianaoliveira.com.br\/blog\/wp-content\/uploads\/2018\/10\/nti.jpg?resize=320%2C300 320w\" sizes=\"auto, (max-width: 600px) 100vw, 600px\" \/><\/p>\n<p>Imagine a revolta se Fernando Haddad, candidato \u00e0 presid\u00eancia pelo PT, dissesse que s\u00f3 iria nomear para comandar a Procuradoria Geral da Rep\u00fablica quem tivesse vi\u00e9s ideol\u00f3gico de esquerda.<\/p>\n<p>Imaginou?<\/p>\n<p>Pois, foi o que Jair Bolsonaro, do PSL, disse que vai fazer s\u00f3 que com vi\u00e9s ideol\u00f3gico de direita.<\/p>\n<p>Isso mesmo, PGR com Partido.<!--more--><\/p>\n<p>&#8220;O crit\u00e9rio, segundo ele, ser\u00e1 a isen\u00e7\u00e3o. &#8220;O crit\u00e9rio \u00e9 a isen\u00e7\u00e3o.&#8221;<\/p>\n<p>Jornalistas ainda o questionaram: Como assim isen\u00e7\u00e3o se o senhor diz na cara dura que vai priorizar algu\u00e9m que defenda o seu posicionamento \u00e0 direita?<\/p>\n<p>Agora me responda, cad\u00ea a histeria por causa da declara\u00e7\u00e3o dele?<\/p>\n","protected":false},"excerpt":{"rendered":"<p>Imagine a revolta se Fernando Haddad, candidato \u00e0 presid\u00eancia pelo PT, dissesse que s\u00f3 iria nomear para comandar a Procuradoria Geral da Rep\u00fablica quem tivesse vi\u00e9s ideol\u00f3gico de esquerda. Imaginou? Pois, foi o que Jair Bolsonaro, do PSL, disse que vai fazer s\u00f3 que com vi\u00e9s ideol\u00f3gico de direita. Isso mesmo, PGR com Partido.<\/p>\n","protected":false},"author":1,"featured_media":0,"comment_status":"closed","ping_status":"open","sticky":false,"template":"","format":"standard","meta":{"_exactmetrics_skip_tracking":false,"_exactmetrics_sitenote_active":false,"_exactmetrics_sitenote_note":"","_exactmetrics_sitenote_category":0,"jetpack_post_was_ever_published":false,"_jetpack_newsletter_access":"","_jetpack_dont_email_post_to_subs":false,"_jetpack_newsletter_tier_id":0,"_jetpack_memberships_contains_paywalled_content":false,"_jetpack_memberships_contains_paid_content":false,"footnotes":"","jetpack_publicize_message":"","jetpack_publicize_feature_enabled":true,"jetpack_social_post_already_shared":true,"jetpack_social_options":{"image_generator_settings":{"template":"highway","enabled":false},"version":2}},"categories":[1],"tags":[],"class_list":["post-19106","post","type-post","status-publish","format-standard","hentry","category-notas"],"jetpack_publicize_connections":[],"jetpack_sharing_enabled":true,"jetpack_featured_media_url":"","jetpack_shortlink":"https:\/\/wp.me\/p7wKYW-4Ya","jetpack-related-posts":[],"_links":{"self":[{"href":"http:\/\/blogdalucianaoliveira.com.br\/blog\/wp-json\/wp\/v2\/posts\/19106","targetHints":{"allow":["GET"]}}],"collection":[{"href":"http:\/\/blogdalucianaoliveira.com.br\/blog\/wp-json\/wp\/v2\/posts"}],"about":[{"href":"http:\/\/blogdalucianaoliveira.com.br\/blog\/wp-json\/wp\/v2\/types\/post"}],"author":[{"embeddable":true,"href":"http:\/\/blogdalucianaoliveira.com.br\/blog\/wp-json\/wp\/v2\/users\/1"}],"replies":[{"embeddable":true,"href":"http:\/\/blogdalucianaoliveira.com.br\/blog\/wp-json\/wp\/v2\/comments?post=19106"}],"version-history":[{"count":1,"href":"http:\/\/blogdalucianaoliveira.com.br\/blog\/wp-json\/wp\/v2\/posts\/19106\/revisions"}],"predecessor-version":[{"id":19108,"href":"http:\/\/blogdalucianaoliveira.com.br\/blog\/wp-json\/wp\/v2\/posts\/19106\/revisions\/19108"}],"wp:attachment":[{"href":"http:\/\/blogdalucianaoliveira.com.br\/blog\/wp-json\/wp\/v2\/media?parent=19106"}],"wp:term":[{"taxonomy":"category","embeddable":true,"href":"http:\/\/blogdalucianaoliveira.com.br\/blog\/wp-json\/wp\/v2\/categories?post=19106"},{"taxonomy":"post_tag","embeddable":true,"href":"http:\/\/blogdalucianaoliveira.com.br\/blog\/wp-json\/wp\/v2\/tags?post=19106"}],"curies":[{"name":"wp","href":"https:\/\/api.w.org\/{rel}","templated":true}]}}