{"id":19109,"date":"2018-10-17T09:50:48","date_gmt":"2018-10-17T13:50:48","guid":{"rendered":"http:\/\/blogdalucianaoliveira.com.br\/blog\/?p=19109"},"modified":"2018-10-17T09:50:48","modified_gmt":"2018-10-17T13:50:48","slug":"assassinato-de-travesti-em-sao-paulo-ganha-matiz-politico-a-vespera-da-eleicao","status":"publish","type":"post","link":"http:\/\/blogdalucianaoliveira.com.br\/blog\/2018\/10\/17\/assassinato-de-travesti-em-sao-paulo-ganha-matiz-politico-a-vespera-da-eleicao\/","title":{"rendered":"Assassinato de travesti em S\u00e3o Paulo ganha matiz pol\u00edtico \u00e0 v\u00e9spera da elei\u00e7\u00e3o"},"content":{"rendered":"<p><img data-recalc-dims=\"1\" loading=\"lazy\" decoding=\"async\" data-attachment-id=\"19110\" data-permalink=\"http:\/\/blogdalucianaoliveira.com.br\/blog\/2018\/10\/17\/assassinato-de-travesti-em-sao-paulo-ganha-matiz-politico-a-vespera-da-eleicao\/trav-2\/\" data-orig-file=\"https:\/\/i0.wp.com\/blogdalucianaoliveira.com.br\/blog\/wp-content\/uploads\/2018\/10\/trav.jpg?fit=1960%2C1102\" data-orig-size=\"1960,1102\" data-comments-opened=\"0\" data-image-meta=\"{&quot;aperture&quot;:&quot;0&quot;,&quot;credit&quot;:&quot;&quot;,&quot;camera&quot;:&quot;&quot;,&quot;caption&quot;:&quot;&quot;,&quot;created_timestamp&quot;:&quot;0&quot;,&quot;copyright&quot;:&quot;&quot;,&quot;focal_length&quot;:&quot;0&quot;,&quot;iso&quot;:&quot;0&quot;,&quot;shutter_speed&quot;:&quot;0&quot;,&quot;title&quot;:&quot;&quot;,&quot;orientation&quot;:&quot;0&quot;}\" data-image-title=\"trav\" data-image-description=\"\" data-image-caption=\"\" data-medium-file=\"https:\/\/i0.wp.com\/blogdalucianaoliveira.com.br\/blog\/wp-content\/uploads\/2018\/10\/trav.jpg?fit=300%2C169\" data-large-file=\"https:\/\/i0.wp.com\/blogdalucianaoliveira.com.br\/blog\/wp-content\/uploads\/2018\/10\/trav.jpg?fit=600%2C338\" src=\"https:\/\/i0.wp.com\/blogdalucianaoliveira.com.br\/blog\/wp-content\/uploads\/2018\/10\/trav.jpg?resize=600%2C337\" alt=\"trav\" width=\"600\" height=\"337\" class=\"alignnone size-full wp-image-19110\" srcset=\"https:\/\/i0.wp.com\/blogdalucianaoliveira.com.br\/blog\/wp-content\/uploads\/2018\/10\/trav.jpg?w=1960 1960w, https:\/\/i0.wp.com\/blogdalucianaoliveira.com.br\/blog\/wp-content\/uploads\/2018\/10\/trav.jpg?resize=300%2C169 300w, https:\/\/i0.wp.com\/blogdalucianaoliveira.com.br\/blog\/wp-content\/uploads\/2018\/10\/trav.jpg?resize=768%2C432 768w, https:\/\/i0.wp.com\/blogdalucianaoliveira.com.br\/blog\/wp-content\/uploads\/2018\/10\/trav.jpg?resize=1024%2C576 1024w, https:\/\/i0.wp.com\/blogdalucianaoliveira.com.br\/blog\/wp-content\/uploads\/2018\/10\/trav.jpg?resize=534%2C300 534w, https:\/\/i0.wp.com\/blogdalucianaoliveira.com.br\/blog\/wp-content\/uploads\/2018\/10\/trav.jpg?w=1200 1200w, https:\/\/i0.wp.com\/blogdalucianaoliveira.com.br\/blog\/wp-content\/uploads\/2018\/10\/trav.jpg?w=1800 1800w\" sizes=\"auto, (max-width: 600px) 100vw, 600px\" \/><\/p>\n<p>Segundo testemunhas, v\u00edtima foi esfaqueada ap\u00f3s discuss\u00e3o em frente a um bar no centro da cidade. \u2018Com Bolsonaro, a ca\u00e7a aos viados vai ser legalizada\u2019, teria dito um dos agressores<!--more--><\/p>\n<p>No El Pa\u00eds<\/p>\n<p>Uma travesti identificada, at\u00e9 o momento, como Priscila foi morta a facadas no Largo do Arouche, centro de S\u00e3o Paulo, na madrugada desta ter\u00e7a-feira, 16. Segundo uma testemunha que preferiu n\u00e3o se identificar, ela ouviu do apartamento os gritos de socorro. \u201c\u00c9 bem comum discuss\u00e3o aqui nessa regi\u00e3o. Sempre tem um vidro quebrando, garrafa. N\u00e3o \u00e9 a primeira vez que acontece. O problema \u00e9 que dessa vez estava bem alto. Eu abri a janela e consegui ver que tinha umas quatro ou cinco pessoas discutindo na frente do bar\u201d, disse. \u201cEstavam gritando, chamando de prostituta, vagabunda, agress\u00f5es verbais que n\u00e3o lembro. E ouvi, sim, o nome de Bolsonaro nessa hora, de \u2018Bolsonaro presidente\u2019, essas coisas\u201d, relata.<\/p>\n<p>Com medo, decidiu fechar a janela. De acordo com as informa\u00e7\u00f5es de investigadores do caso, os golpes de faca foram feitos ainda na porta do bar. Na sequ\u00eancia, uma outra testemunha que estava pr\u00f3xima ao Hotel San Raphael, no Largo do Arouche, conta que a v\u00edtima foi cambaleando para a frente do local, se apoiou em uma porta de vidro e acabou caindo perto do tapete do estabelecimento.<\/p>\n<p>\u201cNo meio da briga, ouvi \u2018com Bolsonaro presidente, a ca\u00e7a aos viados vai ser legalizada&#8217;\u201d, afirma uma testemunha que tamb\u00e9m pediu para n\u00e3o se identificar.<\/p>\n<p>A travesti foi socorrida e levada at\u00e9 a Santa Casa de Miseric\u00f3rdia, tamb\u00e9m no centro da capital paulista, mas morreu no caminho. No momento da chegada da Pol\u00edcia Militar ao local, n\u00e3o havia documento de identifica\u00e7\u00e3o da v\u00edtima. O corpo foi levado ao IML (Instituto M\u00e9dico Legal) e, de acordo com as investiga\u00e7\u00f5es, at\u00e9 o in\u00edcio da noite desta ter\u00e7a-feira n\u00e3o havia sido reconhecido. A SSP-SP (Secretaria de Seguran\u00e7a P\u00fablica de S\u00e3o Paulo) informou, em nota, que um inqu\u00e9rito foi aberto no 3\u00ba Distrito Policial, nos Campos El\u00edseos, e que \u201cdilig\u00eancias est\u00e3o nas ruas procurando testemunhas e imagens de c\u00e2meras de seguran\u00e7a que possam auxiliar na identifica\u00e7\u00e3o da autoria do crime\u201d. A Ponte entrou em contato com o hotel e, por telefone, um atendente informou que a Pol\u00edcia Civil j\u00e1 est\u00e1 com imagens de c\u00e2meras que possam ajudar a elucidar o caso.<\/p>\n","protected":false},"excerpt":{"rendered":"<p>Segundo testemunhas, v\u00edtima foi esfaqueada ap\u00f3s discuss\u00e3o em frente a um bar no centro da cidade. \u2018Com Bolsonaro, a ca\u00e7a aos viados vai ser legalizada\u2019, teria dito um dos agressores<\/p>\n","protected":false},"author":1,"featured_media":0,"comment_status":"closed","ping_status":"open","sticky":false,"template":"","format":"standard","meta":{"_exactmetrics_skip_tracking":false,"_exactmetrics_sitenote_active":false,"_exactmetrics_sitenote_note":"","_exactmetrics_sitenote_category":0,"jetpack_post_was_ever_published":false,"_jetpack_newsletter_access":"","_jetpack_dont_email_post_to_subs":false,"_jetpack_newsletter_tier_id":0,"_jetpack_memberships_contains_paywalled_content":false,"_jetpack_memberships_contains_paid_content":false,"footnotes":"","jetpack_publicize_message":"","jetpack_publicize_feature_enabled":true,"jetpack_social_post_already_shared":true,"jetpack_social_options":{"image_generator_settings":{"template":"highway","enabled":false},"version":2}},"categories":[1],"tags":[],"class_list":["post-19109","post","type-post","status-publish","format-standard","hentry","category-notas"],"jetpack_publicize_connections":[],"jetpack_sharing_enabled":true,"jetpack_featured_media_url":"","jetpack_shortlink":"https:\/\/wp.me\/p7wKYW-4Yd","jetpack-related-posts":[],"_links":{"self":[{"href":"http:\/\/blogdalucianaoliveira.com.br\/blog\/wp-json\/wp\/v2\/posts\/19109","targetHints":{"allow":["GET"]}}],"collection":[{"href":"http:\/\/blogdalucianaoliveira.com.br\/blog\/wp-json\/wp\/v2\/posts"}],"about":[{"href":"http:\/\/blogdalucianaoliveira.com.br\/blog\/wp-json\/wp\/v2\/types\/post"}],"author":[{"embeddable":true,"href":"http:\/\/blogdalucianaoliveira.com.br\/blog\/wp-json\/wp\/v2\/users\/1"}],"replies":[{"embeddable":true,"href":"http:\/\/blogdalucianaoliveira.com.br\/blog\/wp-json\/wp\/v2\/comments?post=19109"}],"version-history":[{"count":1,"href":"http:\/\/blogdalucianaoliveira.com.br\/blog\/wp-json\/wp\/v2\/posts\/19109\/revisions"}],"predecessor-version":[{"id":19111,"href":"http:\/\/blogdalucianaoliveira.com.br\/blog\/wp-json\/wp\/v2\/posts\/19109\/revisions\/19111"}],"wp:attachment":[{"href":"http:\/\/blogdalucianaoliveira.com.br\/blog\/wp-json\/wp\/v2\/media?parent=19109"}],"wp:term":[{"taxonomy":"category","embeddable":true,"href":"http:\/\/blogdalucianaoliveira.com.br\/blog\/wp-json\/wp\/v2\/categories?post=19109"},{"taxonomy":"post_tag","embeddable":true,"href":"http:\/\/blogdalucianaoliveira.com.br\/blog\/wp-json\/wp\/v2\/tags?post=19109"}],"curies":[{"name":"wp","href":"https:\/\/api.w.org\/{rel}","templated":true}]}}